{"id":135061,"date":"2025-09-13T10:51:45","date_gmt":"2025-09-13T13:51:45","guid":{"rendered":"https:\/\/revistaesperanzas.com\/web\/?p=135061"},"modified":"2025-09-13T10:51:45","modified_gmt":"2025-09-13T13:51:45","slug":"fallecio-el-nino-de-dos-anos-que-habia-ciado-a-una-pileta-en-carolina","status":"publish","type":"post","link":"https:\/\/revistaesperanzas.com\/web\/2025\/09\/fallecio-el-nino-de-dos-anos-que-habia-ciado-a-una-pileta-en-carolina\/","title":{"rendered":"FALLECI\u00d3 EL NI\u00d1O DE DOS A\u00d1OS QUE HAB\u00cdA C\u00cdADO A UNA PILETA EN CAROLINA"},"content":{"rendered":"<div>\n<p class=\"copete\">SUDAMERICANA.COM &#8211; &#8211; El peque\u00f1o estaba internado en grave estado en el Hospital Pedi\u00e1trico de Goya, donde no pudieron revertir la delicada situaci\u00f3n.<\/p>\n<\/div>\n<div class=\"fotos-y-videos\">\n<div class=\"tab-content\">\n<div id=\"fotos\" class=\"tab-pane fade in active\" role=\"tabpanel\"><\/div>\n<\/div>\n<\/div>\n<p>Un <strong>ni\u00f1o de dos a\u00f1os<\/strong>\u00a0falleci\u00f3 en la madrugada de este s\u00e1bado tras permanecer internado en estado cr\u00edtico en el\u00a0<strong>Hospital Pedi\u00e1trico \u201c\u00c1ngel de la Guarda\u201d\u00a0<\/strong>de Goya. El menor\u00a0<strong>hab\u00eda ca\u00eddo en una piscina<\/strong>\u00a0en la localidad de Carolina durante la tarde del viernes.<a href=\"https:\/\/revistaesperanzas.com\/web\/2025\/08\/hospital-pediatrico-angel-de-la-guarda\/hospital-pediatrico-goya-primeras-atenciones-5\/\" rel=\"attachment wp-att-132710\"><img loading=\"lazy\" decoding=\"async\" class=\"alignnone size-full wp-image-132710\" src=\"https:\/\/revistaesperanzas.com\/web\/wp-content\/uploads\/2025\/08\/hospital-pediatrico-Goya-primeras-atenciones-5.jpeg\" alt=\"\" width=\"1599\" height=\"899\" \/><\/a><\/p>\n<div class=\"cuerpo\">\n<p>De acuerdo con las primeras informaciones, el hecho ocurri\u00f3 cuando el ni\u00f1o, en un descuido de sus familiares, habr\u00eda cruzado a una vivienda vecina y cay\u00f3 al agua. Fue rescatado y trasladado de urgencia por personal de la Comisar\u00eda de Distrito de Carolina.<\/p>\n<p>Al llegar al hospital, los m\u00e9dicos constataron la gravedad del cuadro y lo asistieron de inmediato, aunque su estado era muy delicado. Finalmente, pese a los esfuerzos m\u00e9dicos, el peque\u00f1o no logr\u00f3 sobrevivir.<a href=\"https:\/\/revistaesperanzas.com\/web\/2025\/08\/hospital-pediatrico-angel-de-la-guarda\/hospital-pediatrico-goya-primeras-atenciones-6\/\" rel=\"attachment wp-att-132708\"><img loading=\"lazy\" decoding=\"async\" class=\"alignnone size-full wp-image-132708\" src=\"https:\/\/revistaesperanzas.com\/web\/wp-content\/uploads\/2025\/08\/hospital-pediatrico-Goya-primeras-atenciones-6.jpeg\" alt=\"\" width=\"1599\" height=\"899\" \/><\/a><\/p>\n<p>La noticia caus\u00f3 profunda consternaci\u00f3n en la comunidad de Carolina, donde familiares y allegados acompa\u00f1an a la familia en este dif\u00edcil momento.<\/p>\n<\/div>\n","protected":false},"excerpt":{"rendered":"<p>SUDAMERICANA.COM &#8211; &#8211; El peque\u00f1o estaba internado en grave estado en el Hospital Pedi\u00e1trico de Goya, donde no pudieron revertir la delicada situaci\u00f3n. Un ni\u00f1o de dos a\u00f1os\u00a0falleci\u00f3 en la madrugada de este s\u00e1bado tras permanecer internado en estado cr\u00edtico en el\u00a0Hospital Pedi\u00e1trico \u201c\u00c1ngel de la Guarda\u201d\u00a0de Goya. El menor\u00a0hab\u00eda ca\u00eddo en una piscina\u00a0en la [&hellip;]<\/p>\n","protected":false},"author":4,"featured_media":0,"comment_status":"closed","ping_status":"closed","sticky":false,"template":"","format":"standard","meta":{"footnotes":""},"categories":[45],"tags":[],"class_list":{"0":"post-135061","1":"post","2":"type-post","3":"status-publish","4":"format-standard","6":"category-locales"},"_links":{"self":[{"href":"https:\/\/revistaesperanzas.com\/web\/wp-json\/wp\/v2\/posts\/135061","targetHints":{"allow":["GET"]}}],"collection":[{"href":"https:\/\/revistaesperanzas.com\/web\/wp-json\/wp\/v2\/posts"}],"about":[{"href":"https:\/\/revistaesperanzas.com\/web\/wp-json\/wp\/v2\/types\/post"}],"author":[{"embeddable":true,"href":"https:\/\/revistaesperanzas.com\/web\/wp-json\/wp\/v2\/users\/4"}],"replies":[{"embeddable":true,"href":"https:\/\/revistaesperanzas.com\/web\/wp-json\/wp\/v2\/comments?post=135061"}],"version-history":[{"count":0,"href":"https:\/\/revistaesperanzas.com\/web\/wp-json\/wp\/v2\/posts\/135061\/revisions"}],"wp:attachment":[{"href":"https:\/\/revistaesperanzas.com\/web\/wp-json\/wp\/v2\/media?parent=135061"}],"wp:term":[{"taxonomy":"category","embeddable":true,"href":"https:\/\/revistaesperanzas.com\/web\/wp-json\/wp\/v2\/categories?post=135061"},{"taxonomy":"post_tag","embeddable":true,"href":"https:\/\/revistaesperanzas.com\/web\/wp-json\/wp\/v2\/tags?post=135061"}],"curies":[{"name":"wp","href":"https:\/\/api.w.org\/{rel}","templated":true}]}}