{"id":135065,"date":"2025-09-14T10:23:57","date_gmt":"2025-09-14T13:23:57","guid":{"rendered":"https:\/\/revistaesperanzas.com\/web\/?p=135065"},"modified":"2025-09-14T10:25:08","modified_gmt":"2025-09-14T13:25:08","slug":"135065","status":"publish","type":"post","link":"https:\/\/revistaesperanzas.com\/web\/2025\/09\/135065\/","title":{"rendered":"\u00a1\u00a1\u00a1 POR FAVOR &#8230; !!!  SI LO VEN, AVISEN"},"content":{"rendered":"<p><a href=\"https:\/\/revistaesperanzas.com\/web\/2025\/09\/135065\/whatsapp-image-2025-09-14-at-10-18-40\/\" rel=\"attachment wp-att-135067\"><img loading=\"lazy\" decoding=\"async\" class=\" wp-image-135067 alignleft\" src=\"https:\/\/revistaesperanzas.com\/web\/wp-content\/uploads\/2025\/09\/WhatsApp-Image-2025-09-14-at-10.18.40.jpeg\" alt=\"\" width=\"462\" height=\"821\" srcset=\"https:\/\/revistaesperanzas.com\/web\/wp-content\/uploads\/2025\/09\/WhatsApp-Image-2025-09-14-at-10.18.40.jpeg 720w, https:\/\/revistaesperanzas.com\/web\/wp-content\/uploads\/2025\/09\/WhatsApp-Image-2025-09-14-at-10.18.40-696x1237.jpeg 696w, https:\/\/revistaesperanzas.com\/web\/wp-content\/uploads\/2025\/09\/WhatsApp-Image-2025-09-14-at-10.18.40-236x420.jpeg 236w\" sizes=\"auto, (max-width: 462px) 100vw, 462px\" \/><\/a>Se solicita la colaboraci\u00f3n de la comunidad para dar con el paradero del menor L\u00d3PEZ FACUNDO JOEL, de 15 a\u00f1os de edad. El mismo se ausento de su hogar el d\u00eda s\u00e1bado 13 del actual en horas de la tarde. Cualquier informaci\u00f3n avisar al 911 o comisar\u00eda m\u00e1s cercana<\/p>\n","protected":false},"excerpt":{"rendered":"<p>Se solicita la colaboraci\u00f3n de la comunidad para dar con el paradero del menor L\u00d3PEZ FACUNDO JOEL, de 15 a\u00f1os de edad. El mismo se ausento de su hogar el d\u00eda s\u00e1bado 13 del actual en horas de la tarde. Cualquier informaci\u00f3n avisar al 911 o comisar\u00eda m\u00e1s cercana<\/p>\n","protected":false},"author":4,"featured_media":135066,"comment_status":"closed","ping_status":"closed","sticky":false,"template":"","format":"standard","meta":{"footnotes":""},"categories":[45],"tags":[],"class_list":{"0":"post-135065","1":"post","2":"type-post","3":"status-publish","4":"format-standard","5":"has-post-thumbnail","7":"category-locales"},"_links":{"self":[{"href":"https:\/\/revistaesperanzas.com\/web\/wp-json\/wp\/v2\/posts\/135065","targetHints":{"allow":["GET"]}}],"collection":[{"href":"https:\/\/revistaesperanzas.com\/web\/wp-json\/wp\/v2\/posts"}],"about":[{"href":"https:\/\/revistaesperanzas.com\/web\/wp-json\/wp\/v2\/types\/post"}],"author":[{"embeddable":true,"href":"https:\/\/revistaesperanzas.com\/web\/wp-json\/wp\/v2\/users\/4"}],"replies":[{"embeddable":true,"href":"https:\/\/revistaesperanzas.com\/web\/wp-json\/wp\/v2\/comments?post=135065"}],"version-history":[{"count":0,"href":"https:\/\/revistaesperanzas.com\/web\/wp-json\/wp\/v2\/posts\/135065\/revisions"}],"wp:featuredmedia":[{"embeddable":true,"href":"https:\/\/revistaesperanzas.com\/web\/wp-json\/wp\/v2\/media\/135066"}],"wp:attachment":[{"href":"https:\/\/revistaesperanzas.com\/web\/wp-json\/wp\/v2\/media?parent=135065"}],"wp:term":[{"taxonomy":"category","embeddable":true,"href":"https:\/\/revistaesperanzas.com\/web\/wp-json\/wp\/v2\/categories?post=135065"},{"taxonomy":"post_tag","embeddable":true,"href":"https:\/\/revistaesperanzas.com\/web\/wp-json\/wp\/v2\/tags?post=135065"}],"curies":[{"name":"wp","href":"https:\/\/api.w.org\/{rel}","templated":true}]}}