{"id":135070,"date":"2025-09-14T10:42:46","date_gmt":"2025-09-14T13:42:46","guid":{"rendered":"https:\/\/revistaesperanzas.com\/web\/?p=135070"},"modified":"2025-09-14T10:42:46","modified_gmt":"2025-09-14T13:42:46","slug":"el-intendente-mariano-hormaechea-recibio-a-los-pilotos-y-automoviles-protagonistas-de-la-historica-carrera","status":"publish","type":"post","link":"https:\/\/revistaesperanzas.com\/web\/2025\/09\/el-intendente-mariano-hormaechea-recibio-a-los-pilotos-y-automoviles-protagonistas-de-la-historica-carrera\/","title":{"rendered":"EL INTENDENTE MARIANO HORMAECHEA RECIBI\u00d3 A LOS PILOTOS Y AUTOM\u00d3VILES PROTAGONISTAS DE LA HIST\u00d3RICA CARRERA"},"content":{"rendered":"<p style=\"font-weight: 400;\">Direcci\u00f3n de Prensa &#8211;\u00a0GRAN PREMIO ARGENTINO HIST\u00d3RICO REGION MESOPOTAMIA<\/p>\n<p style=\"font-weight: 400;\">La ciudad de Goya marc\u00f3 el final de la etapa 2 del premio hist\u00f3rico, el Intendente Mariano<a href=\"https:\/\/revistaesperanzas.com\/web\/2025\/09\/el-intendente-mariano-hormaechea-recibio-a-los-pilotos-y-automoviles-protagonistas-de-la-historica-carrera\/prmio-argentino-region-mesopotamia-costa-surubi-4\/\" rel=\"attachment wp-att-135074\"><img loading=\"lazy\" decoding=\"async\" class=\" wp-image-135074 alignleft\" src=\"https:\/\/revistaesperanzas.com\/web\/wp-content\/uploads\/2025\/09\/PRMIO-ARGENTINO-REGION-MESOPOTAMIA-COSTA-SURUBI-4.jpg\" alt=\"\" width=\"400\" height=\"180\" srcset=\"https:\/\/revistaesperanzas.com\/web\/wp-content\/uploads\/2025\/09\/PRMIO-ARGENTINO-REGION-MESOPOTAMIA-COSTA-SURUBI-4.jpg 1600w, https:\/\/revistaesperanzas.com\/web\/wp-content\/uploads\/2025\/09\/PRMIO-ARGENTINO-REGION-MESOPOTAMIA-COSTA-SURUBI-4-696x313.jpg 696w, https:\/\/revistaesperanzas.com\/web\/wp-content\/uploads\/2025\/09\/PRMIO-ARGENTINO-REGION-MESOPOTAMIA-COSTA-SURUBI-4-1068x481.jpg 1068w, https:\/\/revistaesperanzas.com\/web\/wp-content\/uploads\/2025\/09\/PRMIO-ARGENTINO-REGION-MESOPOTAMIA-COSTA-SURUBI-4-933x420.jpg 933w\" sizes=\"auto, (max-width: 400px) 100vw, 400px\" \/><\/a> Hormaechea acompa\u00f1ado del Secretario de Turismo Sebasti\u00e1n Candia y el Vicepresidente 2\u00ba del Autom\u00f3vil Club Argentino, entidad organizadora del gran premio, Jorge Revello, bajaron la bandera a cuadros, en el Predio Costa Surub\u00ed, punto de llegada de la etapa 2.<a href=\"https:\/\/revistaesperanzas.com\/web\/2025\/09\/el-intendente-mariano-hormaechea-recibio-a-los-pilotos-y-automoviles-protagonistas-de-la-historica-carrera\/prmio-argentino-region-mesopotamia-costa-surubi-3\/\" rel=\"attachment wp-att-135075\"><img loading=\"lazy\" decoding=\"async\" class=\" wp-image-135075 alignright\" src=\"https:\/\/revistaesperanzas.com\/web\/wp-content\/uploads\/2025\/09\/PRMIO-ARGENTINO-REGION-MESOPOTAMIA-COSTA-SURUBI-3.jpg\" alt=\"\" width=\"400\" height=\"180\" srcset=\"https:\/\/revistaesperanzas.com\/web\/wp-content\/uploads\/2025\/09\/PRMIO-ARGENTINO-REGION-MESOPOTAMIA-COSTA-SURUBI-3.jpg 1600w, https:\/\/revistaesperanzas.com\/web\/wp-content\/uploads\/2025\/09\/PRMIO-ARGENTINO-REGION-MESOPOTAMIA-COSTA-SURUBI-3-696x313.jpg 696w, https:\/\/revistaesperanzas.com\/web\/wp-content\/uploads\/2025\/09\/PRMIO-ARGENTINO-REGION-MESOPOTAMIA-COSTA-SURUBI-3-1068x481.jpg 1068w, https:\/\/revistaesperanzas.com\/web\/wp-content\/uploads\/2025\/09\/PRMIO-ARGENTINO-REGION-MESOPOTAMIA-COSTA-SURUBI-3-933x420.jpg 933w\" sizes=\"auto, (max-width: 400px) 100vw, 400px\" \/><\/a><\/p>\n<p style=\"font-weight: 400;\">Una novedad que ha captado el inter\u00e9s y participaci\u00f3n de muchos aficionados al automovilismo, de la ciudadan\u00eda en general, que pudo acompa\u00f1ar desde el momento mismo de pisar territorio goyano, ingresando por la Rotonda de<a href=\"https:\/\/revistaesperanzas.com\/web\/2025\/09\/el-intendente-mariano-hormaechea-recibio-a-los-pilotos-y-automoviles-protagonistas-de-la-historica-carrera\/prmio-argentino-region-mesopotamia-costa-surubi-5\/\" rel=\"attachment wp-att-135076\"><img loading=\"lazy\" decoding=\"async\" class=\" wp-image-135076 alignleft\" src=\"https:\/\/revistaesperanzas.com\/web\/wp-content\/uploads\/2025\/09\/PRMIO-ARGENTINO-REGION-MESOPOTAMIA-COSTA-SURUBI-5.jpg\" alt=\"\" width=\"401\" height=\"226\" srcset=\"https:\/\/revistaesperanzas.com\/web\/wp-content\/uploads\/2025\/09\/PRMIO-ARGENTINO-REGION-MESOPOTAMIA-COSTA-SURUBI-5.jpg 1600w, https:\/\/revistaesperanzas.com\/web\/wp-content\/uploads\/2025\/09\/PRMIO-ARGENTINO-REGION-MESOPOTAMIA-COSTA-SURUBI-5-696x392.jpg 696w, https:\/\/revistaesperanzas.com\/web\/wp-content\/uploads\/2025\/09\/PRMIO-ARGENTINO-REGION-MESOPOTAMIA-COSTA-SURUBI-5-1068x601.jpg 1068w, https:\/\/revistaesperanzas.com\/web\/wp-content\/uploads\/2025\/09\/PRMIO-ARGENTINO-REGION-MESOPOTAMIA-COSTA-SURUBI-5-747x420.jpg 747w\" sizes=\"auto, (max-width: 401px) 100vw, 401px\" \/><\/a> acceso, tomando por Avenidas Mazzanti, luego Madariaga para dirigirse desde Primeros Concejales hasta el Multiespacio Ferial Costa Surub\u00ed, lugar donde estuvo todo preparado para el top de la etapa correspondiente.<\/p>\n<p style=\"font-weight: 400;\">En el Predio Costa Surub\u00ed, autos y pilotos fueron recibidos junto al<a href=\"https:\/\/revistaesperanzas.com\/web\/2025\/09\/el-intendente-mariano-hormaechea-recibio-a-los-pilotos-y-automoviles-protagonistas-de-la-historica-carrera\/prmio-argentino-region-mesopotamia-costa-surubi-1\/\" rel=\"attachment wp-att-135077\"><img loading=\"lazy\" decoding=\"async\" class=\" wp-image-135077 alignright\" src=\"https:\/\/revistaesperanzas.com\/web\/wp-content\/uploads\/2025\/09\/PRMIO-ARGENTINO-REGION-MESOPOTAMIA-COSTA-SURUBI-1.jpg\" alt=\"\" width=\"400\" height=\"180\" srcset=\"https:\/\/revistaesperanzas.com\/web\/wp-content\/uploads\/2025\/09\/PRMIO-ARGENTINO-REGION-MESOPOTAMIA-COSTA-SURUBI-1.jpg 1600w, https:\/\/revistaesperanzas.com\/web\/wp-content\/uploads\/2025\/09\/PRMIO-ARGENTINO-REGION-MESOPOTAMIA-COSTA-SURUBI-1-696x313.jpg 696w, https:\/\/revistaesperanzas.com\/web\/wp-content\/uploads\/2025\/09\/PRMIO-ARGENTINO-REGION-MESOPOTAMIA-COSTA-SURUBI-1-1068x481.jpg 1068w, https:\/\/revistaesperanzas.com\/web\/wp-content\/uploads\/2025\/09\/PRMIO-ARGENTINO-REGION-MESOPOTAMIA-COSTA-SURUBI-1-933x420.jpg 933w\" sizes=\"auto, (max-width: 400px) 100vw, 400px\" \/><\/a> Intendente, las reinas de nuestras fiestas, el Obispo Diocesano Monse\u00f1or Adolfo Canecin como presidente de C\u00e1ritas Goya, recordemos que la carrera tiene un fin solidario como parte de la finalizaci\u00f3n del recorrido, los pilotos donaron 5 kg de alimentos no<a href=\"https:\/\/revistaesperanzas.com\/web\/2025\/09\/el-intendente-mariano-hormaechea-recibio-a-los-pilotos-y-automoviles-protagonistas-de-la-historica-carrera\/prmio-argentino-region-mesopotamia-costa-surubi-6\/\" rel=\"attachment wp-att-135078\"><img loading=\"lazy\" decoding=\"async\" class=\" wp-image-135078 alignleft\" src=\"https:\/\/revistaesperanzas.com\/web\/wp-content\/uploads\/2025\/09\/PRMIO-ARGENTINO-REGION-MESOPOTAMIA-COSTA-SURUBI-6.jpg\" alt=\"\" width=\"401\" height=\"226\" srcset=\"https:\/\/revistaesperanzas.com\/web\/wp-content\/uploads\/2025\/09\/PRMIO-ARGENTINO-REGION-MESOPOTAMIA-COSTA-SURUBI-6.jpg 1600w, https:\/\/revistaesperanzas.com\/web\/wp-content\/uploads\/2025\/09\/PRMIO-ARGENTINO-REGION-MESOPOTAMIA-COSTA-SURUBI-6-696x392.jpg 696w, https:\/\/revistaesperanzas.com\/web\/wp-content\/uploads\/2025\/09\/PRMIO-ARGENTINO-REGION-MESOPOTAMIA-COSTA-SURUBI-6-1068x601.jpg 1068w, https:\/\/revistaesperanzas.com\/web\/wp-content\/uploads\/2025\/09\/PRMIO-ARGENTINO-REGION-MESOPOTAMIA-COSTA-SURUBI-6-747x420.jpg 747w\" sizes=\"auto, (max-width: 401px) 100vw, 401px\" \/><\/a> perecederos entregado a la entidad social de la Iglesia Cat\u00f3lica (Caritas).<\/p>\n<p style=\"font-weight: 400;\">El directivo del ACA, agradeci\u00f3 la receptividad de la comunidad de Goya, destac\u00f3 nuevamente la excelente predisposici\u00f3n del Jefe Comunal, asegurando que esto es algo que contribuye a los ejes<a href=\"https:\/\/revistaesperanzas.com\/web\/2025\/09\/el-intendente-mariano-hormaechea-recibio-a-los-pilotos-y-automoviles-protagonistas-de-la-historica-carrera\/prmio-argentino-region-mesopotamia-costa-surubi-7\/\" rel=\"attachment wp-att-135079\"><img loading=\"lazy\" decoding=\"async\" class=\" wp-image-135079 alignright\" src=\"https:\/\/revistaesperanzas.com\/web\/wp-content\/uploads\/2025\/09\/PRMIO-ARGENTINO-REGION-MESOPOTAMIA-COSTA-SURUBI-7.jpg\" alt=\"\" width=\"401\" height=\"226\" srcset=\"https:\/\/revistaesperanzas.com\/web\/wp-content\/uploads\/2025\/09\/PRMIO-ARGENTINO-REGION-MESOPOTAMIA-COSTA-SURUBI-7.jpg 1600w, https:\/\/revistaesperanzas.com\/web\/wp-content\/uploads\/2025\/09\/PRMIO-ARGENTINO-REGION-MESOPOTAMIA-COSTA-SURUBI-7-696x392.jpg 696w, https:\/\/revistaesperanzas.com\/web\/wp-content\/uploads\/2025\/09\/PRMIO-ARGENTINO-REGION-MESOPOTAMIA-COSTA-SURUBI-7-1068x601.jpg 1068w, https:\/\/revistaesperanzas.com\/web\/wp-content\/uploads\/2025\/09\/PRMIO-ARGENTINO-REGION-MESOPOTAMIA-COSTA-SURUBI-7-747x420.jpg 747w\" sizes=\"auto, (max-width: 401px) 100vw, 401px\" \/><\/a> planteados en el premio hist\u00f3rico, en este caso la XXII edici\u00f3n, el deporte, el turismo y la cuota social, como muestra de ese reconocimiento hizo entrega de un presente a Mariano Hormaechea.<\/p>\n<p style=\"font-weight: 400;\">Goya fue testigo del paso de los \u201ccl\u00e1sicos\u201d del turismo de carretera, buscando todos retener esa imagen<a href=\"https:\/\/revistaesperanzas.com\/web\/2025\/09\/el-intendente-mariano-hormaechea-recibio-a-los-pilotos-y-automoviles-protagonistas-de-la-historica-carrera\/prmio-argentino-region-mesopotamia-costa-surubi-8\/\" rel=\"attachment wp-att-135080\"><img loading=\"lazy\" decoding=\"async\" class=\" wp-image-135080 alignleft\" src=\"https:\/\/revistaesperanzas.com\/web\/wp-content\/uploads\/2025\/09\/PRMIO-ARGENTINO-REGION-MESOPOTAMIA-COSTA-SURUBI-8.jpg\" alt=\"\" width=\"399\" height=\"225\" srcset=\"https:\/\/revistaesperanzas.com\/web\/wp-content\/uploads\/2025\/09\/PRMIO-ARGENTINO-REGION-MESOPOTAMIA-COSTA-SURUBI-8.jpg 1600w, https:\/\/revistaesperanzas.com\/web\/wp-content\/uploads\/2025\/09\/PRMIO-ARGENTINO-REGION-MESOPOTAMIA-COSTA-SURUBI-8-696x392.jpg 696w, https:\/\/revistaesperanzas.com\/web\/wp-content\/uploads\/2025\/09\/PRMIO-ARGENTINO-REGION-MESOPOTAMIA-COSTA-SURUBI-8-1068x601.jpg 1068w, https:\/\/revistaesperanzas.com\/web\/wp-content\/uploads\/2025\/09\/PRMIO-ARGENTINO-REGION-MESOPOTAMIA-COSTA-SURUBI-8-747x420.jpg 747w\" sizes=\"auto, (max-width: 399px) 100vw, 399px\" \/><\/a> siendo parte de la historia del automovilismo.<\/p>\n<p style=\"font-weight: 400;\">Una jornada celebrada por los organizadores, la municipalidad y los integrantes de C\u00e1ritas, por la respuesta dada en la ciudad, donde se establece la pausa, hasta las 8 horas del domingo, horario establecido para la continuidad de<a href=\"https:\/\/revistaesperanzas.com\/web\/2025\/09\/el-intendente-mariano-hormaechea-recibio-a-los-pilotos-y-automoviles-protagonistas-de-la-historica-carrera\/prmio-argentino-region-mesopotamia-costa-surubi-9\/\" rel=\"attachment wp-att-135081\"><img loading=\"lazy\" decoding=\"async\" class=\" wp-image-135081 alignright\" src=\"https:\/\/revistaesperanzas.com\/web\/wp-content\/uploads\/2025\/09\/PRMIO-ARGENTINO-REGION-MESOPOTAMIA-COSTA-SURUBI-9.jpg\" alt=\"\" width=\"401\" height=\"226\" srcset=\"https:\/\/revistaesperanzas.com\/web\/wp-content\/uploads\/2025\/09\/PRMIO-ARGENTINO-REGION-MESOPOTAMIA-COSTA-SURUBI-9.jpg 1600w, https:\/\/revistaesperanzas.com\/web\/wp-content\/uploads\/2025\/09\/PRMIO-ARGENTINO-REGION-MESOPOTAMIA-COSTA-SURUBI-9-696x392.jpg 696w, https:\/\/revistaesperanzas.com\/web\/wp-content\/uploads\/2025\/09\/PRMIO-ARGENTINO-REGION-MESOPOTAMIA-COSTA-SURUBI-9-1068x601.jpg 1068w, https:\/\/revistaesperanzas.com\/web\/wp-content\/uploads\/2025\/09\/PRMIO-ARGENTINO-REGION-MESOPOTAMIA-COSTA-SURUBI-9-747x420.jpg 747w\" sizes=\"auto, (max-width: 401px) 100vw, 401px\" \/><\/a> la siguiente etapa, desde Goya a Posadas, Misiones, la salida de los autos ser\u00e1 por Avenida Allen.<\/p>\n<p style=\"font-weight: 400;\">\n<p>&nbsp;<\/p>\n<p><a href=\"https:\/\/revistaesperanzas.com\/web\/2025\/09\/el-intendente-mariano-hormaechea-recibio-a-los-pilotos-y-automoviles-protagonistas-de-la-historica-carrera\/prmio-argentino-region-mesopotamia-costa-surubi-10\/\" rel=\"attachment wp-att-135082\"><img loading=\"lazy\" decoding=\"async\" class=\"wp-image-135082 aligncenter\" src=\"https:\/\/revistaesperanzas.com\/web\/wp-content\/uploads\/2025\/09\/PRMIO-ARGENTINO-REGION-MESOPOTAMIA-COSTA-SURUBI-10.jpg\" alt=\"\" width=\"401\" height=\"226\" srcset=\"https:\/\/revistaesperanzas.com\/web\/wp-content\/uploads\/2025\/09\/PRMIO-ARGENTINO-REGION-MESOPOTAMIA-COSTA-SURUBI-10.jpg 1600w, https:\/\/revistaesperanzas.com\/web\/wp-content\/uploads\/2025\/09\/PRMIO-ARGENTINO-REGION-MESOPOTAMIA-COSTA-SURUBI-10-696x392.jpg 696w, https:\/\/revistaesperanzas.com\/web\/wp-content\/uploads\/2025\/09\/PRMIO-ARGENTINO-REGION-MESOPOTAMIA-COSTA-SURUBI-10-1068x601.jpg 1068w, https:\/\/revistaesperanzas.com\/web\/wp-content\/uploads\/2025\/09\/PRMIO-ARGENTINO-REGION-MESOPOTAMIA-COSTA-SURUBI-10-747x420.jpg 747w\" sizes=\"auto, (max-width: 401px) 100vw, 401px\" \/><\/a><\/p>\n<p><a href=\"https:\/\/revistaesperanzas.com\/web\/2025\/09\/el-intendente-mariano-hormaechea-recibio-a-los-pilotos-y-automoviles-protagonistas-de-la-historica-carrera\/attachment\/13\/\" rel=\"attachment wp-att-135086\"><img loading=\"lazy\" decoding=\"async\" class=\"alignnone  wp-image-135086\" src=\"https:\/\/revistaesperanzas.com\/web\/wp-content\/uploads\/2025\/09\/13.jpg\" alt=\"\" width=\"718\" height=\"233\" srcset=\"https:\/\/revistaesperanzas.com\/web\/wp-content\/uploads\/2025\/09\/13.jpg 800w, https:\/\/revistaesperanzas.com\/web\/wp-content\/uploads\/2025\/09\/13-696x226.jpg 696w\" sizes=\"auto, (max-width: 718px) 100vw, 718px\" \/><\/a><\/p>\n<p>&nbsp;<\/p>\n<p>&nbsp;<\/p>\n","protected":false},"excerpt":{"rendered":"<p>Direcci\u00f3n de Prensa &#8211;\u00a0GRAN PREMIO ARGENTINO HIST\u00d3RICO REGION MESOPOTAMIA La ciudad de Goya marc\u00f3 el final de la etapa 2 del premio hist\u00f3rico, el Intendente Mariano Hormaechea acompa\u00f1ado del Secretario de Turismo Sebasti\u00e1n Candia y el Vicepresidente 2\u00ba del Autom\u00f3vil Club Argentino, entidad organizadora del gran premio, Jorge Revello, bajaron la bandera a cuadros, en [&hellip;]<\/p>\n","protected":false},"author":4,"featured_media":135073,"comment_status":"closed","ping_status":"closed","sticky":false,"template":"","format":"standard","meta":{"footnotes":""},"categories":[1],"tags":[],"class_list":{"0":"post-135070","1":"post","2":"type-post","3":"status-publish","4":"format-standard","5":"has-post-thumbnail","7":"category-sin-categoria"},"_links":{"self":[{"href":"https:\/\/revistaesperanzas.com\/web\/wp-json\/wp\/v2\/posts\/135070","targetHints":{"allow":["GET"]}}],"collection":[{"href":"https:\/\/revistaesperanzas.com\/web\/wp-json\/wp\/v2\/posts"}],"about":[{"href":"https:\/\/revistaesperanzas.com\/web\/wp-json\/wp\/v2\/types\/post"}],"author":[{"embeddable":true,"href":"https:\/\/revistaesperanzas.com\/web\/wp-json\/wp\/v2\/users\/4"}],"replies":[{"embeddable":true,"href":"https:\/\/revistaesperanzas.com\/web\/wp-json\/wp\/v2\/comments?post=135070"}],"version-history":[{"count":0,"href":"https:\/\/revistaesperanzas.com\/web\/wp-json\/wp\/v2\/posts\/135070\/revisions"}],"wp:featuredmedia":[{"embeddable":true,"href":"https:\/\/revistaesperanzas.com\/web\/wp-json\/wp\/v2\/media\/135073"}],"wp:attachment":[{"href":"https:\/\/revistaesperanzas.com\/web\/wp-json\/wp\/v2\/media?parent=135070"}],"wp:term":[{"taxonomy":"category","embeddable":true,"href":"https:\/\/revistaesperanzas.com\/web\/wp-json\/wp\/v2\/categories?post=135070"},{"taxonomy":"post_tag","embeddable":true,"href":"https:\/\/revistaesperanzas.com\/web\/wp-json\/wp\/v2\/tags?post=135070"}],"curies":[{"name":"wp","href":"https:\/\/api.w.org\/{rel}","templated":true}]}}