{"id":135089,"date":"2025-09-14T10:56:59","date_gmt":"2025-09-14T13:56:59","guid":{"rendered":"https:\/\/revistaesperanzas.com\/web\/?p=135089"},"modified":"2025-09-14T10:56:59","modified_gmt":"2025-09-14T13:56:59","slug":"el-intendente-mariano-hormaechea-asistio-a-la-apertura-del-juego-amistoso-de-voley","status":"publish","type":"post","link":"https:\/\/revistaesperanzas.com\/web\/2025\/09\/el-intendente-mariano-hormaechea-asistio-a-la-apertura-del-juego-amistoso-de-voley\/","title":{"rendered":"EL INTENDENTE MARIANO HORMAECHEA ASISTI\u00d3 A LA APERTURA DEL JUEGO AMISTOSO DE VOLEY"},"content":{"rendered":"<p style=\"font-weight: 400;\">Direcci\u00f3n de Prensa &#8211;\u00a0El Club Uni\u00f3n , sede para el partido amistoso interprovincial de V\u00f3ley con la participaci\u00f3n del Club Villa Dora de Santa Fe, equipo de la Liga Nacional de ese deporte.<a href=\"https:\/\/revistaesperanzas.com\/web\/2025\/09\/el-intendente-mariano-hormaechea-asistio-a-la-apertura-del-juego-amistoso-de-voley\/voley-amistoso-1\/\" rel=\"attachment wp-att-135091\"><img loading=\"lazy\" decoding=\"async\" class=\" wp-image-135091 alignleft\" src=\"https:\/\/revistaesperanzas.com\/web\/wp-content\/uploads\/2025\/09\/voley-amistoso-1.jpg\" alt=\"\" width=\"453\" height=\"255\" srcset=\"https:\/\/revistaesperanzas.com\/web\/wp-content\/uploads\/2025\/09\/voley-amistoso-1.jpg 1600w, https:\/\/revistaesperanzas.com\/web\/wp-content\/uploads\/2025\/09\/voley-amistoso-1-696x392.jpg 696w, https:\/\/revistaesperanzas.com\/web\/wp-content\/uploads\/2025\/09\/voley-amistoso-1-1068x601.jpg 1068w, https:\/\/revistaesperanzas.com\/web\/wp-content\/uploads\/2025\/09\/voley-amistoso-1-747x420.jpg 747w\" sizes=\"auto, (max-width: 453px) 100vw, 453px\" \/><\/a><\/p>\n<p style=\"font-weight: 400;\">Una Catedral del Basquetbol colmada de aficionados expectantes por ver el desarrollo del juego deportivo.<\/p>\n<p style=\"font-weight: 400;\">En Uni\u00f3n antes del inicio de los juegos en categor\u00edas U21 y Primera Divisi\u00f3n entre los equipos de la selecci\u00f3n goyana y Villa Dora de Santa Fe, se realiz\u00f3 la presentaci\u00f3n<a href=\"https:\/\/revistaesperanzas.com\/web\/2025\/09\/el-intendente-mariano-hormaechea-asistio-a-la-apertura-del-juego-amistoso-de-voley\/voley-amistoso-3\/\" rel=\"attachment wp-att-135092\"><img loading=\"lazy\" decoding=\"async\" class=\" wp-image-135092 alignright\" src=\"https:\/\/revistaesperanzas.com\/web\/wp-content\/uploads\/2025\/09\/voley-amistoso-3.jpg\" alt=\"\" width=\"451\" height=\"254\" srcset=\"https:\/\/revistaesperanzas.com\/web\/wp-content\/uploads\/2025\/09\/voley-amistoso-3.jpg 1600w, https:\/\/revistaesperanzas.com\/web\/wp-content\/uploads\/2025\/09\/voley-amistoso-3-696x392.jpg 696w, https:\/\/revistaesperanzas.com\/web\/wp-content\/uploads\/2025\/09\/voley-amistoso-3-1068x601.jpg 1068w, https:\/\/revistaesperanzas.com\/web\/wp-content\/uploads\/2025\/09\/voley-amistoso-3-747x420.jpg 747w\" sizes=\"auto, (max-width: 451px) 100vw, 451px\" \/><\/a> correspondiente<\/p>\n<p style=\"font-weight: 400;\">Del acto inaugural junto al Intendente Mariano Hormaechea, participaron el presidente del Centro de Profesores de Educaci\u00f3n F\u00edsica (instituci\u00f3n organizadora), Mariano Lopez, la presidente de la Liga Goyana de V\u00f3ley Carol Gonz\u00e1lez, el presidente del Club visitante Villa Dora Adri\u00e1n Ramseyer, acompa\u00f1aron la<a href=\"https:\/\/revistaesperanzas.com\/web\/2025\/09\/el-intendente-mariano-hormaechea-asistio-a-la-apertura-del-juego-amistoso-de-voley\/voley-amistoso-4\/\" rel=\"attachment wp-att-135093\"><img loading=\"lazy\" decoding=\"async\" class=\" wp-image-135093 alignleft\" src=\"https:\/\/revistaesperanzas.com\/web\/wp-content\/uploads\/2025\/09\/voley-amistoso-4.jpg\" alt=\"\" width=\"449\" height=\"253\" srcset=\"https:\/\/revistaesperanzas.com\/web\/wp-content\/uploads\/2025\/09\/voley-amistoso-4.jpg 1600w, https:\/\/revistaesperanzas.com\/web\/wp-content\/uploads\/2025\/09\/voley-amistoso-4-696x392.jpg 696w, https:\/\/revistaesperanzas.com\/web\/wp-content\/uploads\/2025\/09\/voley-amistoso-4-1068x601.jpg 1068w, https:\/\/revistaesperanzas.com\/web\/wp-content\/uploads\/2025\/09\/voley-amistoso-4-747x420.jpg 747w\" sizes=\"auto, (max-width: 449px) 100vw, 449px\" \/><\/a> ceremonia inaugural el Secretario de Desarrollo Humano Julio Canteros, el Director de Deportes Alejandro Lago e integrantes del CEF y la Liga Goyana.<\/p>\n<p style=\"font-weight: 400;\">La apertura de la ceremonia dio inicio con el ingreso de la bandera argentina, los equipos participantes del juego Liga Goyana y Villa Dora, tras lo cual se entonaron las estrofas del Himno Nacional<a href=\"https:\/\/revistaesperanzas.com\/web\/2025\/09\/el-intendente-mariano-hormaechea-asistio-a-la-apertura-del-juego-amistoso-de-voley\/voley-amistoso-5\/\" rel=\"attachment wp-att-135094\"><img loading=\"lazy\" decoding=\"async\" class=\" wp-image-135094 alignright\" src=\"https:\/\/revistaesperanzas.com\/web\/wp-content\/uploads\/2025\/09\/voley-amistoso-5.jpg\" alt=\"\" width=\"449\" height=\"253\" srcset=\"https:\/\/revistaesperanzas.com\/web\/wp-content\/uploads\/2025\/09\/voley-amistoso-5.jpg 1600w, https:\/\/revistaesperanzas.com\/web\/wp-content\/uploads\/2025\/09\/voley-amistoso-5-696x392.jpg 696w, https:\/\/revistaesperanzas.com\/web\/wp-content\/uploads\/2025\/09\/voley-amistoso-5-1068x601.jpg 1068w, https:\/\/revistaesperanzas.com\/web\/wp-content\/uploads\/2025\/09\/voley-amistoso-5-747x420.jpg 747w\" sizes=\"auto, (max-width: 449px) 100vw, 449px\" \/><\/a> Argentino<\/p>\n<p style=\"font-weight: 400;\">MARIANO HORMAECHEA<\/p>\n<p style=\"font-weight: 400;\">El Intendente Mariano Hormaechea, agradeci\u00f3 el acompa\u00f1amiento de los funcionarios, de los presidentes del Centro de Profesores de Educaci\u00f3n F\u00edsica, de la Liga Goyana de V\u00f3ley y del Club de Villa Dora a quien deseo sea bienvenido a la ciudad, para manifestar:<a href=\"https:\/\/revistaesperanzas.com\/web\/2025\/09\/el-intendente-mariano-hormaechea-asistio-a-la-apertura-del-juego-amistoso-de-voley\/voley-amistoso-6\/\" rel=\"attachment wp-att-135095\"><img loading=\"lazy\" decoding=\"async\" class=\" wp-image-135095 alignleft\" src=\"https:\/\/revistaesperanzas.com\/web\/wp-content\/uploads\/2025\/09\/voley-amistoso-6.jpg\" alt=\"\" width=\"449\" height=\"253\" srcset=\"https:\/\/revistaesperanzas.com\/web\/wp-content\/uploads\/2025\/09\/voley-amistoso-6.jpg 1600w, https:\/\/revistaesperanzas.com\/web\/wp-content\/uploads\/2025\/09\/voley-amistoso-6-696x392.jpg 696w, https:\/\/revistaesperanzas.com\/web\/wp-content\/uploads\/2025\/09\/voley-amistoso-6-1068x601.jpg 1068w, https:\/\/revistaesperanzas.com\/web\/wp-content\/uploads\/2025\/09\/voley-amistoso-6-747x420.jpg 747w\" sizes=\"auto, (max-width: 449px) 100vw, 449px\" \/><\/a> \u201cNosotros trabajamos para que nuestro deporte crezca, se fortalezca es una excelente oportunidad para que se pueda dar esta situaci\u00f3n, gracias al Club Uni\u00f3n por facilitar el espacio para este juego, esta es la manera de trabajar juntos la Municipalidad, las instituciones, realmente es una tarde para disfrutar de un excelente juego, gracias por acompa\u00f1ar la propuesta,<a href=\"https:\/\/revistaesperanzas.com\/web\/2025\/09\/el-intendente-mariano-hormaechea-asistio-a-la-apertura-del-juego-amistoso-de-voley\/voley-amistoso-7\/\" rel=\"attachment wp-att-135096\"><img loading=\"lazy\" decoding=\"async\" class=\" wp-image-135096 alignright\" src=\"https:\/\/revistaesperanzas.com\/web\/wp-content\/uploads\/2025\/09\/voley-amistoso-7.jpg\" alt=\"\" width=\"451\" height=\"254\" srcset=\"https:\/\/revistaesperanzas.com\/web\/wp-content\/uploads\/2025\/09\/voley-amistoso-7.jpg 1600w, https:\/\/revistaesperanzas.com\/web\/wp-content\/uploads\/2025\/09\/voley-amistoso-7-696x392.jpg 696w, https:\/\/revistaesperanzas.com\/web\/wp-content\/uploads\/2025\/09\/voley-amistoso-7-1068x601.jpg 1068w, https:\/\/revistaesperanzas.com\/web\/wp-content\/uploads\/2025\/09\/voley-amistoso-7-747x420.jpg 747w\" sizes=\"auto, (max-width: 451px) 100vw, 451px\" \/><\/a> bienvenidos a todos, muchas gracias y disfrutemos del espect\u00e1culo deportivo.\u201d<\/p>\n<p style=\"font-weight: 400;\">MARIANO LOPEZ<\/p>\n<p style=\"font-weight: 400;\">El presidente del Centro de Profesores de Educaci\u00f3n F\u00edsica Mariano Lopez, destac\u00f3 que \u201cEs un orgullo para la ciudad recibir a un equipo de la calidad de Villa Dora, no es solo un juego, es un encuentro donde pondremos<a href=\"https:\/\/revistaesperanzas.com\/web\/2025\/09\/el-intendente-mariano-hormaechea-asistio-a-la-apertura-del-juego-amistoso-de-voley\/voley-amistoso-8\/\" rel=\"attachment wp-att-135097\"><img loading=\"lazy\" decoding=\"async\" class=\" wp-image-135097 alignleft\" src=\"https:\/\/revistaesperanzas.com\/web\/wp-content\/uploads\/2025\/09\/voley-amistoso-8.jpg\" alt=\"\" width=\"449\" height=\"253\" srcset=\"https:\/\/revistaesperanzas.com\/web\/wp-content\/uploads\/2025\/09\/voley-amistoso-8.jpg 1600w, https:\/\/revistaesperanzas.com\/web\/wp-content\/uploads\/2025\/09\/voley-amistoso-8-696x392.jpg 696w, https:\/\/revistaesperanzas.com\/web\/wp-content\/uploads\/2025\/09\/voley-amistoso-8-1068x601.jpg 1068w, https:\/\/revistaesperanzas.com\/web\/wp-content\/uploads\/2025\/09\/voley-amistoso-8-747x420.jpg 747w\" sizes=\"auto, (max-width: 449px) 100vw, 449px\" \/><\/a> los valores de disciplina, amistad y pasi\u00f3n, un d\u00eda para disfrutar, nuevamente muchas gracias a la Municipalidad, al Club que nos visita y al p\u00fablico que nos acompa\u00f1a.\u201d<\/p>\n<p style=\"font-weight: 400;\">CAROL GONZALEZ<\/p>\n<p style=\"font-weight: 400;\">La presidente de la Liga Goyana de V\u00f3ley Carol Gonz\u00e1lez, agradeci\u00f3 por \u201cel esfuerzo, para hacer posible este<a href=\"https:\/\/revistaesperanzas.com\/web\/2025\/09\/el-intendente-mariano-hormaechea-asistio-a-la-apertura-del-juego-amistoso-de-voley\/voley-amistoso-9\/\" rel=\"attachment wp-att-135098\"><img loading=\"lazy\" decoding=\"async\" class=\" wp-image-135098 alignright\" src=\"https:\/\/revistaesperanzas.com\/web\/wp-content\/uploads\/2025\/09\/voley-amistoso-9.jpg\" alt=\"\" width=\"451\" height=\"254\" srcset=\"https:\/\/revistaesperanzas.com\/web\/wp-content\/uploads\/2025\/09\/voley-amistoso-9.jpg 1600w, https:\/\/revistaesperanzas.com\/web\/wp-content\/uploads\/2025\/09\/voley-amistoso-9-696x392.jpg 696w, https:\/\/revistaesperanzas.com\/web\/wp-content\/uploads\/2025\/09\/voley-amistoso-9-1068x601.jpg 1068w, https:\/\/revistaesperanzas.com\/web\/wp-content\/uploads\/2025\/09\/voley-amistoso-9-747x420.jpg 747w\" sizes=\"auto, (max-width: 451px) 100vw, 451px\" \/><\/a> partido, gracias a las autoridades municipales, al Centro de Profesores de Educaci\u00f3n F\u00edsica, nos sentimos muy contentas de ser convocadas para participar de este encuentro, que no es solo deportivo sino marca una experiencia \u00fanica para cada una de nuestras jugadoras, para nuestro deporte, gracias a disfrutar.\u201d<a href=\"https:\/\/revistaesperanzas.com\/web\/2025\/09\/el-intendente-mariano-hormaechea-asistio-a-la-apertura-del-juego-amistoso-de-voley\/voley-amistoso-10-adrian-remseyer-presidente-villa-dora\/\" rel=\"attachment wp-att-135099\"><img loading=\"lazy\" decoding=\"async\" class=\" wp-image-135099 alignleft\" src=\"https:\/\/revistaesperanzas.com\/web\/wp-content\/uploads\/2025\/09\/voley-amistoso-10-Adrian-Remseyer-presidente-Villa-Dora.jpg\" alt=\"\" width=\"451\" height=\"254\" srcset=\"https:\/\/revistaesperanzas.com\/web\/wp-content\/uploads\/2025\/09\/voley-amistoso-10-Adrian-Remseyer-presidente-Villa-Dora.jpg 1600w, https:\/\/revistaesperanzas.com\/web\/wp-content\/uploads\/2025\/09\/voley-amistoso-10-Adrian-Remseyer-presidente-Villa-Dora-696x392.jpg 696w, https:\/\/revistaesperanzas.com\/web\/wp-content\/uploads\/2025\/09\/voley-amistoso-10-Adrian-Remseyer-presidente-Villa-Dora-1068x601.jpg 1068w, https:\/\/revistaesperanzas.com\/web\/wp-content\/uploads\/2025\/09\/voley-amistoso-10-Adrian-Remseyer-presidente-Villa-Dora-747x420.jpg 747w\" sizes=\"auto, (max-width: 451px) 100vw, 451px\" \/><\/a><\/p>\n<p style=\"font-weight: 400;\">ADRIAN RAMSEYER<\/p>\n<p style=\"font-weight: 400;\">El presidente de la Comisi\u00f3n Directiva de Villa Dora Adri\u00e1n Ramseyer, agradeci\u00f3 la receptividad, la oportunidad de traer al equipo que afronta la liga nacional, para expresar: \u201cNosotros estamos contentos de poder hacer esta gira, de la consideraci\u00f3n para invitarnos, estamos seguros que esto es<a href=\"https:\/\/revistaesperanzas.com\/web\/2025\/09\/el-intendente-mariano-hormaechea-asistio-a-la-apertura-del-juego-amistoso-de-voley\/voley-amistoso-11\/\" rel=\"attachment wp-att-135100\"><img loading=\"lazy\" decoding=\"async\" class=\" wp-image-135100 alignright\" src=\"https:\/\/revistaesperanzas.com\/web\/wp-content\/uploads\/2025\/09\/voley-amistoso-11.jpg\" alt=\"\" width=\"451\" height=\"254\" srcset=\"https:\/\/revistaesperanzas.com\/web\/wp-content\/uploads\/2025\/09\/voley-amistoso-11.jpg 1600w, https:\/\/revistaesperanzas.com\/web\/wp-content\/uploads\/2025\/09\/voley-amistoso-11-696x392.jpg 696w, https:\/\/revistaesperanzas.com\/web\/wp-content\/uploads\/2025\/09\/voley-amistoso-11-1068x601.jpg 1068w, https:\/\/revistaesperanzas.com\/web\/wp-content\/uploads\/2025\/09\/voley-amistoso-11-747x420.jpg 747w\" sizes=\"auto, (max-width: 451px) 100vw, 451px\" \/><\/a> m\u00e1s que un juego, que un encuentro deportivo, somos conscientes de nuestro trabajo para estar jugando en la Liga, pero estos ambientes nos fortalecen, porque nos muestran el acompa\u00f1amiento de una ciudad, en este caso la pasi\u00f3n por este deporte, el mejor resultado es afianzar los v\u00ednculos.\u201d<a href=\"https:\/\/revistaesperanzas.com\/web\/2025\/09\/el-intendente-mariano-hormaechea-asistio-a-la-apertura-del-juego-amistoso-de-voley\/voley-amistoso-12\/\" rel=\"attachment wp-att-135101\"><img loading=\"lazy\" decoding=\"async\" class=\" wp-image-135101 alignleft\" src=\"https:\/\/revistaesperanzas.com\/web\/wp-content\/uploads\/2025\/09\/voley-amistoso-12.jpg\" alt=\"\" width=\"449\" height=\"253\" srcset=\"https:\/\/revistaesperanzas.com\/web\/wp-content\/uploads\/2025\/09\/voley-amistoso-12.jpg 1600w, https:\/\/revistaesperanzas.com\/web\/wp-content\/uploads\/2025\/09\/voley-amistoso-12-696x392.jpg 696w, https:\/\/revistaesperanzas.com\/web\/wp-content\/uploads\/2025\/09\/voley-amistoso-12-1068x601.jpg 1068w, https:\/\/revistaesperanzas.com\/web\/wp-content\/uploads\/2025\/09\/voley-amistoso-12-747x420.jpg 747w\" sizes=\"auto, (max-width: 449px) 100vw, 449px\" \/><\/a><\/p>\n<p style=\"font-weight: 400;\">Una vez concluida la ceremonia inaugural comenz\u00f3 la disputa de los juegos en las categor\u00edas programadas.<a href=\"https:\/\/revistaesperanzas.com\/web\/2025\/09\/el-intendente-mariano-hormaechea-asistio-a-la-apertura-del-juego-amistoso-de-voley\/voley-amistoso-13\/\" rel=\"attachment wp-att-135102\"><img loading=\"lazy\" decoding=\"async\" class=\" wp-image-135102 alignright\" src=\"https:\/\/revistaesperanzas.com\/web\/wp-content\/uploads\/2025\/09\/voley-amistoso-13.jpg\" alt=\"\" width=\"451\" height=\"254\" srcset=\"https:\/\/revistaesperanzas.com\/web\/wp-content\/uploads\/2025\/09\/voley-amistoso-13.jpg 1600w, https:\/\/revistaesperanzas.com\/web\/wp-content\/uploads\/2025\/09\/voley-amistoso-13-696x392.jpg 696w, https:\/\/revistaesperanzas.com\/web\/wp-content\/uploads\/2025\/09\/voley-amistoso-13-1068x601.jpg 1068w, https:\/\/revistaesperanzas.com\/web\/wp-content\/uploads\/2025\/09\/voley-amistoso-13-747x420.jpg 747w\" sizes=\"auto, (max-width: 451px) 100vw, 451px\" \/><\/a><\/p>\n<p style=\"font-weight: 400;\">\n<p>&nbsp;<\/p>\n<p>&nbsp;<\/p>\n<p>&nbsp;<\/p>\n<p>&nbsp;<\/p>\n<p>&nbsp;<\/p>\n<p><a href=\"https:\/\/revistaesperanzas.com\/web\/2025\/09\/el-intendente-mariano-hormaechea-asistio-a-la-apertura-del-juego-amistoso-de-voley\/voley-amistoso-14\/\" rel=\"attachment wp-att-135103\"><img loading=\"lazy\" decoding=\"async\" class=\" wp-image-135103 alignleft\" src=\"https:\/\/revistaesperanzas.com\/web\/wp-content\/uploads\/2025\/09\/voley-amistoso-14.jpg\" alt=\"\" width=\"451\" height=\"254\" srcset=\"https:\/\/revistaesperanzas.com\/web\/wp-content\/uploads\/2025\/09\/voley-amistoso-14.jpg 1600w, https:\/\/revistaesperanzas.com\/web\/wp-content\/uploads\/2025\/09\/voley-amistoso-14-696x392.jpg 696w, https:\/\/revistaesperanzas.com\/web\/wp-content\/uploads\/2025\/09\/voley-amistoso-14-1068x601.jpg 1068w, https:\/\/revistaesperanzas.com\/web\/wp-content\/uploads\/2025\/09\/voley-amistoso-14-747x420.jpg 747w\" sizes=\"auto, (max-width: 451px) 100vw, 451px\" \/><\/a><\/p>\n","protected":false},"excerpt":{"rendered":"<p>Direcci\u00f3n de Prensa &#8211;\u00a0El Club Uni\u00f3n , sede para el partido amistoso interprovincial de V\u00f3ley con la participaci\u00f3n del Club Villa Dora de Santa Fe, equipo de la Liga Nacional de ese deporte. Una Catedral del Basquetbol colmada de aficionados expectantes por ver el desarrollo del juego deportivo. En Uni\u00f3n antes del inicio de los [&hellip;]<\/p>\n","protected":false},"author":4,"featured_media":135090,"comment_status":"closed","ping_status":"closed","sticky":false,"template":"","format":"standard","meta":{"footnotes":""},"categories":[45],"tags":[],"class_list":{"0":"post-135089","1":"post","2":"type-post","3":"status-publish","4":"format-standard","5":"has-post-thumbnail","7":"category-locales"},"_links":{"self":[{"href":"https:\/\/revistaesperanzas.com\/web\/wp-json\/wp\/v2\/posts\/135089","targetHints":{"allow":["GET"]}}],"collection":[{"href":"https:\/\/revistaesperanzas.com\/web\/wp-json\/wp\/v2\/posts"}],"about":[{"href":"https:\/\/revistaesperanzas.com\/web\/wp-json\/wp\/v2\/types\/post"}],"author":[{"embeddable":true,"href":"https:\/\/revistaesperanzas.com\/web\/wp-json\/wp\/v2\/users\/4"}],"replies":[{"embeddable":true,"href":"https:\/\/revistaesperanzas.com\/web\/wp-json\/wp\/v2\/comments?post=135089"}],"version-history":[{"count":0,"href":"https:\/\/revistaesperanzas.com\/web\/wp-json\/wp\/v2\/posts\/135089\/revisions"}],"wp:featuredmedia":[{"embeddable":true,"href":"https:\/\/revistaesperanzas.com\/web\/wp-json\/wp\/v2\/media\/135090"}],"wp:attachment":[{"href":"https:\/\/revistaesperanzas.com\/web\/wp-json\/wp\/v2\/media?parent=135089"}],"wp:term":[{"taxonomy":"category","embeddable":true,"href":"https:\/\/revistaesperanzas.com\/web\/wp-json\/wp\/v2\/categories?post=135089"},{"taxonomy":"post_tag","embeddable":true,"href":"https:\/\/revistaesperanzas.com\/web\/wp-json\/wp\/v2\/tags?post=135089"}],"curies":[{"name":"wp","href":"https:\/\/api.w.org\/{rel}","templated":true}]}}