{"id":135111,"date":"2025-09-14T22:57:12","date_gmt":"2025-09-15T01:57:12","guid":{"rendered":"https:\/\/revistaesperanzas.com\/web\/?p=135111"},"modified":"2025-09-14T22:57:12","modified_gmt":"2025-09-15T01:57:12","slug":"la-policia-de-corrientes-localizo-sana-y-salva-a-la-ciudadana-barreto-daiana-anahi-de-24-anos-de-edad","status":"publish","type":"post","link":"https:\/\/revistaesperanzas.com\/web\/2025\/09\/la-policia-de-corrientes-localizo-sana-y-salva-a-la-ciudadana-barreto-daiana-anahi-de-24-anos-de-edad\/","title":{"rendered":"LA POLIC\u00cdA DE CORRIENTES LOCALIZ\u00d3 SANA Y SALVA A LA CIUDADANA BARRETO DAIANA ANAHI DE 24 A\u00d1OS DE EDAD"},"content":{"rendered":"<p>PASO DE LOS LIBRES<br \/>\n<strong>LA POLIC\u00cdA DE CORRIENTES LOCALIZ\u00d3 SANA Y SALVA A LA CIUDADANA BARRETO DAIANA ANAHI DE 24 A\u00d1OS DE EDAD, EN EL \u00c1MBITO DE DICHA LOCALIDAD, POR LO QUE SE DEJA SIN EFECTO EL PEDIDO DE BUSQUEDA Y LOCALIZACI\u00d3N.<a href=\"https:\/\/revistaesperanzas.com\/web\/2025\/09\/la-policia-de-corrientes-localizo-sana-y-salva-a-la-ciudadana-barreto-daiana-anahi-de-24-anos-de-edad\/perdida\/\" rel=\"attachment wp-att-135112\"><img loading=\"lazy\" decoding=\"async\" class=\"wp-image-135112 alignright\" src=\"https:\/\/revistaesperanzas.com\/web\/wp-content\/uploads\/2025\/09\/PERDIDA.jpg\" alt=\"\" width=\"351\" height=\"371\" srcset=\"https:\/\/revistaesperanzas.com\/web\/wp-content\/uploads\/2025\/09\/PERDIDA.jpg 638w, https:\/\/revistaesperanzas.com\/web\/wp-content\/uploads\/2025\/09\/PERDIDA-397x420.jpg 397w\" sizes=\"auto, (max-width: 351px) 100vw, 351px\" \/><\/a><\/strong><\/p>\n<p>Por medio de esta gacetilla policial se agradece la colaboraci\u00f3n de los distintos medios de comunicaci\u00f3n y de la poblaci\u00f3n en general y adem\u00e1s se solicita <strong>DEJAR SIN EFECTO LA SOLICITUD DE PARADERO Y DE LOCALIZACION DE LA CIUDADANA BARRETO DAIANA ANAHI DE 24 A\u00d1OS DE EDAD<\/strong>, solicitado oportunamente desde este Departamento de Relaciones Institucionales mediante el Anticipo de Gacetilla Policial. Cabe se\u00f1alar que, la misma fue localizada sana y salva por efectivos de la Polic\u00eda de Corrientes, tras una intensa labor de b\u00fasqueda y rastrillaje, en el \u00e1mbito de esa ciudad y de cuya situaci\u00f3n ya tom\u00f3 conocimiento el denunciante.<\/p>\n<p>Al respecto, en la citada Comisar\u00eda de Distrito Tercera de Paso de los Libres, se prosiguen con las diligencias del caso, con conocimiento de las autoridades judiciales intervinientes.<\/p>\n","protected":false},"excerpt":{"rendered":"<p>PASO DE LOS LIBRES LA POLIC\u00cdA DE CORRIENTES LOCALIZ\u00d3 SANA Y SALVA A LA CIUDADANA BARRETO DAIANA ANAHI DE 24 A\u00d1OS DE EDAD, EN EL \u00c1MBITO DE DICHA LOCALIDAD, POR LO QUE SE DEJA SIN EFECTO EL PEDIDO DE BUSQUEDA Y LOCALIZACI\u00d3N. Por medio de esta gacetilla policial se agradece la colaboraci\u00f3n de los distintos [&hellip;]<\/p>\n","protected":false},"author":4,"featured_media":135113,"comment_status":"closed","ping_status":"closed","sticky":false,"template":"","format":"standard","meta":{"footnotes":""},"categories":[58],"tags":[],"class_list":{"0":"post-135111","1":"post","2":"type-post","3":"status-publish","4":"format-standard","5":"has-post-thumbnail","7":"category-corrientes"},"_links":{"self":[{"href":"https:\/\/revistaesperanzas.com\/web\/wp-json\/wp\/v2\/posts\/135111","targetHints":{"allow":["GET"]}}],"collection":[{"href":"https:\/\/revistaesperanzas.com\/web\/wp-json\/wp\/v2\/posts"}],"about":[{"href":"https:\/\/revistaesperanzas.com\/web\/wp-json\/wp\/v2\/types\/post"}],"author":[{"embeddable":true,"href":"https:\/\/revistaesperanzas.com\/web\/wp-json\/wp\/v2\/users\/4"}],"replies":[{"embeddable":true,"href":"https:\/\/revistaesperanzas.com\/web\/wp-json\/wp\/v2\/comments?post=135111"}],"version-history":[{"count":0,"href":"https:\/\/revistaesperanzas.com\/web\/wp-json\/wp\/v2\/posts\/135111\/revisions"}],"wp:featuredmedia":[{"embeddable":true,"href":"https:\/\/revistaesperanzas.com\/web\/wp-json\/wp\/v2\/media\/135113"}],"wp:attachment":[{"href":"https:\/\/revistaesperanzas.com\/web\/wp-json\/wp\/v2\/media?parent=135111"}],"wp:term":[{"taxonomy":"category","embeddable":true,"href":"https:\/\/revistaesperanzas.com\/web\/wp-json\/wp\/v2\/categories?post=135111"},{"taxonomy":"post_tag","embeddable":true,"href":"https:\/\/revistaesperanzas.com\/web\/wp-json\/wp\/v2\/tags?post=135111"}],"curies":[{"name":"wp","href":"https:\/\/api.w.org\/{rel}","templated":true}]}}