{"id":135131,"date":"2025-09-14T23:18:25","date_gmt":"2025-09-15T02:18:25","guid":{"rendered":"https:\/\/revistaesperanzas.com\/web\/?p=135131"},"modified":"2025-09-14T23:18:25","modified_gmt":"2025-09-15T02:18:25","slug":"menor-de-edad-perdido-en-goya","status":"publish","type":"post","link":"https:\/\/revistaesperanzas.com\/web\/2025\/09\/menor-de-edad-perdido-en-goya\/","title":{"rendered":"MENOR DE EDAD PERDIDO EN GOYA"},"content":{"rendered":"<p>La polic\u00eda de corrientes, agradece a la comunidad en general y a los medios de prensa, por su colaboraci\u00f3n en la busqueda.<\/p>\n<p>A su ves informa que, el menor Facundo Joel L\u00f3pez, fue encontrado Sano y Salvo. El mismo ya se encuentra con su familia.<\/p>\n","protected":false},"excerpt":{"rendered":"<p>La polic\u00eda de corrientes, agradece a la comunidad en general y a los medios de prensa, por su colaboraci\u00f3n en la busqueda. A su ves informa que, el menor Facundo Joel L\u00f3pez, fue encontrado Sano y Salvo. El mismo ya se encuentra con su familia.<\/p>\n","protected":false},"author":4,"featured_media":135132,"comment_status":"closed","ping_status":"closed","sticky":false,"template":"","format":"standard","meta":{"footnotes":""},"categories":[45],"tags":[],"class_list":{"0":"post-135131","1":"post","2":"type-post","3":"status-publish","4":"format-standard","5":"has-post-thumbnail","7":"category-locales"},"_links":{"self":[{"href":"https:\/\/revistaesperanzas.com\/web\/wp-json\/wp\/v2\/posts\/135131","targetHints":{"allow":["GET"]}}],"collection":[{"href":"https:\/\/revistaesperanzas.com\/web\/wp-json\/wp\/v2\/posts"}],"about":[{"href":"https:\/\/revistaesperanzas.com\/web\/wp-json\/wp\/v2\/types\/post"}],"author":[{"embeddable":true,"href":"https:\/\/revistaesperanzas.com\/web\/wp-json\/wp\/v2\/users\/4"}],"replies":[{"embeddable":true,"href":"https:\/\/revistaesperanzas.com\/web\/wp-json\/wp\/v2\/comments?post=135131"}],"version-history":[{"count":0,"href":"https:\/\/revistaesperanzas.com\/web\/wp-json\/wp\/v2\/posts\/135131\/revisions"}],"wp:featuredmedia":[{"embeddable":true,"href":"https:\/\/revistaesperanzas.com\/web\/wp-json\/wp\/v2\/media\/135132"}],"wp:attachment":[{"href":"https:\/\/revistaesperanzas.com\/web\/wp-json\/wp\/v2\/media?parent=135131"}],"wp:term":[{"taxonomy":"category","embeddable":true,"href":"https:\/\/revistaesperanzas.com\/web\/wp-json\/wp\/v2\/categories?post=135131"},{"taxonomy":"post_tag","embeddable":true,"href":"https:\/\/revistaesperanzas.com\/web\/wp-json\/wp\/v2\/tags?post=135131"}],"curies":[{"name":"wp","href":"https:\/\/api.w.org\/{rel}","templated":true}]}}