{"id":135135,"date":"2025-09-15T08:26:11","date_gmt":"2025-09-15T11:26:11","guid":{"rendered":"https:\/\/revistaesperanzas.com\/web\/?p=135135"},"modified":"2025-09-15T08:26:11","modified_gmt":"2025-09-15T11:26:11","slug":"la-municipalidad-de-goya-presente-en-la-fiesta-provincial-del-agricultor","status":"publish","type":"post","link":"https:\/\/revistaesperanzas.com\/web\/2025\/09\/la-municipalidad-de-goya-presente-en-la-fiesta-provincial-del-agricultor\/","title":{"rendered":"LA MUNICIPALIDAD DE GOYA PRESENTE EN LA FIESTA PROVINCIAL DEL AGRICULTOR"},"content":{"rendered":"<p style=\"font-weight: 400;\">Direcci\u00f3n de Prensa &#8211;\u00a0La Municipalidad de Goya estuvo presente en la 41\u00aa Edici\u00f3n de la Fiesta Provincial del Agricultor en Carolina con el stand institucional de la Secretar\u00eda de Producci\u00f3n.<\/p>\n<p style=\"font-weight: 400;\">Durante los tres d\u00edas de desarrollo de la 32\u00aa Expo Agricultor, la Secretaria exhibi\u00f3 el potencial productivo de la regi\u00f3n, ense\u00f1o los programas llevado adelante por esa \u00e1rea municipal, mostrando por medio de los agentes de la Direcci\u00f3n de Recursos Naturales la manera de separar los residuos en origen, informando sobre la realizaci\u00f3n del pr\u00f3ximo encuentro de armadores de cigarros y puros a desarrollarse durante los d\u00edas 22, 21 y 22 de noviembre en Costa Surub\u00ed<\/p>\n<p style=\"font-weight: 400;\">La exitosa edici\u00f3n de la Fiesta Provincial del Agricultor en Carolina tuvo su jornada de clausura el domingo con el gran almuerzo, del cual participaron autoridades del municipio de Carolina, funcionarios provinciales, integrantes de la Comisi\u00f3n de Apoyo a la Fiesta, siendo parte de esa jornada el Secretario de Producci\u00f3n Valerio Ramirez.<\/p>\n<p style=\"font-weight: 400;\">La ocasi\u00f3n fue propicia para el estreno de las nuevas embajadoras de la Fiesta, elegida en la gala del s\u00e1bado, la reina y sus princesas.<\/p>\n<p style=\"font-weight: 400;\">El cierre sirvi\u00f3 para presentar a la flamante soberana Zaira Di Gregorio, la 1\u00aa Princesa Valentina Romero Sosa y la 2\u00aa Princesa Yamila Fleita.<\/p>\n<p style=\"font-weight: 400;\">Un \u00e9xito marcado por la gran convocatoria, por la asistencia de las familias de la regi\u00f3n, que han rendido homenaje a los agricultores con el desaf\u00edo de seguir creciendo en las sucesivas ediciones.<\/p>\n<p style=\"font-weight: 400;\">\n","protected":false},"excerpt":{"rendered":"<p>Direcci\u00f3n de Prensa &#8211;\u00a0La Municipalidad de Goya estuvo presente en la 41\u00aa Edici\u00f3n de la Fiesta Provincial del Agricultor en Carolina con el stand institucional de la Secretar\u00eda de Producci\u00f3n. Durante los tres d\u00edas de desarrollo de la 32\u00aa Expo Agricultor, la Secretaria exhibi\u00f3 el potencial productivo de la regi\u00f3n, ense\u00f1o los programas llevado adelante [&hellip;]<\/p>\n","protected":false},"author":4,"featured_media":135136,"comment_status":"closed","ping_status":"closed","sticky":false,"template":"","format":"standard","meta":{"footnotes":""},"categories":[45],"tags":[],"class_list":{"0":"post-135135","1":"post","2":"type-post","3":"status-publish","4":"format-standard","5":"has-post-thumbnail","7":"category-locales"},"_links":{"self":[{"href":"https:\/\/revistaesperanzas.com\/web\/wp-json\/wp\/v2\/posts\/135135","targetHints":{"allow":["GET"]}}],"collection":[{"href":"https:\/\/revistaesperanzas.com\/web\/wp-json\/wp\/v2\/posts"}],"about":[{"href":"https:\/\/revistaesperanzas.com\/web\/wp-json\/wp\/v2\/types\/post"}],"author":[{"embeddable":true,"href":"https:\/\/revistaesperanzas.com\/web\/wp-json\/wp\/v2\/users\/4"}],"replies":[{"embeddable":true,"href":"https:\/\/revistaesperanzas.com\/web\/wp-json\/wp\/v2\/comments?post=135135"}],"version-history":[{"count":0,"href":"https:\/\/revistaesperanzas.com\/web\/wp-json\/wp\/v2\/posts\/135135\/revisions"}],"wp:featuredmedia":[{"embeddable":true,"href":"https:\/\/revistaesperanzas.com\/web\/wp-json\/wp\/v2\/media\/135136"}],"wp:attachment":[{"href":"https:\/\/revistaesperanzas.com\/web\/wp-json\/wp\/v2\/media?parent=135135"}],"wp:term":[{"taxonomy":"category","embeddable":true,"href":"https:\/\/revistaesperanzas.com\/web\/wp-json\/wp\/v2\/categories?post=135135"},{"taxonomy":"post_tag","embeddable":true,"href":"https:\/\/revistaesperanzas.com\/web\/wp-json\/wp\/v2\/tags?post=135135"}],"curies":[{"name":"wp","href":"https:\/\/api.w.org\/{rel}","templated":true}]}}