{"id":135138,"date":"2025-09-15T08:27:31","date_gmt":"2025-09-15T11:27:31","guid":{"rendered":"https:\/\/revistaesperanzas.com\/web\/?p=135138"},"modified":"2025-09-15T08:27:31","modified_gmt":"2025-09-15T11:27:31","slug":"juegos-culturales-correntinos","status":"publish","type":"post","link":"https:\/\/revistaesperanzas.com\/web\/2025\/09\/juegos-culturales-correntinos\/","title":{"rendered":"JUEGOS CULTURALES CORRENTINOS"},"content":{"rendered":"<p style=\"font-weight: 400;\">Direcci\u00f3n de Prensa &#8211;\u00a0Instancia Local<\/p>\n<p style=\"font-weight: 400;\">El lunes 15 se desarrollar\u00e1 en el Teatro Municipal la instancia local de los Juegos Culturales Correntinos 2025.<\/p>\n<p style=\"font-weight: 400;\">La convocatoria est\u00e1 destinada a j\u00f3venes de 12 a 18 a\u00f1os y adultos mayores, quienes podr\u00e1n competir en las categor\u00edas de canto, danza, dibujo, pintura, fotograf\u00eda, historietas, FreeStyle, teatro, cuento, poes\u00eda y producciones audiovisuales.<\/p>\n<p style=\"font-weight: 400;\">JURADO<\/p>\n<p style=\"font-weight: 400;\">\u00a0Esta instancia local ser\u00e1 catalogada por el jurado integrado por reconocidos exponentes de cada g\u00e9nero art\u00edstico. En m\u00fasica, canto e instrumento estar\u00e1n evaluando la jornada del 15 de septiembre desde las 9 de la ma\u00f1ana: Rub\u00e9n Olmedo, Pedro Ojeda; en fotograf\u00eda, narrativa y poes\u00eda, profesora M\u00f3nica Rubineau; en teatro Alejandro Fern\u00e1ndez y Manuel Lito Zampar, con mucha trayectoria en teatro; en pintura, Nazareno Vel\u00e1zquez.<\/p>\n<p style=\"font-weight: 400;\">\u00a0LAS CATEGOR\u00cdAS ESTABLECIDAS PARA ESTA EDICI\u00d3N SON LAS SIGUIENTES:<\/p>\n<p style=\"font-weight: 400;\">Sub 15: para participantes de 12 a 15 a\u00f1os (nacidos entre 2010 y 2013).<\/p>\n<p style=\"font-weight: 400;\">Sub 18: para j\u00f3venes de 16 a 18 a\u00f1os (nacidos entre 2007 y 2009).<\/p>\n<p style=\"font-weight: 400;\">Categor\u00eda \u00danica: de 12 a 18 a\u00f1os (nacidos entre 2007 y 2013).<\/p>\n<p style=\"font-weight: 400;\">Personas Mayores: para participantes de 60 a\u00f1os o m\u00e1s (nacidos en 1965 o antes).<\/p>\n<p style=\"font-weight: 400;\">Personas con Discapacidad: de 12 a 18 a\u00f1os (nacidos entre 2007 y 2013).<\/p>\n<p style=\"font-weight: 400;\">Ex participantes: desde los 19 a\u00f1os, destinada a ganadores de ediciones anteriores que podr\u00e1n competir en instancias regionales y provinciales, con la propuesta de que su experiencia en los Juegos sea parte de su obra.<\/p>\n<p style=\"font-weight: 400;\">El lunes es la convocatoria desde las 9 horas en el Teatro Municipal.<\/p>\n<p style=\"font-weight: 400;\">\n","protected":false},"excerpt":{"rendered":"<p>Direcci\u00f3n de Prensa &#8211;\u00a0Instancia Local El lunes 15 se desarrollar\u00e1 en el Teatro Municipal la instancia local de los Juegos Culturales Correntinos 2025. La convocatoria est\u00e1 destinada a j\u00f3venes de 12 a 18 a\u00f1os y adultos mayores, quienes podr\u00e1n competir en las categor\u00edas de canto, danza, dibujo, pintura, fotograf\u00eda, historietas, FreeStyle, teatro, cuento, poes\u00eda y [&hellip;]<\/p>\n","protected":false},"author":4,"featured_media":135139,"comment_status":"closed","ping_status":"closed","sticky":false,"template":"","format":"standard","meta":{"footnotes":""},"categories":[45],"tags":[],"class_list":{"0":"post-135138","1":"post","2":"type-post","3":"status-publish","4":"format-standard","5":"has-post-thumbnail","7":"category-locales"},"_links":{"self":[{"href":"https:\/\/revistaesperanzas.com\/web\/wp-json\/wp\/v2\/posts\/135138","targetHints":{"allow":["GET"]}}],"collection":[{"href":"https:\/\/revistaesperanzas.com\/web\/wp-json\/wp\/v2\/posts"}],"about":[{"href":"https:\/\/revistaesperanzas.com\/web\/wp-json\/wp\/v2\/types\/post"}],"author":[{"embeddable":true,"href":"https:\/\/revistaesperanzas.com\/web\/wp-json\/wp\/v2\/users\/4"}],"replies":[{"embeddable":true,"href":"https:\/\/revistaesperanzas.com\/web\/wp-json\/wp\/v2\/comments?post=135138"}],"version-history":[{"count":0,"href":"https:\/\/revistaesperanzas.com\/web\/wp-json\/wp\/v2\/posts\/135138\/revisions"}],"wp:featuredmedia":[{"embeddable":true,"href":"https:\/\/revistaesperanzas.com\/web\/wp-json\/wp\/v2\/media\/135139"}],"wp:attachment":[{"href":"https:\/\/revistaesperanzas.com\/web\/wp-json\/wp\/v2\/media?parent=135138"}],"wp:term":[{"taxonomy":"category","embeddable":true,"href":"https:\/\/revistaesperanzas.com\/web\/wp-json\/wp\/v2\/categories?post=135138"},{"taxonomy":"post_tag","embeddable":true,"href":"https:\/\/revistaesperanzas.com\/web\/wp-json\/wp\/v2\/tags?post=135138"}],"curies":[{"name":"wp","href":"https:\/\/api.w.org\/{rel}","templated":true}]}}