{"id":135144,"date":"2025-09-15T08:31:11","date_gmt":"2025-09-15T11:31:11","guid":{"rendered":"https:\/\/revistaesperanzas.com\/web\/?p=135144"},"modified":"2025-09-15T08:31:11","modified_gmt":"2025-09-15T11:31:11","slug":"convenio-entre-fundacion-agora-y-la-universidad-de-la-integracion-sudamericana-unisud","status":"publish","type":"post","link":"https:\/\/revistaesperanzas.com\/web\/2025\/09\/convenio-entre-fundacion-agora-y-la-universidad-de-la-integracion-sudamericana-unisud\/","title":{"rendered":"CONVENIO ENTRE FUNDACI\u00d3N \u00c1GORA Y LA UNIVERSIDAD DE LA INTEGRACI\u00d3N SUDAMERICANA (UNISUD)"},"content":{"rendered":"<p style=\"font-weight: 400;\">Direcci\u00f3n de Prensa &#8211;\u00a0Diplomatura Superior en problem\u00e1ticas de la escuela secundaria obligatoria.<\/p>\n<p style=\"font-weight: 400;\">Tras las gestiones se logra la firma del convenio para este pos t\u00edtulo, la presidente de la Fundaci\u00f3n Lic. Liliana Lesteime y el rector de la Universidad de la Integraci\u00f3n Sudamericana (UNISUD, Posadas, provincia de Misiones), Prof. Jos\u00e9 Cabral, acuerdan implementar el post\u00edtulo: Diplomatura Superior en problem\u00e1ticas de la escuela secundaria obligatoria.<\/p>\n<p style=\"font-weight: 400;\">El post\u00edtulo dar\u00e1 inicio el pr\u00f3ximo 18 de octubre del a\u00f1o en curso, ofreciendo once (11) Unidades Curriculares finalizando con un trabajo de integraci\u00f3n final.<\/p>\n<p style=\"font-weight: 400;\">Adem\u00e1s, habr\u00e1 espacios curriculares electivos orientados a la educaci\u00f3n art\u00edstica, t\u00e9cnico-profesional y rural, todas especializadas en la Escuela Secundaria Obligatoria.<\/p>\n<p style=\"font-weight: 400;\">Cabe se\u00f1alar que la bibliograf\u00eda es totalmente actualizada, permitiendo a partir de ella contextualizar la problem\u00e1tica del nivel de acuerdo a la procedencia de cada docente que se inscriba en este post t\u00edtulo.<\/p>\n<p style=\"font-weight: 400;\">Algunos de los ejes sobre los que gira la propuesta son los siguientes:<\/p>\n<p style=\"font-weight: 400;\">&#8211; Las pol\u00edticas educativas para el nivel secundario.<\/p>\n<p style=\"font-weight: 400;\">&#8211; Los nuevos formatos de las instituciones educativas.<\/p>\n<p style=\"font-weight: 400;\">&#8211; Las estrategias de ense\u00f1anza en clave inclusiva.<\/p>\n<p style=\"font-weight: 400;\">&#8211; Las tecnolog\u00edas digitales.<\/p>\n<p style=\"font-weight: 400;\">&#8211; Los instrumentos de evaluaci\u00f3n.<\/p>\n<p style=\"font-weight: 400;\">&#8211; La planificaci\u00f3n por proyectos.<\/p>\n<p style=\"font-weight: 400;\">&#8211; Entre otros.<\/p>\n<p style=\"font-weight: 400;\">Link de inscripci\u00f3n:\u00a0<a href=\"https:\/\/forms.gle\/NTwDFNwECvWrirXu8\" data-saferedirecturl=\"https:\/\/www.google.com\/url?q=https:\/\/forms.gle\/NTwDFNwECvWrirXu8&amp;source=gmail&amp;ust=1758021873962000&amp;usg=AOvVaw0vi7fcOipeGOyE2xDLzH8B\">https:\/\/forms.gle\/NTwDFNwECvWrirXu8<\/a><\/p>\n<p style=\"font-weight: 400;\">Para mayor informaci\u00f3n dirigirse a la sede propia de la Fundaci\u00f3n \u00c1gora, sito en calle Ber\u00f3n de Astrada 232 en la ciudad de Goya.<\/p>\n<p style=\"font-weight: 400;\">Hasta la fecha la Fundaci\u00f3n \u00c1gora tiene m\u00e1s de 500 egresados de postgrados y post\u00edtulos. La modalidad predominante es la virtual, aunque se realizan diversas experiencias de capacitaci\u00f3n presencial.<\/p>\n<p style=\"font-weight: 400;\">Este dispositivo de actualizaci\u00f3n docente permite visibilizar la continua visi\u00f3n de quien fuera su fundador (2018) y presidente, Dr. Daniel Lesteime.<\/p>\n<p style=\"font-weight: 400;\">\n","protected":false},"excerpt":{"rendered":"<p>Direcci\u00f3n de Prensa &#8211;\u00a0Diplomatura Superior en problem\u00e1ticas de la escuela secundaria obligatoria. Tras las gestiones se logra la firma del convenio para este pos t\u00edtulo, la presidente de la Fundaci\u00f3n Lic. Liliana Lesteime y el rector de la Universidad de la Integraci\u00f3n Sudamericana (UNISUD, Posadas, provincia de Misiones), Prof. Jos\u00e9 Cabral, acuerdan implementar el post\u00edtulo: [&hellip;]<\/p>\n","protected":false},"author":4,"featured_media":135145,"comment_status":"closed","ping_status":"closed","sticky":false,"template":"","format":"standard","meta":{"footnotes":""},"categories":[45],"tags":[],"class_list":{"0":"post-135144","1":"post","2":"type-post","3":"status-publish","4":"format-standard","5":"has-post-thumbnail","7":"category-locales"},"_links":{"self":[{"href":"https:\/\/revistaesperanzas.com\/web\/wp-json\/wp\/v2\/posts\/135144","targetHints":{"allow":["GET"]}}],"collection":[{"href":"https:\/\/revistaesperanzas.com\/web\/wp-json\/wp\/v2\/posts"}],"about":[{"href":"https:\/\/revistaesperanzas.com\/web\/wp-json\/wp\/v2\/types\/post"}],"author":[{"embeddable":true,"href":"https:\/\/revistaesperanzas.com\/web\/wp-json\/wp\/v2\/users\/4"}],"replies":[{"embeddable":true,"href":"https:\/\/revistaesperanzas.com\/web\/wp-json\/wp\/v2\/comments?post=135144"}],"version-history":[{"count":0,"href":"https:\/\/revistaesperanzas.com\/web\/wp-json\/wp\/v2\/posts\/135144\/revisions"}],"wp:featuredmedia":[{"embeddable":true,"href":"https:\/\/revistaesperanzas.com\/web\/wp-json\/wp\/v2\/media\/135145"}],"wp:attachment":[{"href":"https:\/\/revistaesperanzas.com\/web\/wp-json\/wp\/v2\/media?parent=135144"}],"wp:term":[{"taxonomy":"category","embeddable":true,"href":"https:\/\/revistaesperanzas.com\/web\/wp-json\/wp\/v2\/categories?post=135144"},{"taxonomy":"post_tag","embeddable":true,"href":"https:\/\/revistaesperanzas.com\/web\/wp-json\/wp\/v2\/tags?post=135144"}],"curies":[{"name":"wp","href":"https:\/\/api.w.org\/{rel}","templated":true}]}}