{"id":135147,"date":"2025-09-15T08:34:07","date_gmt":"2025-09-15T11:34:07","guid":{"rendered":"https:\/\/revistaesperanzas.com\/web\/?p=135147"},"modified":"2025-09-15T08:34:07","modified_gmt":"2025-09-15T11:34:07","slug":"dia-internacional-de-la-solidaridad","status":"publish","type":"post","link":"https:\/\/revistaesperanzas.com\/web\/2025\/09\/dia-internacional-de-la-solidaridad\/","title":{"rendered":"DIA INTERNACIONAL DE LA SOLIDARIDAD"},"content":{"rendered":"<p style=\"font-weight: 400;\">Direcci\u00f3n de Prensa &#8211;\u00a0Te Anual organizado por la Rueda Interna del Rotary Club Goya, se realizar\u00e1 el s\u00e1bado 27 de septiembre a las 17 horas, en el Centro de Docentes Jubilados y Pensionados Nacionales, en calle Evaristo Lopez 640<a href=\"https:\/\/revistaesperanzas.com\/web\/2025\/09\/dia-internacional-de-la-solidaridad\/salud-materno-infantil-rotary-flyr-2\/\" rel=\"attachment wp-att-135149\"><img loading=\"lazy\" decoding=\"async\" class=\" wp-image-135149 alignright\" src=\"https:\/\/revistaesperanzas.com\/web\/wp-content\/uploads\/2025\/09\/SALUD-MATERNO-INFANTIL-ROTARY-FLYR-2.jpg\" alt=\"\" width=\"350\" height=\"349\" srcset=\"https:\/\/revistaesperanzas.com\/web\/wp-content\/uploads\/2025\/09\/SALUD-MATERNO-INFANTIL-ROTARY-FLYR-2.jpg 1599w, https:\/\/revistaesperanzas.com\/web\/wp-content\/uploads\/2025\/09\/SALUD-MATERNO-INFANTIL-ROTARY-FLYR-2-696x694.jpg 696w, https:\/\/revistaesperanzas.com\/web\/wp-content\/uploads\/2025\/09\/SALUD-MATERNO-INFANTIL-ROTARY-FLYR-2-1068x1065.jpg 1068w, https:\/\/revistaesperanzas.com\/web\/wp-content\/uploads\/2025\/09\/SALUD-MATERNO-INFANTIL-ROTARY-FLYR-2-421x420.jpg 421w\" sizes=\"auto, (max-width: 350px) 100vw, 350px\" \/><\/a><\/p>\n<p style=\"font-weight: 400;\">Este encuentro en conmemoraci\u00f3n al D\u00eda Internacional de la Solidaridad, tiene como objetivo reconocer a personas u organismos que realizan un aporte significativo a la comunidad.<\/p>\n<p style=\"font-weight: 400;\">La Rueda Interna del Rotary celebra la vida a trav\u00e9s de estas hero\u00ednas, algunas an\u00f3nimas desde su vocaci\u00f3n de servicio, que d\u00eda a d\u00eda trabajan en pos de un mundo mejor.<\/p>\n<p style=\"font-weight: 400;\">El valor de la tarjeta es de 15 Mil Pesos,<a href=\"https:\/\/revistaesperanzas.com\/web\/2025\/09\/dia-internacional-de-la-solidaridad\/salud-materno-infantil-rotary-flyr-4\/\" rel=\"attachment wp-att-135150\"><img loading=\"lazy\" decoding=\"async\" class=\" wp-image-135150 alignleft\" src=\"https:\/\/revistaesperanzas.com\/web\/wp-content\/uploads\/2025\/09\/SALUD-MATERNO-INFANTIL-ROTARY-FLYR-4.jpg\" alt=\"\" width=\"350\" height=\"348\" srcset=\"https:\/\/revistaesperanzas.com\/web\/wp-content\/uploads\/2025\/09\/SALUD-MATERNO-INFANTIL-ROTARY-FLYR-4.jpg 1599w, https:\/\/revistaesperanzas.com\/web\/wp-content\/uploads\/2025\/09\/SALUD-MATERNO-INFANTIL-ROTARY-FLYR-4-696x692.jpg 696w, https:\/\/revistaesperanzas.com\/web\/wp-content\/uploads\/2025\/09\/SALUD-MATERNO-INFANTIL-ROTARY-FLYR-4-1068x1061.jpg 1068w, https:\/\/revistaesperanzas.com\/web\/wp-content\/uploads\/2025\/09\/SALUD-MATERNO-INFANTIL-ROTARY-FLYR-4-423x420.jpg 423w\" sizes=\"auto, (max-width: 350px) 100vw, 350px\" \/><\/a> ese ingreso est\u00e1 destinado a la reparaci\u00f3n y mantenimiento de los elementos del banco ortop\u00e9dico.<\/p>\n<p style=\"font-weight: 400;\">Es una invitaci\u00f3n abierta a la comunidad, los interesados en participar podr\u00e1n comunicarse para adquirir las tarjetas con las siguientes integrantes de la Rueda Interna:<\/p>\n<p style=\"font-weight: 400;\">Marta Barrientos: 3777 645166<\/p>\n<p style=\"font-weight: 400;\">Marylen Silvero: 3777 596060<\/p>\n<p style=\"font-weight: 400;\">Mariela Lacasa\u00f1a: 3774 635043<\/p>\n<p style=\"font-weight: 400;\">\n","protected":false},"excerpt":{"rendered":"<p>Direcci\u00f3n de Prensa &#8211;\u00a0Te Anual organizado por la Rueda Interna del Rotary Club Goya, se realizar\u00e1 el s\u00e1bado 27 de septiembre a las 17 horas, en el Centro de Docentes Jubilados y Pensionados Nacionales, en calle Evaristo Lopez 640 Este encuentro en conmemoraci\u00f3n al D\u00eda Internacional de la Solidaridad, tiene como objetivo reconocer a personas [&hellip;]<\/p>\n","protected":false},"author":4,"featured_media":135148,"comment_status":"closed","ping_status":"closed","sticky":false,"template":"","format":"standard","meta":{"footnotes":""},"categories":[45],"tags":[],"class_list":{"0":"post-135147","1":"post","2":"type-post","3":"status-publish","4":"format-standard","5":"has-post-thumbnail","7":"category-locales"},"_links":{"self":[{"href":"https:\/\/revistaesperanzas.com\/web\/wp-json\/wp\/v2\/posts\/135147","targetHints":{"allow":["GET"]}}],"collection":[{"href":"https:\/\/revistaesperanzas.com\/web\/wp-json\/wp\/v2\/posts"}],"about":[{"href":"https:\/\/revistaesperanzas.com\/web\/wp-json\/wp\/v2\/types\/post"}],"author":[{"embeddable":true,"href":"https:\/\/revistaesperanzas.com\/web\/wp-json\/wp\/v2\/users\/4"}],"replies":[{"embeddable":true,"href":"https:\/\/revistaesperanzas.com\/web\/wp-json\/wp\/v2\/comments?post=135147"}],"version-history":[{"count":0,"href":"https:\/\/revistaesperanzas.com\/web\/wp-json\/wp\/v2\/posts\/135147\/revisions"}],"wp:featuredmedia":[{"embeddable":true,"href":"https:\/\/revistaesperanzas.com\/web\/wp-json\/wp\/v2\/media\/135148"}],"wp:attachment":[{"href":"https:\/\/revistaesperanzas.com\/web\/wp-json\/wp\/v2\/media?parent=135147"}],"wp:term":[{"taxonomy":"category","embeddable":true,"href":"https:\/\/revistaesperanzas.com\/web\/wp-json\/wp\/v2\/categories?post=135147"},{"taxonomy":"post_tag","embeddable":true,"href":"https:\/\/revistaesperanzas.com\/web\/wp-json\/wp\/v2\/tags?post=135147"}],"curies":[{"name":"wp","href":"https:\/\/api.w.org\/{rel}","templated":true}]}}