{"id":135153,"date":"2025-09-15T08:38:20","date_gmt":"2025-09-15T11:38:20","guid":{"rendered":"https:\/\/revistaesperanzas.com\/web\/?p=135153"},"modified":"2025-09-15T08:38:20","modified_gmt":"2025-09-15T11:38:20","slug":"un-joven-resulto-herido-con-lesiones-graves","status":"publish","type":"post","link":"https:\/\/revistaesperanzas.com\/web\/2025\/09\/un-joven-resulto-herido-con-lesiones-graves\/","title":{"rendered":"UN JOVEN RESULT\u00d3 HERIDO CON LESIONES GRAVES"},"content":{"rendered":"<p>COLONIA PANDO &#8211; &#8211; En la madrugada DEL 12-09-25, efectivos policiales de la Comisaria de Distrito Colonia Pando tomaron conocimiento de un siniestro vial ocurrido en inmediaciones de una calle vecinal S\/N de la citada localidad, donde un joven result\u00f3 con lesiones graves.<\/p>\n<p>Seg\u00fan la informaci\u00f3n inicial obtenida, el siniestro habr\u00eda ocurrido cerca de las 03:00horas, teniendo como protagonista una motocicleta \u2013 marca Jianshe 125cc.- conducido por un joven de 20 a\u00f1os y por causas que a\u00fan se investigan, aparentemente habr\u00eda perdido el control del mismo, impactando con un port\u00f3n de madera \u2013 tipo tranquera-, de una estancia ubicada en las inmediaciones. Por tal motivo, el mismo fue auxiliado y trasladado al hospital local, donde fue examinado y determinaron que pose\u00eda lesiones de car\u00e1cter grave.<\/p>\n<p>En el lugar se realizaron las correspondientes diligencias, tomando intervenci\u00f3n la Unidad Fiscal en turno, en tanto, en la citada dependencia se continuaron con los tramites de rigor.<\/p>\n","protected":false},"excerpt":{"rendered":"<p>COLONIA PANDO &#8211; &#8211; En la madrugada DEL 12-09-25, efectivos policiales de la Comisaria de Distrito Colonia Pando tomaron conocimiento de un siniestro vial ocurrido en inmediaciones de una calle vecinal S\/N de la citada localidad, donde un joven result\u00f3 con lesiones graves. Seg\u00fan la informaci\u00f3n inicial obtenida, el siniestro habr\u00eda ocurrido cerca de las [&hellip;]<\/p>\n","protected":false},"author":4,"featured_media":135154,"comment_status":"closed","ping_status":"closed","sticky":false,"template":"","format":"standard","meta":{"footnotes":""},"categories":[58],"tags":[],"class_list":{"0":"post-135153","1":"post","2":"type-post","3":"status-publish","4":"format-standard","5":"has-post-thumbnail","7":"category-corrientes"},"_links":{"self":[{"href":"https:\/\/revistaesperanzas.com\/web\/wp-json\/wp\/v2\/posts\/135153","targetHints":{"allow":["GET"]}}],"collection":[{"href":"https:\/\/revistaesperanzas.com\/web\/wp-json\/wp\/v2\/posts"}],"about":[{"href":"https:\/\/revistaesperanzas.com\/web\/wp-json\/wp\/v2\/types\/post"}],"author":[{"embeddable":true,"href":"https:\/\/revistaesperanzas.com\/web\/wp-json\/wp\/v2\/users\/4"}],"replies":[{"embeddable":true,"href":"https:\/\/revistaesperanzas.com\/web\/wp-json\/wp\/v2\/comments?post=135153"}],"version-history":[{"count":0,"href":"https:\/\/revistaesperanzas.com\/web\/wp-json\/wp\/v2\/posts\/135153\/revisions"}],"wp:featuredmedia":[{"embeddable":true,"href":"https:\/\/revistaesperanzas.com\/web\/wp-json\/wp\/v2\/media\/135154"}],"wp:attachment":[{"href":"https:\/\/revistaesperanzas.com\/web\/wp-json\/wp\/v2\/media?parent=135153"}],"wp:term":[{"taxonomy":"category","embeddable":true,"href":"https:\/\/revistaesperanzas.com\/web\/wp-json\/wp\/v2\/categories?post=135153"},{"taxonomy":"post_tag","embeddable":true,"href":"https:\/\/revistaesperanzas.com\/web\/wp-json\/wp\/v2\/tags?post=135153"}],"curies":[{"name":"wp","href":"https:\/\/api.w.org\/{rel}","templated":true}]}}