{"id":135156,"date":"2025-09-15T08:42:09","date_gmt":"2025-09-15T11:42:09","guid":{"rendered":"https:\/\/revistaesperanzas.com\/web\/?p=135156"},"modified":"2025-09-15T08:42:09","modified_gmt":"2025-09-15T11:42:09","slug":"barrio-union","status":"publish","type":"post","link":"https:\/\/revistaesperanzas.com\/web\/2025\/09\/barrio-union\/","title":{"rendered":"BARRIO UNION"},"content":{"rendered":"<p>Una mujer perdi\u00f3 la vida en un siniestro vial<\/p>\n<p>En la ma\u00f1ana DEL 13-09-25, efectivos policiales de la Comisaria D\u00e9cimo Novena Urbana, habr\u00edan tomado conocimiento de un siniestro vial ocurrido en inmediaciones de la calle Paula Albarrac\u00edn intersecci\u00f3n con la Avenida Maip\u00fa, donde una mujer- peat\u00f3n- perdi\u00f3 la vida.<\/p>\n<p>Seg\u00fan la informaci\u00f3n preliminar obtenida, el siniestro ocurri\u00f3 cerca de las 11:30 horas, y tuvo como protagonistas a una motocicleta \u2013 marca Motomel Blitz 110cc.- conducida por un hombre \u2013 mayor de edad- acompa\u00f1ado de una mujer \u2013 mayor de edad- y un ni\u00f1o \u2013 menor de edad- y dos personas \u2013peatones-, un hombre \u2013 mayor de edad- y una mujer \u2013 de 85 a\u00f1os de edad-, a consecuencia del mismo, fueron auxiliados y trasladados al hospital escuela, donde la mujer \u2013 peat\u00f3n-, debido a las graves lesiones sufridas, habr\u00eda perdido la vida, en tanto que los dem\u00e1s resultaron diversas lesiones de consideraci\u00f3n.<\/p>\n<p>En el lugar se realizaron las diligencias de rigor correspondientes, tomando intervenci\u00f3n la Unidad Fiscal en turno, en tanto, en la citada dependencia se continuaron con los tramites de rigor.<\/p>\n","protected":false},"excerpt":{"rendered":"<p>Una mujer perdi\u00f3 la vida en un siniestro vial En la ma\u00f1ana DEL 13-09-25, efectivos policiales de la Comisaria D\u00e9cimo Novena Urbana, habr\u00edan tomado conocimiento de un siniestro vial ocurrido en inmediaciones de la calle Paula Albarrac\u00edn intersecci\u00f3n con la Avenida Maip\u00fa, donde una mujer- peat\u00f3n- perdi\u00f3 la vida. Seg\u00fan la informaci\u00f3n preliminar obtenida, el [&hellip;]<\/p>\n","protected":false},"author":4,"featured_media":135157,"comment_status":"closed","ping_status":"closed","sticky":false,"template":"","format":"standard","meta":{"footnotes":""},"categories":[58],"tags":[],"class_list":{"0":"post-135156","1":"post","2":"type-post","3":"status-publish","4":"format-standard","5":"has-post-thumbnail","7":"category-corrientes"},"_links":{"self":[{"href":"https:\/\/revistaesperanzas.com\/web\/wp-json\/wp\/v2\/posts\/135156","targetHints":{"allow":["GET"]}}],"collection":[{"href":"https:\/\/revistaesperanzas.com\/web\/wp-json\/wp\/v2\/posts"}],"about":[{"href":"https:\/\/revistaesperanzas.com\/web\/wp-json\/wp\/v2\/types\/post"}],"author":[{"embeddable":true,"href":"https:\/\/revistaesperanzas.com\/web\/wp-json\/wp\/v2\/users\/4"}],"replies":[{"embeddable":true,"href":"https:\/\/revistaesperanzas.com\/web\/wp-json\/wp\/v2\/comments?post=135156"}],"version-history":[{"count":0,"href":"https:\/\/revistaesperanzas.com\/web\/wp-json\/wp\/v2\/posts\/135156\/revisions"}],"wp:featuredmedia":[{"embeddable":true,"href":"https:\/\/revistaesperanzas.com\/web\/wp-json\/wp\/v2\/media\/135157"}],"wp:attachment":[{"href":"https:\/\/revistaesperanzas.com\/web\/wp-json\/wp\/v2\/media?parent=135156"}],"wp:term":[{"taxonomy":"category","embeddable":true,"href":"https:\/\/revistaesperanzas.com\/web\/wp-json\/wp\/v2\/categories?post=135156"},{"taxonomy":"post_tag","embeddable":true,"href":"https:\/\/revistaesperanzas.com\/web\/wp-json\/wp\/v2\/tags?post=135156"}],"curies":[{"name":"wp","href":"https:\/\/api.w.org\/{rel}","templated":true}]}}