{"id":135159,"date":"2025-09-15T08:53:39","date_gmt":"2025-09-15T11:53:39","guid":{"rendered":"https:\/\/revistaesperanzas.com\/web\/?p=135159"},"modified":"2025-09-15T08:53:39","modified_gmt":"2025-09-15T11:53:39","slug":"el-joven-menor-de-edad-que-conducia-una-motocicleta-110cc-fallecio-en-el-hospital-pediatrico-juan-pablo-2do","status":"publish","type":"post","link":"https:\/\/revistaesperanzas.com\/web\/2025\/09\/el-joven-menor-de-edad-que-conducia-una-motocicleta-110cc-fallecio-en-el-hospital-pediatrico-juan-pablo-2do\/","title":{"rendered":"EL JOVEN MENOR DE EDAD QUE CONDUCIA UNA MOTOCICLETA 110CC. FALLECI\u00d3 EN EL HOSPITAL PEDIATRICO JUAN PABLO 2do."},"content":{"rendered":"<p>GOYA &#8211; &#8211; Ayer, en el Hospital Juan Pablo II\u00b0 de nuestra Ciudad, se produjo el deceso de un menor de edad, quien se hallaba internado a ra\u00edz de las graves lesiones sufridas en un siniestro vial ocurrido d\u00edas atr\u00e1s.<\/p>\n<p>Cabe recordar que el siniestro se habr\u00eda registrado el pasado 10-09-25, cerca de las 18:30 horas, por calles Uruguay y Jos\u00e9 Mar\u00eda Soto de la ciudad de Goya, en circunstancias en que un menor de edad se desplazaba por la citada arteria, conduciendo una motocicleta \u2013 marca Brava Nevada 110cc.- por causas y circunstancias que se investigan, habr\u00eda perdido el control del rodado, impactando con la pared de una vivienda en la zona, siendo posteriormente auxiliado y trasladado al Hospital Pedi\u00e1trico Juan Pablo II, donde se encontraba internado con lesiones de car\u00e1cter graves hasta el d\u00eda de la v\u00edspera, donde lamentablemente se produjo su deceso.<\/p>\n<p>Al respecto, la Unidad Fiscal en turno tom\u00f3 intervenci\u00f3n, realiz\u00e1ndose en el lugar las diligencias de rigor, en tanto continu\u00e1ndose con los tr\u00e1mites correspondientes en la Comisaria de Distrito Primera de Goya.<\/p>\n","protected":false},"excerpt":{"rendered":"<p>GOYA &#8211; &#8211; Ayer, en el Hospital Juan Pablo II\u00b0 de nuestra Ciudad, se produjo el deceso de un menor de edad, quien se hallaba internado a ra\u00edz de las graves lesiones sufridas en un siniestro vial ocurrido d\u00edas atr\u00e1s. Cabe recordar que el siniestro se habr\u00eda registrado el pasado 10-09-25, cerca de las 18:30 [&hellip;]<\/p>\n","protected":false},"author":4,"featured_media":135160,"comment_status":"closed","ping_status":"closed","sticky":false,"template":"","format":"standard","meta":{"footnotes":""},"categories":[45],"tags":[],"class_list":{"0":"post-135159","1":"post","2":"type-post","3":"status-publish","4":"format-standard","5":"has-post-thumbnail","7":"category-locales"},"_links":{"self":[{"href":"https:\/\/revistaesperanzas.com\/web\/wp-json\/wp\/v2\/posts\/135159","targetHints":{"allow":["GET"]}}],"collection":[{"href":"https:\/\/revistaesperanzas.com\/web\/wp-json\/wp\/v2\/posts"}],"about":[{"href":"https:\/\/revistaesperanzas.com\/web\/wp-json\/wp\/v2\/types\/post"}],"author":[{"embeddable":true,"href":"https:\/\/revistaesperanzas.com\/web\/wp-json\/wp\/v2\/users\/4"}],"replies":[{"embeddable":true,"href":"https:\/\/revistaesperanzas.com\/web\/wp-json\/wp\/v2\/comments?post=135159"}],"version-history":[{"count":0,"href":"https:\/\/revistaesperanzas.com\/web\/wp-json\/wp\/v2\/posts\/135159\/revisions"}],"wp:featuredmedia":[{"embeddable":true,"href":"https:\/\/revistaesperanzas.com\/web\/wp-json\/wp\/v2\/media\/135160"}],"wp:attachment":[{"href":"https:\/\/revistaesperanzas.com\/web\/wp-json\/wp\/v2\/media?parent=135159"}],"wp:term":[{"taxonomy":"category","embeddable":true,"href":"https:\/\/revistaesperanzas.com\/web\/wp-json\/wp\/v2\/categories?post=135159"},{"taxonomy":"post_tag","embeddable":true,"href":"https:\/\/revistaesperanzas.com\/web\/wp-json\/wp\/v2\/tags?post=135159"}],"curies":[{"name":"wp","href":"https:\/\/api.w.org\/{rel}","templated":true}]}}