{"id":135163,"date":"2025-09-15T17:52:43","date_gmt":"2025-09-15T20:52:43","guid":{"rendered":"https:\/\/revistaesperanzas.com\/web\/?p=135163"},"modified":"2025-09-15T17:52:43","modified_gmt":"2025-09-15T20:52:43","slug":"el-pj-volvio-a-ser-el-partido-mas-votado-en-goya-en-las-recientes-elecciones","status":"publish","type":"post","link":"https:\/\/revistaesperanzas.com\/web\/2025\/09\/el-pj-volvio-a-ser-el-partido-mas-votado-en-goya-en-las-recientes-elecciones\/","title":{"rendered":"EL PJ VOLVI\u00d3 A SER EL PARTIDO M\u00c1S VOTADO EN GOYA EN LAS RECIENTES ELECCIONES"},"content":{"rendered":"<p>El Partido Justicialista recuper\u00f3 el primer lugar, en el Municipio de Goya, entre las distintas fuerzas pol\u00edticas que participaron de las elecciones del 31 de agosto, de acuerdo al escrutinio definitivo. La UCR fue el segundo partido con m\u00e1s votos y en tercer termino se ubic\u00f3 Encuentro Liberal (ELI).<\/p>\n<p>Un gran crecimiento electoral experiment\u00f3 el Partido Justicialista, en las elecciones del pasado 31 de agosto, que lo volvi\u00f3 a posicionar en el primer lugar, en el Municipio de Goya, de acuerdo al escrutinio dado a conocer por la Junta Electoral provincial.<\/p>\n<p>El PJ goyano, (Lista 2) que llev\u00f3 como candidato a Intendente a Lisandro Paleari, logr\u00f3 para esa categor\u00eda 9.696 votos, el 20.72 %, del total, en tanto que la Uni\u00f3n C\u00edvica Radical, (Lista 3) que postul\u00f3 Mariano Hormaechea (obtuvo su reelecci\u00f3n con la alianza \u201cVamos Corrientes\u201d), sum\u00f3 8.508 votos, el 18,18 %.<a href=\"https:\/\/revistaesperanzas.com\/web\/2025\/09\/el-pj-volvio-a-ser-el-partido-mas-votado-en-goya-en-las-recientes-elecciones\/whatsapp-image-2025-09-15-at-10-54-27\/\" rel=\"attachment wp-att-135165\"><img loading=\"lazy\" decoding=\"async\" class=\" wp-image-135165 alignleft\" src=\"https:\/\/revistaesperanzas.com\/web\/wp-content\/uploads\/2025\/09\/WhatsApp-Image-2025-09-15-at-10.54.27.jpeg\" alt=\"\" width=\"500\" height=\"749\" srcset=\"https:\/\/revistaesperanzas.com\/web\/wp-content\/uploads\/2025\/09\/WhatsApp-Image-2025-09-15-at-10.54.27.jpeg 854w, https:\/\/revistaesperanzas.com\/web\/wp-content\/uploads\/2025\/09\/WhatsApp-Image-2025-09-15-at-10.54.27-696x1043.jpeg 696w, https:\/\/revistaesperanzas.com\/web\/wp-content\/uploads\/2025\/09\/WhatsApp-Image-2025-09-15-at-10.54.27-280x420.jpeg 280w\" sizes=\"auto, (max-width: 500px) 100vw, 500px\" \/><\/a><\/p>\n<p><strong>INCREMENTO DE MAS DEL 180 %<\/strong><\/p>\n<p>Fue notable el aumento en votos que tuvo el peronismo local este 2025, comparado con la elecci\u00f3n municipal de 2023. Hace dos a\u00f1os cosech\u00f3 el apoyo de 3.425 goyanos y en el \u00faltimo comicio el grupo de militantes y j\u00f3venes dirigentes que se puso el partido al hombro y recorri\u00f3 barrio por barrio y distintos parajes de la zona rural, consigui\u00f3 el apoyo de 6.271 vecinos m\u00e1s para orillar casi los 9.700 sufragios.<\/p>\n<p><strong>ELI Y CAP<\/strong><\/p>\n<p>El tercer lugar, en cantidad de votos para la categor\u00eda de Intendente, fue para Encuentro Liberal (ELI &#8211; Lista 18), fuerza que propuso a \u201cPedrito\u201d Cassani (compiti\u00f3 en alianza con La Libertad Avanza) y alcanz\u00f3 los 2.100 sufragios, el 4.49 %.<\/p>\n<p>Al contrario del Partido Justicialista que increment\u00f3 en gran forma su caudal electoral, ELI tuvo una baja performance respecto al 2023, cuando obtuvo 6.146 votos y se constituy\u00f3 entonces, en la segunda fuerza m\u00e1s votada por los goyanos.<\/p>\n<p>En cuarto termino se ubic\u00f3 el partido Cambio Austeridad y Progreso (CAP), unas de las fuerzas pol\u00edticas que apoy\u00f3 la candidatura de Samuel \u201cKike\u201d Caneva que en el orden provincial integr\u00f3 la alianza ECO que postul\u00f3 a Ricardo Colombi para la gobernaci\u00f3n. El CAP (Lista 28) sum\u00f3 1.797votos, el 3.84% del total.<\/p>\n<p><strong>\u201cVAMOS CORRIENTES\u201d<\/strong><\/p>\n<p>La quinta fuerza con mayor cantidad de voluntades fue el partido \u201cVamos Corrientes\u201d (Lista 46). El espacio impulsado por Gustavo Vald\u00e9s en las elecciones por la Gobernaci\u00f3n en 2021 y que tras la ruptura con ECO pas\u00f3 a ser el sello oficial de la alianza gobernante, logr\u00f3 1.637 votos, el 3.50 % de los votos v\u00e1lidos.<\/p>\n<p>Cabe se\u00f1alar que en el Municipio de Goya estuvieron habilitadas 203 meses y votaron 49.703 personas, el 71.57 % del padr\u00f3n.-<\/p>\n","protected":false},"excerpt":{"rendered":"<p>El Partido Justicialista recuper\u00f3 el primer lugar, en el Municipio de Goya, entre las distintas fuerzas pol\u00edticas que participaron de las elecciones del 31 de agosto, de acuerdo al escrutinio definitivo. La UCR fue el segundo partido con m\u00e1s votos y en tercer termino se ubic\u00f3 Encuentro Liberal (ELI). Un gran crecimiento electoral experiment\u00f3 el [&hellip;]<\/p>\n","protected":false},"author":4,"featured_media":135164,"comment_status":"closed","ping_status":"closed","sticky":false,"template":"","format":"standard","meta":{"footnotes":""},"categories":[45],"tags":[],"class_list":{"0":"post-135163","1":"post","2":"type-post","3":"status-publish","4":"format-standard","5":"has-post-thumbnail","7":"category-locales"},"_links":{"self":[{"href":"https:\/\/revistaesperanzas.com\/web\/wp-json\/wp\/v2\/posts\/135163","targetHints":{"allow":["GET"]}}],"collection":[{"href":"https:\/\/revistaesperanzas.com\/web\/wp-json\/wp\/v2\/posts"}],"about":[{"href":"https:\/\/revistaesperanzas.com\/web\/wp-json\/wp\/v2\/types\/post"}],"author":[{"embeddable":true,"href":"https:\/\/revistaesperanzas.com\/web\/wp-json\/wp\/v2\/users\/4"}],"replies":[{"embeddable":true,"href":"https:\/\/revistaesperanzas.com\/web\/wp-json\/wp\/v2\/comments?post=135163"}],"version-history":[{"count":0,"href":"https:\/\/revistaesperanzas.com\/web\/wp-json\/wp\/v2\/posts\/135163\/revisions"}],"wp:featuredmedia":[{"embeddable":true,"href":"https:\/\/revistaesperanzas.com\/web\/wp-json\/wp\/v2\/media\/135164"}],"wp:attachment":[{"href":"https:\/\/revistaesperanzas.com\/web\/wp-json\/wp\/v2\/media?parent=135163"}],"wp:term":[{"taxonomy":"category","embeddable":true,"href":"https:\/\/revistaesperanzas.com\/web\/wp-json\/wp\/v2\/categories?post=135163"},{"taxonomy":"post_tag","embeddable":true,"href":"https:\/\/revistaesperanzas.com\/web\/wp-json\/wp\/v2\/tags?post=135163"}],"curies":[{"name":"wp","href":"https:\/\/api.w.org\/{rel}","templated":true}]}}