{"id":135168,"date":"2025-09-15T17:58:39","date_gmt":"2025-09-15T20:58:39","guid":{"rendered":"https:\/\/revistaesperanzas.com\/web\/?p=135168"},"modified":"2025-09-15T17:58:39","modified_gmt":"2025-09-15T20:58:39","slug":"ariel-mora-fue-algo-maravilloso-y-me-lleno-de-orgullo-representar-a-la-provincia-en-los-jadar-2025","status":"publish","type":"post","link":"https:\/\/revistaesperanzas.com\/web\/2025\/09\/ariel-mora-fue-algo-maravilloso-y-me-lleno-de-orgullo-representar-a-la-provincia-en-los-jadar-2025\/","title":{"rendered":"ARIEL MORA: \u201cFUE ALGO MARAVILLOSO Y ME LLEN\u00d3 DE ORGULLO REPRESENTAR A LA PROVINCIA EN LOS JADAR 2025\u201d"},"content":{"rendered":"<p style=\"font-weight: 400;\">Direcci\u00f3n de Prensa \u2013\u00a0El levantamiento de pesas de Goya sigue sumando prestigio a nivel provincial y nacional. El profesor Ariel Mora, instructor y referente de esta disciplina, dialog\u00f3 con Radio Ciudad 88.3 y comparti\u00f3 la satisfacci\u00f3n por los logros alcanzados por sus alumnos y por su propia participaci\u00f3n en los Juegos Argentinos de Alto Rendimiento Deportivo (JADAR 2025), realizados en Rosario y Rafaela, provincia de Santa Fe.<\/p>\n<p style=\"font-weight: 400;\">En primer lugar, Mora valor\u00f3 el esfuerzo de los j\u00f3venes que compitieron en torneos provinciales, obteniendo la clasificaci\u00f3n a los Juegos Nacionales Evita.<\/p>\n<p style=\"font-weight: 400;\">Su presencia en los JADAR fue un motivo especial de orgullo. Convocado por la Federaci\u00f3n Argentina de Pesas para representar a Corrientes, obtuvo junto a su equipo una medalla de plata. En sus palabras: \u201cTuvimos una muy buena performance, quedamos muy contentos y muy satisfechos de poder cumplir las expectativas, por lo menos de dar una batalla de muy alto nivel ante el seleccionado. Cuando seleccionaron los atletas desde la Federaci\u00f3n Argentina de Pesas, la Confederaci\u00f3n Argentina y el Comit\u00e9 Ol\u00edmpico Argentino, empezaron a hacer las star list y ah\u00ed qued\u00e9 convocado. Para m\u00ed fue algo maravilloso y me llen\u00f3 de orgullo representar a la provincia\u201d.<a href=\"https:\/\/revistaesperanzas.com\/web\/2025\/09\/ariel-mora-fue-algo-maravilloso-y-me-lleno-de-orgullo-representar-a-la-provincia-en-los-jadar-2025\/ariel-mora-1-2\/\" rel=\"attachment wp-att-135170\"><img loading=\"lazy\" decoding=\"async\" class=\"alignnone size-full wp-image-135170\" src=\"https:\/\/revistaesperanzas.com\/web\/wp-content\/uploads\/2025\/09\/ARIEL-MORA-1.jpeg\" alt=\"\" width=\"939\" height=\"821\" srcset=\"https:\/\/revistaesperanzas.com\/web\/wp-content\/uploads\/2025\/09\/ARIEL-MORA-1.jpeg 939w, https:\/\/revistaesperanzas.com\/web\/wp-content\/uploads\/2025\/09\/ARIEL-MORA-1-696x609.jpeg 696w, https:\/\/revistaesperanzas.com\/web\/wp-content\/uploads\/2025\/09\/ARIEL-MORA-1-480x420.jpeg 480w\" sizes=\"auto, (max-width: 939px) 100vw, 939px\" \/><\/a><\/p>\n<p style=\"font-weight: 400;\">La experiencia vivida en Rosario fue inolvidable: \u201cLa pelea que tuvimos el domingo kilo a kilo por la medalla de oro, y tener tres tribunas enfrente, sabiendo que el Parque de la Independencia estaba repleto de personas, fue algo espectacular y, por suerte, para nuestra gente del interior y para toda la Argentina\u201d, record\u00f3 Mora.<\/p>\n<p style=\"font-weight: 400;\">El evento cont\u00f3 con transmisi\u00f3n en vivo: \u201cSe pudo transmitir por Deporte TV, estaba saturado de una simultaneidad masiva de deportes que se estaban practicando ah\u00ed en Rosario\u201d, destac\u00f3.<\/p>\n<p style=\"font-weight: 400;\">UNA PLATAFORMA HACIA EL ALTO RENDIMIENTO<\/p>\n<p style=\"font-weight: 400;\">Los JADAR 2025 est\u00e1n dise\u00f1ados como una instancia preparatoria de los Juegos Ol\u00edmpicos, contemplando registros y marcas que sirven como clasificatorios para competencias internacionales. En este sentido, Mora remarc\u00f3: \u201cSe estaba proponiendo un tipo de juego distinto. Me invitaron al congresillo de entrenadores, donde hab\u00eda mesas representativas de cada provincia para revisar las star list. Fue descomunal, como una mini villa ol\u00edmpica. Estos JADAR prometen ser una instancia clasificatoria de eventos internacionales de muy alto nivel. Para llegar hay que cumplir una marca m\u00ednima, tener un perfil federativo y estar dentro de par\u00e1metros legales muy exigentes\u201d.<\/p>\n<p style=\"font-weight: 400;\">El profesor tambi\u00e9n destac\u00f3 la apertura inclusiva del certamen: \u201cEs muy selecta la participaci\u00f3n de los JADAR, porque despu\u00e9s sirven como escalaf\u00f3n para Panamericanos, Sudamericanos o incluso Juegos Ol\u00edmpicos. Eso le da much\u00edsima esperanza no solo a los deportes ol\u00edmpicos convencionales, sino tambi\u00e9n a los paral\u00edmpicos. Fue hist\u00f3rico: por primera vez compartimos escenario con pesistas paral\u00edmpicos. Ellos compet\u00edan primero y luego nosotros. Nunca se hab\u00eda hecho y la Argentina fue felicitada por esta predisposici\u00f3n\u201d, agreg\u00f3.<\/p>\n<p style=\"font-weight: 400;\">Goya y Santa Luc\u00eda en el mapa nacional<\/p>\n<p style=\"font-weight: 400;\">El trabajo en Goya y Santa Luc\u00eda empieza a ser reconocido en la escena nacional. \u201cNosotros venimos de un lugar donde el deporte ol\u00edmpico parec\u00eda tan lejano. Hoy encontramos el camino para acercarnos. Nos estamos rompiendo el lomo entrenando para llegar a estas competencias de alt\u00edsimo nivel. Una vez adentro, charlamos con entrenadores, vemos cara a cara a presidentes de federaciones y aprovechamos esa carta para presentar a la selecci\u00f3n de Goya. Recibimos felicitaciones y apoyo porque lo que estamos haciendo es un trabajo magn\u00edfico y espl\u00e9ndido, con much\u00edsimo futuro\u201d, asegur\u00f3 Mora.<\/p>\n<p style=\"font-weight: 400;\">Y a\u00f1adi\u00f3: \u201cSi no hubi\u00e9semos llegado a los JADAR, ser\u00eda muy dif\u00edcil conseguir m\u00e1s apoyo y seguimiento de los mejores entrenadores del pa\u00eds e incluso a nivel internacional\u201d.<a href=\"https:\/\/revistaesperanzas.com\/web\/2025\/09\/ariel-mora-fue-algo-maravilloso-y-me-lleno-de-orgullo-representar-a-la-provincia-en-los-jadar-2025\/ariel-mora-3\/\" rel=\"attachment wp-att-135171\"><img loading=\"lazy\" decoding=\"async\" class=\"alignnone size-full wp-image-135171\" src=\"https:\/\/revistaesperanzas.com\/web\/wp-content\/uploads\/2025\/09\/ARIEL-MORA-3.jpeg\" alt=\"\" width=\"1080\" height=\"1153\" srcset=\"https:\/\/revistaesperanzas.com\/web\/wp-content\/uploads\/2025\/09\/ARIEL-MORA-3.jpeg 1080w, https:\/\/revistaesperanzas.com\/web\/wp-content\/uploads\/2025\/09\/ARIEL-MORA-3-696x743.jpeg 696w, https:\/\/revistaesperanzas.com\/web\/wp-content\/uploads\/2025\/09\/ARIEL-MORA-3-1068x1140.jpeg 1068w, https:\/\/revistaesperanzas.com\/web\/wp-content\/uploads\/2025\/09\/ARIEL-MORA-3-393x420.jpeg 393w\" sizes=\"auto, (max-width: 1080px) 100vw, 1080px\" \/><\/a><\/p>\n<p style=\"font-weight: 400;\">Sobre el presente de sus dirigidos, el entrenador explic\u00f3: \u201cEstos chicos ahora clasificaron a los Juegos Correntinos. Estoy mandando una recopilaci\u00f3n de videos y eso les permite acercarse al primer escalaf\u00f3n de muy alto nivel, despu\u00e9s de un provincial, que ser\u00edan los Juegos Nacionales de la Juventud Evita\u201d.<\/p>\n<p style=\"font-weight: 400;\">En el cierre de la entrevista, el instructor expres\u00f3: \u201cQuiero agradecer a las distintas empresas y profesionales de Goya que brindan un apoyo incondicional, y tambi\u00e9n a la Direcci\u00f3n de Deporte de la Municipalidad. Todo esto es posible gracias a ese acompa\u00f1amiento constante\u201d, concluy\u00f3.<\/p>\n<p style=\"font-weight: 400;\">\n","protected":false},"excerpt":{"rendered":"<p>Direcci\u00f3n de Prensa \u2013\u00a0El levantamiento de pesas de Goya sigue sumando prestigio a nivel provincial y nacional. El profesor Ariel Mora, instructor y referente de esta disciplina, dialog\u00f3 con Radio Ciudad 88.3 y comparti\u00f3 la satisfacci\u00f3n por los logros alcanzados por sus alumnos y por su propia participaci\u00f3n en los Juegos Argentinos de Alto Rendimiento [&hellip;]<\/p>\n","protected":false},"author":4,"featured_media":135169,"comment_status":"closed","ping_status":"closed","sticky":false,"template":"","format":"standard","meta":{"footnotes":""},"categories":[45],"tags":[],"class_list":{"0":"post-135168","1":"post","2":"type-post","3":"status-publish","4":"format-standard","5":"has-post-thumbnail","7":"category-locales"},"_links":{"self":[{"href":"https:\/\/revistaesperanzas.com\/web\/wp-json\/wp\/v2\/posts\/135168","targetHints":{"allow":["GET"]}}],"collection":[{"href":"https:\/\/revistaesperanzas.com\/web\/wp-json\/wp\/v2\/posts"}],"about":[{"href":"https:\/\/revistaesperanzas.com\/web\/wp-json\/wp\/v2\/types\/post"}],"author":[{"embeddable":true,"href":"https:\/\/revistaesperanzas.com\/web\/wp-json\/wp\/v2\/users\/4"}],"replies":[{"embeddable":true,"href":"https:\/\/revistaesperanzas.com\/web\/wp-json\/wp\/v2\/comments?post=135168"}],"version-history":[{"count":0,"href":"https:\/\/revistaesperanzas.com\/web\/wp-json\/wp\/v2\/posts\/135168\/revisions"}],"wp:featuredmedia":[{"embeddable":true,"href":"https:\/\/revistaesperanzas.com\/web\/wp-json\/wp\/v2\/media\/135169"}],"wp:attachment":[{"href":"https:\/\/revistaesperanzas.com\/web\/wp-json\/wp\/v2\/media?parent=135168"}],"wp:term":[{"taxonomy":"category","embeddable":true,"href":"https:\/\/revistaesperanzas.com\/web\/wp-json\/wp\/v2\/categories?post=135168"},{"taxonomy":"post_tag","embeddable":true,"href":"https:\/\/revistaesperanzas.com\/web\/wp-json\/wp\/v2\/tags?post=135168"}],"curies":[{"name":"wp","href":"https:\/\/api.w.org\/{rel}","templated":true}]}}