{"id":135174,"date":"2025-09-15T18:00:54","date_gmt":"2025-09-15T21:00:54","guid":{"rendered":"https:\/\/revistaesperanzas.com\/web\/?p=135174"},"modified":"2025-09-15T18:06:03","modified_gmt":"2025-09-15T21:06:03","slug":"encuentro-regional-de-salud-materno-infantil-en-goya","status":"publish","type":"post","link":"https:\/\/revistaesperanzas.com\/web\/2025\/09\/encuentro-regional-de-salud-materno-infantil-en-goya\/","title":{"rendered":"ENCUENTRO REGIONAL DE SALUD MATERNO INFANTIL EN GOYA"},"content":{"rendered":"<p style=\"font-weight: 400;\">Direcci\u00f3n de Prensa \u2013\u00a0Rotary Club Goya<\/p>\n<p style=\"font-weight: 400;\">El pr\u00f3ximo s\u00e1bado 27 de septiembre, desde las 9 hasta las 12 horas, se realizar\u00e1 en la Universidad de la Cuenca del Plata (Corrientes 57) el Encuentro Regional de Salud Materno Infantil, una actividad enmarcada dentro de las \u00e1reas de inter\u00e9s de Rotary Internacional.<\/p>\n<p style=\"font-weight: 400;\">La jornada reunir\u00e1 a destacados profesionales de distintas disciplinas vinculadas a la salud materna e infantil, quienes compartir\u00e1n sus experiencias y conocimientos con profesionales de la salud, estudiantes de carreras afines, instituciones, empresas, recursos humanos y p\u00fablico en general.<a href=\"https:\/\/revistaesperanzas.com\/web\/2025\/09\/encuentro-regional-de-salud-materno-infantil-en-goya\/rotary-1-3\/\" rel=\"attachment wp-att-135184\"><img loading=\"lazy\" decoding=\"async\" class=\" wp-image-135184 alignleft\" src=\"https:\/\/revistaesperanzas.com\/web\/wp-content\/uploads\/2025\/09\/ROTARY-1.jpeg\" alt=\"\" width=\"463\" height=\"655\" srcset=\"https:\/\/revistaesperanzas.com\/web\/wp-content\/uploads\/2025\/09\/ROTARY-1.jpeg 1131w, https:\/\/revistaesperanzas.com\/web\/wp-content\/uploads\/2025\/09\/ROTARY-1-696x985.jpeg 696w, https:\/\/revistaesperanzas.com\/web\/wp-content\/uploads\/2025\/09\/ROTARY-1-1068x1511.jpeg 1068w, https:\/\/revistaesperanzas.com\/web\/wp-content\/uploads\/2025\/09\/ROTARY-1-297x420.jpeg 297w\" sizes=\"auto, (max-width: 463px) 100vw, 463px\" \/><\/a><\/p>\n<p style=\"font-weight: 400;\">Los disertantes ser\u00e1n:<\/p>\n<ul>\n<li style=\"font-weight: 400;\">Dr. Luis Azula, coordinador del Banco de Leche Humana de Corrientes.<\/li>\n<li style=\"font-weight: 400;\">Lic. Flavia Brest, nutricionista y coordinadora de la carrera de Licenciatura en Nutrici\u00f3n.<\/li>\n<li style=\"font-weight: 400;\">Dra. Catalina Barrios, especialista en emergentolog\u00eda, medicina social y comunitaria, presidenta del Rotary Club Esquina.<\/li>\n<li style=\"font-weight: 400;\">Dra. Luc\u00eda Ru\u00edz D\u00edaz, m\u00e9dica general y familiar, presidenta del Rotary Club Corrientes Sur.<\/li>\n<li style=\"font-weight: 400;\">Cecilia Zoloaga, puericultora y asesora en lactancia.<\/li>\n<li style=\"font-weight: 400;\">Dra. Sandra Carolina Ram\u00edrez, especialista en ginecolog\u00eda y obstetricia, endocrinolog\u00eda ginecol\u00f3gica y reproductiva, y fisiolog\u00eda de la lactancia materna.<\/li>\n<\/ul>\n<p style=\"font-weight: 400;\">El programa continuar\u00e1 por la tarde en el Centro CONIN (Tucum\u00e1n 557), de 17 a 18:30 horas, donde se profundizar\u00e1n los temas abordados en la ma\u00f1ana.<\/p>\n<p style=\"font-weight: 400;\">La organizaci\u00f3n invita a los participantes a colaborar con la donaci\u00f3n de un alimento no perecedero, que ser\u00e1 destinado a familias en situaci\u00f3n de vulnerabilidad.<\/p>\n<p style=\"font-weight: 400;\">\u201cConstruyamos bases s\u00f3lidas para el futuro de la humanidad\u201d, este encuentro busca fortalecer la conciencia comunitaria en torno a la importancia de la salud materno infantil y generar espacios de formaci\u00f3n y compromiso social.<\/p>\n<p style=\"font-weight: 400;\">\n","protected":false},"excerpt":{"rendered":"<p>Direcci\u00f3n de Prensa \u2013\u00a0Rotary Club Goya El pr\u00f3ximo s\u00e1bado 27 de septiembre, desde las 9 hasta las 12 horas, se realizar\u00e1 en la Universidad de la Cuenca del Plata (Corrientes 57) el Encuentro Regional de Salud Materno Infantil, una actividad enmarcada dentro de las \u00e1reas de inter\u00e9s de Rotary Internacional. La jornada reunir\u00e1 a destacados [&hellip;]<\/p>\n","protected":false},"author":4,"featured_media":135183,"comment_status":"closed","ping_status":"closed","sticky":false,"template":"","format":"standard","meta":{"footnotes":""},"categories":[45],"tags":[],"class_list":{"0":"post-135174","1":"post","2":"type-post","3":"status-publish","4":"format-standard","5":"has-post-thumbnail","7":"category-locales"},"_links":{"self":[{"href":"https:\/\/revistaesperanzas.com\/web\/wp-json\/wp\/v2\/posts\/135174","targetHints":{"allow":["GET"]}}],"collection":[{"href":"https:\/\/revistaesperanzas.com\/web\/wp-json\/wp\/v2\/posts"}],"about":[{"href":"https:\/\/revistaesperanzas.com\/web\/wp-json\/wp\/v2\/types\/post"}],"author":[{"embeddable":true,"href":"https:\/\/revistaesperanzas.com\/web\/wp-json\/wp\/v2\/users\/4"}],"replies":[{"embeddable":true,"href":"https:\/\/revistaesperanzas.com\/web\/wp-json\/wp\/v2\/comments?post=135174"}],"version-history":[{"count":0,"href":"https:\/\/revistaesperanzas.com\/web\/wp-json\/wp\/v2\/posts\/135174\/revisions"}],"wp:featuredmedia":[{"embeddable":true,"href":"https:\/\/revistaesperanzas.com\/web\/wp-json\/wp\/v2\/media\/135183"}],"wp:attachment":[{"href":"https:\/\/revistaesperanzas.com\/web\/wp-json\/wp\/v2\/media?parent=135174"}],"wp:term":[{"taxonomy":"category","embeddable":true,"href":"https:\/\/revistaesperanzas.com\/web\/wp-json\/wp\/v2\/categories?post=135174"},{"taxonomy":"post_tag","embeddable":true,"href":"https:\/\/revistaesperanzas.com\/web\/wp-json\/wp\/v2\/tags?post=135174"}],"curies":[{"name":"wp","href":"https:\/\/api.w.org\/{rel}","templated":true}]}}