{"id":135179,"date":"2025-09-15T18:03:47","date_gmt":"2025-09-15T21:03:47","guid":{"rendered":"https:\/\/revistaesperanzas.com\/web\/?p=135179"},"modified":"2025-09-15T18:03:47","modified_gmt":"2025-09-15T21:03:47","slug":"destacada-actuacion-de-palistas-goyanos-en-los-jadar-2025-en-santa-fe","status":"publish","type":"post","link":"https:\/\/revistaesperanzas.com\/web\/2025\/09\/destacada-actuacion-de-palistas-goyanos-en-los-jadar-2025-en-santa-fe\/","title":{"rendered":"DESTACADA ACTUACI\u00d3N DE PALISTAS GOYANOS EN LOS JADAR 2025, EN SANTA FE"},"content":{"rendered":"<p style=\"font-weight: 400;\">Direcci\u00f3n de Prensa \u2013\u00a0Agradecen aportes del gobierno de Corrientes y de municipio de Goya:<\/p>\n<p style=\"font-weight: 400;\">Este fin de semana la Escuela Municipal de Canotaje fue parte de la convocatoria santafesina para participar de la primera edici\u00f3n de los Juegos Argentinos de Alto Rendimiento (JADAR), disputados en la ciudad de Rosario. Goya marc\u00f3 una actuaci\u00f3n hist\u00f3rica en K2 que consolida al deporte n\u00e1utico de alto rendimiento como referente a nivel regional. Agradecieron las pol\u00edticas deportivas de provincia y municipio, quienes posibilitaron el viaje.<\/p>\n<p style=\"font-weight: 400;\">La laguna Set\u00fabal, un conocido espejo de agua para los deportistas goyanos fue escenario este fin de semana de la competencia de canotaje. Junto al instructor Horacio Descalzo integraron la delegaci\u00f3n que represent\u00f3 a la provincia de Corrientes en esta disciplina: Jos\u00e9 Eduardo Ayala; Santiago Maximiliano Descalzo; Ignacio Agust\u00edn Zoloaga y Juan Jos\u00e9 Laprovitta.<\/p>\n<p style=\"font-weight: 400;\">\u201cFue una experiencia \u00fanica, sab\u00edamos que nos \u00edbamos a un evento de alt\u00edsimo nivel, tanto organizativo como competitivo, en ambas sacamos conclusiones muy positivas para la actividad, para el canotaje de Corrientes, porque venimos con muchas ganas y con mucho empuje para las actividades, no solo en Goya sino en la provincia de Corrientes, as\u00ed que fue altamente positiva la participaci\u00f3n en los JADAR 2025\u201d dijo el entrenador Horacio Descalzo.<\/p>\n<p style=\"font-weight: 400;\">Todo el pa\u00eds estuvo representado a trav\u00e9s de sus provincias en esta competencia preparatoria para los pr\u00f3ximos Ol\u00edmpicos. La delegaci\u00f3n goyana, compuesta por cuatro atletas especialistas en diversas distancias y tipo de botes, obtuvieron lauros, llegando a diferentes instancias competitivas.<\/p>\n<p style=\"font-weight: 400;\">LOGRO EN K2<\/p>\n<p style=\"font-weight: 400;\">\u201cEn K2 fue nuestro logro mayor, totalmente cumplido el objetivo, estar entre los mejores de seis provincias en ese tipo de bote es una satisfacci\u00f3n enorme\u201d dijo.<\/p>\n<p style=\"font-weight: 400;\">\u201cEn botes individuales, tanto dos botes de 200 metros como lo que estaban compitiendo en 1.000 metros accedieron a las semifinales y quedando a las puertas de las finales. En tanto que los dos botes K2 (500 mts) particip\u00f3 en la final por una medalla, quedando 6to puesto\u201d inform\u00f3.<\/p>\n<p style=\"font-weight: 400;\">\u201cMeritorio el puesto\u201d destac\u00f3 Descalzo siendo que los botes competidores estaban tripulados por deportistas mundialistas o panamericanos de la disciplina. \u201cRealmente vinimos demasiado contentos con esta ubicaci\u00f3n\u201d se\u00f1al\u00f3.<\/p>\n<p style=\"font-weight: 400;\">El entrenador confi\u00f3 en tener un muy buen nivel competitivo, porque as\u00ed se lo hacen saber los entrenadores de otras provincias que lo felicitan y alientan a seguir mejorando la performance de su team, pero tambi\u00e9n reconoce que le falta m\u00e1s llegada a las competencias nacionales para seguir levantando el nivel, por fuera de las habituales competencias regionales como el entrerriano o santafesino.<\/p>\n<p style=\"font-weight: 400;\">\u201cAl no estar federados a la Federaci\u00f3n Argentina de Canoas, no podemos participar de competencias nacionales y solo somos invitados\u201d dijo.<\/p>\n<p style=\"font-weight: 400;\">COLABORACION OFICIAL<\/p>\n<p style=\"font-weight: 400;\">La llegada a la competencia fue posible gracias al aporte del Gobierno de la Provincia de Corrientes, a la Secretar\u00eda de Deportes por el uniforme para la delegaci\u00f3n, a la Municipalidad de Goya, al Intendente Mariano Hormaechea, al Secretario de Gobierno Pablo Fern\u00e1ndez y al Director de Deportes por las gestiones y el aporte realizado para el traslado y la estad\u00eda en Santa Fe.<\/p>\n<p style=\"font-weight: 400;\">\u201cAgradezco a todos ellos, realmente hemos llegado gracias a este apoyo a tiempo para las pruebas de pista, hemos tenido una alimentaci\u00f3n controlada, est\u00e1bamos asesorados por una nutricionista para los d\u00edas de competencia, estuvimos bien instalados los d\u00edas de competencia, los botes llegaron muy bien, los chicos descansaron bien, as\u00ed que estuvo todo muy bien planificado, cuidamos todos los detalles para no tener sobresaltos, as\u00ed que el objetivo fue cumplido\u201d.<\/p>\n<p style=\"font-weight: 400;\">De la misma manera destac\u00f3 el apoyo y acompa\u00f1amiento de los padres de los chicos, de los comercios de la ciudad y especialmente a la emprendedora Stella Araya quien confecciona la ropa deportiva de los palistas.<\/p>\n<p style=\"font-weight: 400;\">RUMBO A LOS EVITA<\/p>\n<p style=\"font-weight: 400;\">Los juegos Evita Nacionales Juveniles y Deporte Adaptado, del 28 de septiembre al 5 de octubre, est\u00e1n pronto a iniciar y los palistas de nuestra ciudad enfilan sus proas hacia el certamen federal a desarrollarse en Mar del Plata.<\/p>\n<p style=\"font-weight: 400;\">Recordemos que son organizados por la Secretar\u00eda de Turismo, Ambiente y Deportes de la Naci\u00f3n y cuentan con un programa deportivo que re\u00fane 36 deportes, 29 convencionales y 7 adaptadas, y un sistema de competencias compuesto por dos etapas: un proceso clasificatorio en cada provincia en el que participan miles de j\u00f3venes de cada rinc\u00f3n del pa\u00eds y una fase final, en la Ciudad de Mar del Plata, a la que acceden m\u00e1s de 8000 participantes.<\/p>\n<p style=\"font-weight: 400;\">En este caso, la Escuela Municipal de Canotaje prepara a los deportistas en las categor\u00edas menores y formativas.<\/p>\n<p style=\"font-weight: 400;\">\u201cAqu\u00ed se da otro tipo de competencia, con atletas que se est\u00e1n formando, dando sus primeros pasos en las competencias y es aqu\u00ed donde tenemos que fortalecerlos y apuntalarlos para tener los logros m\u00e1s adelante\u201d.<\/p>\n<p style=\"font-weight: 400;\">Finalmente, asegur\u00f3 que van a estar \u201cformando parte de la delegaci\u00f3n de Corrientes nuevamente\u201d.<\/p>\n<p style=\"font-weight: 400;\">De esta manera se ratifica el compromiso de los gobiernos provincial y municipal para seguir impulsando las pol\u00edticas deportivas.<\/p>\n<p style=\"font-weight: 400;\">\n","protected":false},"excerpt":{"rendered":"<p>Direcci\u00f3n de Prensa \u2013\u00a0Agradecen aportes del gobierno de Corrientes y de municipio de Goya: Este fin de semana la Escuela Municipal de Canotaje fue parte de la convocatoria santafesina para participar de la primera edici\u00f3n de los Juegos Argentinos de Alto Rendimiento (JADAR), disputados en la ciudad de Rosario. Goya marc\u00f3 una actuaci\u00f3n hist\u00f3rica en [&hellip;]<\/p>\n","protected":false},"author":4,"featured_media":135180,"comment_status":"closed","ping_status":"closed","sticky":false,"template":"","format":"standard","meta":{"footnotes":""},"categories":[45],"tags":[],"class_list":{"0":"post-135179","1":"post","2":"type-post","3":"status-publish","4":"format-standard","5":"has-post-thumbnail","7":"category-locales"},"_links":{"self":[{"href":"https:\/\/revistaesperanzas.com\/web\/wp-json\/wp\/v2\/posts\/135179","targetHints":{"allow":["GET"]}}],"collection":[{"href":"https:\/\/revistaesperanzas.com\/web\/wp-json\/wp\/v2\/posts"}],"about":[{"href":"https:\/\/revistaesperanzas.com\/web\/wp-json\/wp\/v2\/types\/post"}],"author":[{"embeddable":true,"href":"https:\/\/revistaesperanzas.com\/web\/wp-json\/wp\/v2\/users\/4"}],"replies":[{"embeddable":true,"href":"https:\/\/revistaesperanzas.com\/web\/wp-json\/wp\/v2\/comments?post=135179"}],"version-history":[{"count":0,"href":"https:\/\/revistaesperanzas.com\/web\/wp-json\/wp\/v2\/posts\/135179\/revisions"}],"wp:featuredmedia":[{"embeddable":true,"href":"https:\/\/revistaesperanzas.com\/web\/wp-json\/wp\/v2\/media\/135180"}],"wp:attachment":[{"href":"https:\/\/revistaesperanzas.com\/web\/wp-json\/wp\/v2\/media?parent=135179"}],"wp:term":[{"taxonomy":"category","embeddable":true,"href":"https:\/\/revistaesperanzas.com\/web\/wp-json\/wp\/v2\/categories?post=135179"},{"taxonomy":"post_tag","embeddable":true,"href":"https:\/\/revistaesperanzas.com\/web\/wp-json\/wp\/v2\/tags?post=135179"}],"curies":[{"name":"wp","href":"https:\/\/api.w.org\/{rel}","templated":true}]}}