{"id":135186,"date":"2025-09-15T18:10:49","date_gmt":"2025-09-15T21:10:49","guid":{"rendered":"https:\/\/revistaesperanzas.com\/web\/?p=135186"},"modified":"2025-09-15T20:38:57","modified_gmt":"2025-09-15T23:38:57","slug":"concejales-goyanos-participal-del-7mo-encuentro-de-concejos-deliberantes-de-argentina","status":"publish","type":"post","link":"https:\/\/revistaesperanzas.com\/web\/2025\/09\/concejales-goyanos-participal-del-7mo-encuentro-de-concejos-deliberantes-de-argentina\/","title":{"rendered":"CONCEJALES GOYANOS PARTICIPAL DEL 7mo ENCUENTRO DE CONCEJOS DELIBERANTES DE ARGENTINA"},"content":{"rendered":"<p>El evento se inici\u00f3 este lunes 15 de septiembre y se desarrolla en la sede de la Legislatura de la Ciudad Aut\u00f3noma de Buenos Aires hasta este martes 16. Del encuentro, organizado por Legislaturas Conectadas, participan representantes de Concejos Deliberantes de todo el pa\u00eds.<a href=\"https:\/\/revistaesperanzas.com\/web\/2025\/09\/concejales-goyanos-participal-del-7mo-encuentro-de-concejos-deliberantes-de-argentina\/gabriela-2\/\" rel=\"attachment wp-att-135217\"><img loading=\"lazy\" decoding=\"async\" class=\"alignnone size-full wp-image-135217\" src=\"https:\/\/revistaesperanzas.com\/web\/wp-content\/uploads\/2025\/09\/gabriela-1.jpg\" alt=\"\" width=\"737\" height=\"527\" srcset=\"https:\/\/revistaesperanzas.com\/web\/wp-content\/uploads\/2025\/09\/gabriela-1.jpg 737w, https:\/\/revistaesperanzas.com\/web\/wp-content\/uploads\/2025\/09\/gabriela-1-696x498.jpg 696w, https:\/\/revistaesperanzas.com\/web\/wp-content\/uploads\/2025\/09\/gabriela-1-587x420.jpg 587w\" sizes=\"auto, (max-width: 737px) 100vw, 737px\" \/><\/a><\/p>\n<p>Una comitiva de concejales goyanos de distintos partidos pol\u00edticos se encuentra participando en la ciudad de Buenos Aires, en la sede de la Legislatura porte\u00f1a, del 7\u00b0 Encuentro de Concejos Deliberantes de Argentina.<\/p>\n<p>El evento institucional, organizado por Legislaturas Conectadas, se inici\u00f3 este lunes 15 de septiembre y se desarrolla en la sede de la Legislatura de la Ciudad Aut\u00f3noma de Buenos Aires hasta este martes 16. Toman parte del mismo representantes de Concejos Deliberantes de todo el pa\u00eds.<a href=\"https:\/\/revistaesperanzas.com\/web\/2025\/09\/concejales-goyanos-participal-del-7mo-encuentro-de-concejos-deliberantes-de-argentina\/concejales-4\/\" rel=\"attachment wp-att-135214\"><img loading=\"lazy\" decoding=\"async\" class=\"alignnone size-full wp-image-135214\" src=\"https:\/\/revistaesperanzas.com\/web\/wp-content\/uploads\/2025\/09\/concejales-4.jpg\" alt=\"\" width=\"1199\" height=\"729\" srcset=\"https:\/\/revistaesperanzas.com\/web\/wp-content\/uploads\/2025\/09\/concejales-4.jpg 1199w, https:\/\/revistaesperanzas.com\/web\/wp-content\/uploads\/2025\/09\/concejales-4-696x423.jpg 696w, https:\/\/revistaesperanzas.com\/web\/wp-content\/uploads\/2025\/09\/concejales-4-1068x649.jpg 1068w, https:\/\/revistaesperanzas.com\/web\/wp-content\/uploads\/2025\/09\/concejales-4-691x420.jpg 691w\" sizes=\"auto, (max-width: 1199px) 100vw, 1199px\" \/><\/a><\/p>\n<p>La delegaci\u00f3n goyana est\u00e1 integrada por los concejales Karina Esquen\u00f3n, Gabriela Refojos, Cecilia Gortari, Lorena P\u00e9rez Carballo, Antonio Mazzaro y Nicol\u00e1s Correa Curak. Tambi\u00e9n participa de la convocatoria la doctora Mara Bascoy, Secretaria a cargo del Concejo Deliberante de Goya.<\/p>\n<p>El encuentro de ediles argentinos se plantea como un \u00e1mbito de reflexi\u00f3n y acci\u00f3n sobre los desaf\u00edos del desarrollo local y el fortalecimiento institucional.<\/p>\n<p>La jornada de este lunes 15 se inici\u00f3 con la recepci\u00f3n de las delegaciones y el acto de apertura. A lo largo del d\u00eda, se desarrollar\u00e1 el eje tem\u00e1tico \u2018Juventud, Riesgos y Acci\u00f3n: Abordajes legislativos sobre Bullying, Grooming, Consumos Problem\u00e1ticos\u201d, a cargo de Mat\u00edas Kornetz, director general de Pol\u00edticas Sociales en Adicciones del Gobierno de CABA.<a href=\"https:\/\/revistaesperanzas.com\/web\/2025\/09\/concejales-goyanos-participal-del-7mo-encuentro-de-concejos-deliberantes-de-argentina\/concejales-goyanos-7\/\" rel=\"attachment wp-att-135215\"><img loading=\"lazy\" decoding=\"async\" class=\"alignnone size-full wp-image-135215\" src=\"https:\/\/revistaesperanzas.com\/web\/wp-content\/uploads\/2025\/09\/Concejales-goyanos-7.jpg\" alt=\"\" width=\"1199\" height=\"778\" srcset=\"https:\/\/revistaesperanzas.com\/web\/wp-content\/uploads\/2025\/09\/Concejales-goyanos-7.jpg 1199w, https:\/\/revistaesperanzas.com\/web\/wp-content\/uploads\/2025\/09\/Concejales-goyanos-7-696x452.jpg 696w, https:\/\/revistaesperanzas.com\/web\/wp-content\/uploads\/2025\/09\/Concejales-goyanos-7-1068x693.jpg 1068w, https:\/\/revistaesperanzas.com\/web\/wp-content\/uploads\/2025\/09\/Concejales-goyanos-7-647x420.jpg 647w\" sizes=\"auto, (max-width: 1199px) 100vw, 1199px\" \/><\/a><\/p>\n<p>Tambi\u00e9n se abordar\u00e1 lo concerniente a \u201cParticipaci\u00f3n Ciudadana Juvenil\u2019, por parte de la Fundaci\u00f3n \u00c9foro. Luego, los participantes trabajar\u00e1n en equipos, compartiendo ideas y experiencias sobre la realidad de sus ciudades.<\/p>\n<p>INNOVACI\u00d3N DIGITAL E INTELIGENCIA ARTIFICIAL<\/p>\n<p>Este martes, en tanto, los concejales tratar\u00e1n el eje tem\u00e1tico \u2018Innovaci\u00f3n Digital en Concejos Deliberantes: Inteligencia Artificial al Servicio de la Transparencia y la Eficiencia Legislativa\u201d, cargo de Pablo Riveros, director de la Oficina de Pol\u00edtica Informada en Evidencia, de la Legislatura de la C.A.B.A.<a href=\"https:\/\/revistaesperanzas.com\/web\/2025\/09\/concejales-goyanos-participal-del-7mo-encuentro-de-concejos-deliberantes-de-argentina\/7-encuentro-de-concejos-deliberantes\/\" rel=\"attachment wp-att-135216\"><img loading=\"lazy\" decoding=\"async\" class=\"alignnone size-full wp-image-135216\" src=\"https:\/\/revistaesperanzas.com\/web\/wp-content\/uploads\/2025\/09\/7\u00b0-Encuentro-de-Concejos-Deliberantes.jpg\" alt=\"\" width=\"1199\" height=\"688\" srcset=\"https:\/\/revistaesperanzas.com\/web\/wp-content\/uploads\/2025\/09\/7\u00b0-Encuentro-de-Concejos-Deliberantes.jpg 1199w, https:\/\/revistaesperanzas.com\/web\/wp-content\/uploads\/2025\/09\/7\u00b0-Encuentro-de-Concejos-Deliberantes-696x399.jpg 696w, https:\/\/revistaesperanzas.com\/web\/wp-content\/uploads\/2025\/09\/7\u00b0-Encuentro-de-Concejos-Deliberantes-1068x613.jpg 1068w, https:\/\/revistaesperanzas.com\/web\/wp-content\/uploads\/2025\/09\/7\u00b0-Encuentro-de-Concejos-Deliberantes-732x420.jpg 732w\" sizes=\"auto, (max-width: 1199px) 100vw, 1199px\" \/><\/a><\/p>\n<p>La Legislatura porte\u00f1a abri\u00f3 sus puertas para recibir a concejales de todo el pa\u00eds y ser sede<\/p>\n<p>de un encuentro de gran importancia para el federalismo y la pluralidad de ideas. Una excelente ocasi\u00f3n para que los Concejos Deliberantes de la Argentina intercambien saberes, fortalezcan sus lazos y trabajen de manera colaborativa en los retos compartidos.-<\/p>\n","protected":false},"excerpt":{"rendered":"<p>El evento se inici\u00f3 este lunes 15 de septiembre y se desarrolla en la sede de la Legislatura de la Ciudad Aut\u00f3noma de Buenos Aires hasta este martes 16. Del encuentro, organizado por Legislaturas Conectadas, participan representantes de Concejos Deliberantes de todo el pa\u00eds. Una comitiva de concejales goyanos de distintos partidos pol\u00edticos se encuentra [&hellip;]<\/p>\n","protected":false},"author":4,"featured_media":134807,"comment_status":"closed","ping_status":"closed","sticky":false,"template":"","format":"standard","meta":{"footnotes":""},"categories":[45],"tags":[],"class_list":{"0":"post-135186","1":"post","2":"type-post","3":"status-publish","4":"format-standard","5":"has-post-thumbnail","7":"category-locales"},"_links":{"self":[{"href":"https:\/\/revistaesperanzas.com\/web\/wp-json\/wp\/v2\/posts\/135186","targetHints":{"allow":["GET"]}}],"collection":[{"href":"https:\/\/revistaesperanzas.com\/web\/wp-json\/wp\/v2\/posts"}],"about":[{"href":"https:\/\/revistaesperanzas.com\/web\/wp-json\/wp\/v2\/types\/post"}],"author":[{"embeddable":true,"href":"https:\/\/revistaesperanzas.com\/web\/wp-json\/wp\/v2\/users\/4"}],"replies":[{"embeddable":true,"href":"https:\/\/revistaesperanzas.com\/web\/wp-json\/wp\/v2\/comments?post=135186"}],"version-history":[{"count":0,"href":"https:\/\/revistaesperanzas.com\/web\/wp-json\/wp\/v2\/posts\/135186\/revisions"}],"wp:featuredmedia":[{"embeddable":true,"href":"https:\/\/revistaesperanzas.com\/web\/wp-json\/wp\/v2\/media\/134807"}],"wp:attachment":[{"href":"https:\/\/revistaesperanzas.com\/web\/wp-json\/wp\/v2\/media?parent=135186"}],"wp:term":[{"taxonomy":"category","embeddable":true,"href":"https:\/\/revistaesperanzas.com\/web\/wp-json\/wp\/v2\/categories?post=135186"},{"taxonomy":"post_tag","embeddable":true,"href":"https:\/\/revistaesperanzas.com\/web\/wp-json\/wp\/v2\/tags?post=135186"}],"curies":[{"name":"wp","href":"https:\/\/api.w.org\/{rel}","templated":true}]}}