{"id":135189,"date":"2025-09-15T19:37:58","date_gmt":"2025-09-15T22:37:58","guid":{"rendered":"https:\/\/revistaesperanzas.com\/web\/?p=135189"},"modified":"2025-09-15T19:37:58","modified_gmt":"2025-09-15T22:37:58","slug":"el-director-de-cultura-manuel-zampar-acompano-la-seleccion-de-los-talentos-artisticos","status":"publish","type":"post","link":"https:\/\/revistaesperanzas.com\/web\/2025\/09\/el-director-de-cultura-manuel-zampar-acompano-la-seleccion-de-los-talentos-artisticos\/","title":{"rendered":"EL DIRECTOR DE CULTURA MANUEL ZAMPAR ACOMPA\u00d1\u00d3 LA SELECCI\u00d3N DE LOS TALENTOS ART\u00cdSTICOS"},"content":{"rendered":"<p style=\"font-weight: 400;\">JUEGOS CULTURALES CORRENTINOS<\/p>\n<p style=\"font-weight: 400;\">Direcci\u00f3n de Prensa &#8211;\u00a0J\u00f3venes y adultos goyanos lograron su clasificaci\u00f3n a la instancia zonal a realizarse en el mes de octubre.<\/p>\n<p style=\"font-weight: 400;\">En la ma\u00f1ana del lunes, el Teatro Municipal fue el punto de convocatoria para la instancia local de los Juegos Correntinos. Este a\u00f1o, nuevamente con una particularidad que sucede desde ediciones anteriores: j\u00f3venes del municipio de Yatay Ti Calle participan de la selecci\u00f3n en los rubros correspondientes, en nuestra ciudad como sede. Sin embargo, cabe aclarar que son seleccionados por el jurado en nuestra ciudad, pero con la representaci\u00f3n para su municipio en la siguiente etapa selectiva.<a href=\"https:\/\/revistaesperanzas.com\/web\/2025\/09\/el-director-de-cultura-manuel-zampar-acompano-la-seleccion-de-los-talentos-artisticos\/juegos-culturales-local-2\/\" rel=\"attachment wp-att-135191\"><img loading=\"lazy\" decoding=\"async\" class=\" wp-image-135191 alignleft\" src=\"https:\/\/revistaesperanzas.com\/web\/wp-content\/uploads\/2025\/09\/Juegos-Culturales-Local-2.jpg\" alt=\"\" width=\"450\" height=\"300\" srcset=\"https:\/\/revistaesperanzas.com\/web\/wp-content\/uploads\/2025\/09\/Juegos-Culturales-Local-2.jpg 1600w, https:\/\/revistaesperanzas.com\/web\/wp-content\/uploads\/2025\/09\/Juegos-Culturales-Local-2-696x464.jpg 696w, https:\/\/revistaesperanzas.com\/web\/wp-content\/uploads\/2025\/09\/Juegos-Culturales-Local-2-1068x712.jpg 1068w, https:\/\/revistaesperanzas.com\/web\/wp-content\/uploads\/2025\/09\/Juegos-Culturales-Local-2-630x420.jpg 630w\" sizes=\"auto, (max-width: 450px) 100vw, 450px\" \/><\/a><\/p>\n<p style=\"font-weight: 400;\">El coordinador de los juegos a nivel local, Lisandro Stalla, agradeci\u00f3 el compromiso para participar, destac\u00f3 el permanente apoyo del director de Cultura y de todo el equipo de la direcci\u00f3n, y valor\u00f3 la cantidad de participantes: cerca de 50 en los rubros de danza por pareja Sub 15, Sub 18, adultos mayores, individual; teatro grupal; canto solista sub 15, sub 18 y conjunto musical. Pero, superando ese n\u00famero con los trabajos en los rubros est\u00e1ticos: dibujo, pintura, fotograf\u00eda, cuento, poes\u00eda y videominuto.<a href=\"https:\/\/revistaesperanzas.com\/web\/2025\/09\/el-director-de-cultura-manuel-zampar-acompano-la-seleccion-de-los-talentos-artisticos\/juegos-culturales-local-3\/\" rel=\"attachment wp-att-135192\"><img loading=\"lazy\" decoding=\"async\" class=\" wp-image-135192 alignright\" src=\"https:\/\/revistaesperanzas.com\/web\/wp-content\/uploads\/2025\/09\/Juegos-Culturales-Local-3.jpg\" alt=\"\" width=\"450\" height=\"300\" srcset=\"https:\/\/revistaesperanzas.com\/web\/wp-content\/uploads\/2025\/09\/Juegos-Culturales-Local-3.jpg 1600w, https:\/\/revistaesperanzas.com\/web\/wp-content\/uploads\/2025\/09\/Juegos-Culturales-Local-3-696x464.jpg 696w, https:\/\/revistaesperanzas.com\/web\/wp-content\/uploads\/2025\/09\/Juegos-Culturales-Local-3-1068x712.jpg 1068w, https:\/\/revistaesperanzas.com\/web\/wp-content\/uploads\/2025\/09\/Juegos-Culturales-Local-3-630x420.jpg 630w\" sizes=\"auto, (max-width: 450px) 100vw, 450px\" \/><\/a><\/p>\n<p style=\"font-weight: 400;\">En el momento de dar la bienvenida, Lisandro Stalla record\u00f3: \u201cEste a\u00f1o, al cumplir 20 a\u00f1os los juegos culturales correntinos, se invit\u00f3 a formar parte del selectivo a los ganadores de ediciones anteriores, en danza, m\u00fasica, pintura, cuento y poes\u00eda. Contamos con algunos de esos ganadores en esta instancia\u201d.<\/p>\n<p style=\"font-weight: 400;\">En otro tramo de sus palabras, Stalla reconoci\u00f3: \u201cEl aporte, la colaboraci\u00f3n del jurado: Ana Mar\u00eda Trainini y Gabriela Godoy en danza; Rub\u00e9n Olmedo y C\u00e9sar \u201cTuky\u201d Ortiz en m\u00fasica y canto; Alejandro Fern\u00e1ndez en teatro; M\u00f3nica Rubineau en fotograf\u00eda, cuento y poes\u00eda; y Leonardo Ram\u00edrez Boll en dibujo y pintura. Much\u00edsimas gracias por su buena predisposici\u00f3n, siempre\u201d.<a href=\"https:\/\/revistaesperanzas.com\/web\/2025\/09\/el-director-de-cultura-manuel-zampar-acompano-la-seleccion-de-los-talentos-artisticos\/juegos-culturales-local-4\/\" rel=\"attachment wp-att-135193\"><img loading=\"lazy\" decoding=\"async\" class=\" wp-image-135193 alignleft\" src=\"https:\/\/revistaesperanzas.com\/web\/wp-content\/uploads\/2025\/09\/Juegos-Culturales-Local-4.jpg\" alt=\"\" width=\"450\" height=\"300\" srcset=\"https:\/\/revistaesperanzas.com\/web\/wp-content\/uploads\/2025\/09\/Juegos-Culturales-Local-4.jpg 1600w, https:\/\/revistaesperanzas.com\/web\/wp-content\/uploads\/2025\/09\/Juegos-Culturales-Local-4-696x464.jpg 696w, https:\/\/revistaesperanzas.com\/web\/wp-content\/uploads\/2025\/09\/Juegos-Culturales-Local-4-1068x712.jpg 1068w, https:\/\/revistaesperanzas.com\/web\/wp-content\/uploads\/2025\/09\/Juegos-Culturales-Local-4-630x420.jpg 630w\" sizes=\"auto, (max-width: 450px) 100vw, 450px\" \/><\/a><\/p>\n<p style=\"font-weight: 400;\">Tras dar a conocer las consideraciones t\u00e9cnicas del selectivo local, dio inicio a la etapa de presentaci\u00f3n de los artistas en los diferentes rubros intervinientes.<\/p>\n<p style=\"font-weight: 400;\">Concluida las actuaciones de las distintas categor\u00edas, el jurado deliber\u00f3 y entreg\u00f3 el dictamen, lo cual permiti\u00f3 conocer a los clasificados a la instancia zonal, a realizarse en el mes de octubre en sede a\u00fan a designar.<\/p>\n<p style=\"font-weight: 400;\">LOS SELECCIONADOS A LA ETAPA ZONAL<a href=\"https:\/\/revistaesperanzas.com\/web\/2025\/09\/el-director-de-cultura-manuel-zampar-acompano-la-seleccion-de-los-talentos-artisticos\/juegos-culturales-local-5\/\" rel=\"attachment wp-att-135194\"><img loading=\"lazy\" decoding=\"async\" class=\" wp-image-135194 alignright\" src=\"https:\/\/revistaesperanzas.com\/web\/wp-content\/uploads\/2025\/09\/Juegos-Culturales-Local-5.jpg\" alt=\"\" width=\"450\" height=\"300\" srcset=\"https:\/\/revistaesperanzas.com\/web\/wp-content\/uploads\/2025\/09\/Juegos-Culturales-Local-5.jpg 1600w, https:\/\/revistaesperanzas.com\/web\/wp-content\/uploads\/2025\/09\/Juegos-Culturales-Local-5-696x464.jpg 696w, https:\/\/revistaesperanzas.com\/web\/wp-content\/uploads\/2025\/09\/Juegos-Culturales-Local-5-1068x712.jpg 1068w, https:\/\/revistaesperanzas.com\/web\/wp-content\/uploads\/2025\/09\/Juegos-Culturales-Local-5-630x420.jpg 630w\" sizes=\"auto, (max-width: 450px) 100vw, 450px\" \/><\/a><\/p>\n<p style=\"font-weight: 400;\">Videominuto: Tob\u00edas Zonschain.<\/p>\n<p style=\"font-weight: 400;\">Poes\u00eda Sub 15: Dylan Benjam\u00edn Monz\u00f3n.<\/p>\n<p style=\"font-weight: 400;\">Poes\u00eda Sub 18: Selene Maillen Garc\u00eda.<\/p>\n<p style=\"font-weight: 400;\">Cuento Sub 18: Candela Stefan\u00eda Cavalieri.<\/p>\n<p style=\"font-weight: 400;\">Cuento (ex participantes): empate entre Vilma Diana Stalla y Agustina Avalos.<a href=\"https:\/\/revistaesperanzas.com\/web\/2025\/09\/el-director-de-cultura-manuel-zampar-acompano-la-seleccion-de-los-talentos-artisticos\/juegos-culturales-local-1\/\" rel=\"attachment wp-att-135195\"><img loading=\"lazy\" decoding=\"async\" class=\" wp-image-135195 alignleft\" src=\"https:\/\/revistaesperanzas.com\/web\/wp-content\/uploads\/2025\/09\/Juegos-Culturales-Local-1.jpg\" alt=\"\" width=\"450\" height=\"300\" srcset=\"https:\/\/revistaesperanzas.com\/web\/wp-content\/uploads\/2025\/09\/Juegos-Culturales-Local-1.jpg 1600w, https:\/\/revistaesperanzas.com\/web\/wp-content\/uploads\/2025\/09\/Juegos-Culturales-Local-1-696x464.jpg 696w, https:\/\/revistaesperanzas.com\/web\/wp-content\/uploads\/2025\/09\/Juegos-Culturales-Local-1-1068x712.jpg 1068w, https:\/\/revistaesperanzas.com\/web\/wp-content\/uploads\/2025\/09\/Juegos-Culturales-Local-1-630x420.jpg 630w\" sizes=\"auto, (max-width: 450px) 100vw, 450px\" \/><\/a><\/p>\n<p style=\"font-weight: 400;\">Dibujo\/Pintura Sub 15: Jerem\u00edas Zonschain.<\/p>\n<p style=\"font-weight: 400;\">Dibujo\/Pintura Adultos Mayores: N\u00e9lida Yolanda Jara.<\/p>\n<p style=\"font-weight: 400;\">Dibujo\/Pintura (ex participantes): Laura Retamar.<\/p>\n<p style=\"font-weight: 400;\">Fotograf\u00eda Sub 15: Valentina Mazuchini.<\/p>\n<p style=\"font-weight: 400;\">Fotograf\u00eda Adultos Mayores: Marta Reyes Letelier.<\/p>\n<p style=\"font-weight: 400;\">Teatro Grupal: Obra \u201cMani\u2026atados\u201d, Conrado Brickman &#8211; Ana Paula Fleitas.<a href=\"https:\/\/revistaesperanzas.com\/web\/2025\/09\/el-director-de-cultura-manuel-zampar-acompano-la-seleccion-de-los-talentos-artisticos\/juegos-culturales-local-6\/\" rel=\"attachment wp-att-135196\"><img loading=\"lazy\" decoding=\"async\" class=\" wp-image-135196 alignright\" src=\"https:\/\/revistaesperanzas.com\/web\/wp-content\/uploads\/2025\/09\/Juegos-Culturales-Local-6.jpg\" alt=\"\" width=\"451\" height=\"254\" srcset=\"https:\/\/revistaesperanzas.com\/web\/wp-content\/uploads\/2025\/09\/Juegos-Culturales-Local-6.jpg 1600w, https:\/\/revistaesperanzas.com\/web\/wp-content\/uploads\/2025\/09\/Juegos-Culturales-Local-6-696x392.jpg 696w, https:\/\/revistaesperanzas.com\/web\/wp-content\/uploads\/2025\/09\/Juegos-Culturales-Local-6-1068x601.jpg 1068w, https:\/\/revistaesperanzas.com\/web\/wp-content\/uploads\/2025\/09\/Juegos-Culturales-Local-6-747x420.jpg 747w\" sizes=\"auto, (max-width: 451px) 100vw, 451px\" \/><\/a><\/p>\n<p style=\"font-weight: 400;\">Teatro Unipersonal: Obra \u201cCoraz\u00f3n Delatador\u201d, Celina Abigail Bejarano.<\/p>\n<p style=\"font-weight: 400;\">Canto Solista Sub 15: Nieves Fern\u00e1ndez.<\/p>\n<p style=\"font-weight: 400;\">Canto Solista Sub 18: Brisa Eliana D\u00edaz.<\/p>\n<p style=\"font-weight: 400;\">Conjunto Musical: Mat\u00edas Ignacio C\u00e1neva \u2013 Alejo Aquino.<\/p>\n<p style=\"font-weight: 400;\">Danza Pareja Sub 15: Empate entre Andrea Torales &#8211; Juan Mart\u00edn Di Gregorio y Candela Fachinotti &#8211; Benjam\u00edn Portillo.<\/p>\n<p style=\"font-weight: 400;\">Danza Pareja Sub 18: Empate entre Selene Barrios &#8211; Jos\u00e9 Ger\u00f3nimo Aquino y Valentina Abril Medina &#8211; Esteban Tob\u00edas Aguirre.<\/p>\n<p style=\"font-weight: 400;\">Danza Adultos Mayores: Aurelia Almir\u00f3n -Eduardo Sandoval.<a href=\"https:\/\/revistaesperanzas.com\/web\/2025\/09\/el-director-de-cultura-manuel-zampar-acompano-la-seleccion-de-los-talentos-artisticos\/juegos-culturales-local-7\/\" rel=\"attachment wp-att-135197\"><img loading=\"lazy\" decoding=\"async\" class=\" wp-image-135197 alignleft\" src=\"https:\/\/revistaesperanzas.com\/web\/wp-content\/uploads\/2025\/09\/Juegos-Culturales-Local-7.jpg\" alt=\"\" width=\"451\" height=\"254\" srcset=\"https:\/\/revistaesperanzas.com\/web\/wp-content\/uploads\/2025\/09\/Juegos-Culturales-Local-7.jpg 1600w, https:\/\/revistaesperanzas.com\/web\/wp-content\/uploads\/2025\/09\/Juegos-Culturales-Local-7-696x392.jpg 696w, https:\/\/revistaesperanzas.com\/web\/wp-content\/uploads\/2025\/09\/Juegos-Culturales-Local-7-1068x601.jpg 1068w, https:\/\/revistaesperanzas.com\/web\/wp-content\/uploads\/2025\/09\/Juegos-Culturales-Local-7-747x420.jpg 747w\" sizes=\"auto, (max-width: 451px) 100vw, 451px\" \/><\/a><\/p>\n<p style=\"font-weight: 400;\">Danza Individual: Cristian Aranda.<\/p>\n<p style=\"font-weight: 400;\">Danza Individual (Ex participante): Alexis Almua.<\/p>\n<p style=\"font-weight: 400;\">Una vez conocidos los clasificados, se procedi\u00f3 a la entrega de los certificados a los seleccionados y reconocimiento a los miembros del jurado. De esta ceremonia, junto al director de Cultura Manuel Zampar, particip\u00f3 el coordinador local de los Juegos Culturales Correntinos, Lisandro Stalla, y los integrantes del jurado: Ana Mar\u00eda Trainini, Gabriela Godoy, C\u00e9sar \u201cTuky\u201d Ortiz y Rub\u00e9n Olmedo.<\/p>\n<p style=\"font-weight: 400;\">Ahora solo restan conocer la fecha y el lugar donde se va a desarrollar la instancia zonal de los Juegos Culturales Correntinos 2025.<\/p>\n<p style=\"font-weight: 400;\">\n","protected":false},"excerpt":{"rendered":"<p>JUEGOS CULTURALES CORRENTINOS Direcci\u00f3n de Prensa &#8211;\u00a0J\u00f3venes y adultos goyanos lograron su clasificaci\u00f3n a la instancia zonal a realizarse en el mes de octubre. En la ma\u00f1ana del lunes, el Teatro Municipal fue el punto de convocatoria para la instancia local de los Juegos Correntinos. Este a\u00f1o, nuevamente con una particularidad que sucede desde ediciones [&hellip;]<\/p>\n","protected":false},"author":4,"featured_media":135190,"comment_status":"closed","ping_status":"closed","sticky":false,"template":"","format":"standard","meta":{"footnotes":""},"categories":[45],"tags":[],"class_list":{"0":"post-135189","1":"post","2":"type-post","3":"status-publish","4":"format-standard","5":"has-post-thumbnail","7":"category-locales"},"_links":{"self":[{"href":"https:\/\/revistaesperanzas.com\/web\/wp-json\/wp\/v2\/posts\/135189","targetHints":{"allow":["GET"]}}],"collection":[{"href":"https:\/\/revistaesperanzas.com\/web\/wp-json\/wp\/v2\/posts"}],"about":[{"href":"https:\/\/revistaesperanzas.com\/web\/wp-json\/wp\/v2\/types\/post"}],"author":[{"embeddable":true,"href":"https:\/\/revistaesperanzas.com\/web\/wp-json\/wp\/v2\/users\/4"}],"replies":[{"embeddable":true,"href":"https:\/\/revistaesperanzas.com\/web\/wp-json\/wp\/v2\/comments?post=135189"}],"version-history":[{"count":0,"href":"https:\/\/revistaesperanzas.com\/web\/wp-json\/wp\/v2\/posts\/135189\/revisions"}],"wp:featuredmedia":[{"embeddable":true,"href":"https:\/\/revistaesperanzas.com\/web\/wp-json\/wp\/v2\/media\/135190"}],"wp:attachment":[{"href":"https:\/\/revistaesperanzas.com\/web\/wp-json\/wp\/v2\/media?parent=135189"}],"wp:term":[{"taxonomy":"category","embeddable":true,"href":"https:\/\/revistaesperanzas.com\/web\/wp-json\/wp\/v2\/categories?post=135189"},{"taxonomy":"post_tag","embeddable":true,"href":"https:\/\/revistaesperanzas.com\/web\/wp-json\/wp\/v2\/tags?post=135189"}],"curies":[{"name":"wp","href":"https:\/\/api.w.org\/{rel}","templated":true}]}}