{"id":135207,"date":"2025-09-15T19:42:34","date_gmt":"2025-09-15T22:42:34","guid":{"rendered":"https:\/\/revistaesperanzas.com\/web\/?p=135207"},"modified":"2025-09-15T19:42:34","modified_gmt":"2025-09-15T22:42:34","slug":"presentacion-de-libro","status":"publish","type":"post","link":"https:\/\/revistaesperanzas.com\/web\/2025\/09\/presentacion-de-libro\/","title":{"rendered":"PRESENTACI\u00d3N DE LIBRO"},"content":{"rendered":"<p style=\"font-weight: 400;\"><a href=\"https:\/\/revistaesperanzas.com\/web\/2025\/09\/presentacion-de-libro\/libro-de-fabian-machuca-olivieri-flyr\/\" rel=\"attachment wp-att-135209\"><img loading=\"lazy\" decoding=\"async\" class=\" wp-image-135209 alignleft\" src=\"https:\/\/revistaesperanzas.com\/web\/wp-content\/uploads\/2025\/09\/Libro-de-Fabian-Machuca-Olivieri-flyr.jpg\" alt=\"\" width=\"297\" height=\"371\" srcset=\"https:\/\/revistaesperanzas.com\/web\/wp-content\/uploads\/2025\/09\/Libro-de-Fabian-Machuca-Olivieri-flyr.jpg 1080w, https:\/\/revistaesperanzas.com\/web\/wp-content\/uploads\/2025\/09\/Libro-de-Fabian-Machuca-Olivieri-flyr-696x870.jpg 696w, https:\/\/revistaesperanzas.com\/web\/wp-content\/uploads\/2025\/09\/Libro-de-Fabian-Machuca-Olivieri-flyr-1068x1335.jpg 1068w, https:\/\/revistaesperanzas.com\/web\/wp-content\/uploads\/2025\/09\/Libro-de-Fabian-Machuca-Olivieri-flyr-336x420.jpg 336w\" sizes=\"auto, (max-width: 297px) 100vw, 297px\" \/><\/a>Direcci\u00f3n de Prensa &#8211;\u00a0Luis Fabi\u00e1n Machuca Olivieri presentar\u00e1 su nueva obra literaria el mi\u00e9rcoles 18 en la Casa de la Cultura a las 19,30 horas.<\/p>\n<p style=\"font-weight: 400;\">Con el acompa\u00f1amiento de la Municipalidad de Goya a trav\u00e9s de la Direcci\u00f3n de Cultura, el autor presentar\u00e1 la obra: \u201c30 Poemas y Un Deseo\u201d.<\/p>\n<p style=\"font-weight: 400;\">Se invita a la comunidad a asistir a la presentaci\u00f3n del libro de Luis Fabi\u00e1n Machuca Olivieri, recordando que el acceso es libre y gratuito.<\/p>\n<p style=\"font-weight: 400;\">\n","protected":false},"excerpt":{"rendered":"<p>Direcci\u00f3n de Prensa &#8211;\u00a0Luis Fabi\u00e1n Machuca Olivieri presentar\u00e1 su nueva obra literaria el mi\u00e9rcoles 18 en la Casa de la Cultura a las 19,30 horas. Con el acompa\u00f1amiento de la Municipalidad de Goya a trav\u00e9s de la Direcci\u00f3n de Cultura, el autor presentar\u00e1 la obra: \u201c30 Poemas y Un Deseo\u201d. Se invita a la comunidad [&hellip;]<\/p>\n","protected":false},"author":4,"featured_media":135208,"comment_status":"closed","ping_status":"closed","sticky":false,"template":"","format":"standard","meta":{"footnotes":""},"categories":[45],"tags":[],"class_list":{"0":"post-135207","1":"post","2":"type-post","3":"status-publish","4":"format-standard","5":"has-post-thumbnail","7":"category-locales"},"_links":{"self":[{"href":"https:\/\/revistaesperanzas.com\/web\/wp-json\/wp\/v2\/posts\/135207","targetHints":{"allow":["GET"]}}],"collection":[{"href":"https:\/\/revistaesperanzas.com\/web\/wp-json\/wp\/v2\/posts"}],"about":[{"href":"https:\/\/revistaesperanzas.com\/web\/wp-json\/wp\/v2\/types\/post"}],"author":[{"embeddable":true,"href":"https:\/\/revistaesperanzas.com\/web\/wp-json\/wp\/v2\/users\/4"}],"replies":[{"embeddable":true,"href":"https:\/\/revistaesperanzas.com\/web\/wp-json\/wp\/v2\/comments?post=135207"}],"version-history":[{"count":0,"href":"https:\/\/revistaesperanzas.com\/web\/wp-json\/wp\/v2\/posts\/135207\/revisions"}],"wp:featuredmedia":[{"embeddable":true,"href":"https:\/\/revistaesperanzas.com\/web\/wp-json\/wp\/v2\/media\/135208"}],"wp:attachment":[{"href":"https:\/\/revistaesperanzas.com\/web\/wp-json\/wp\/v2\/media?parent=135207"}],"wp:term":[{"taxonomy":"category","embeddable":true,"href":"https:\/\/revistaesperanzas.com\/web\/wp-json\/wp\/v2\/categories?post=135207"},{"taxonomy":"post_tag","embeddable":true,"href":"https:\/\/revistaesperanzas.com\/web\/wp-json\/wp\/v2\/tags?post=135207"}],"curies":[{"name":"wp","href":"https:\/\/api.w.org\/{rel}","templated":true}]}}