{"id":135225,"date":"2025-09-16T08:21:13","date_gmt":"2025-09-16T11:21:13","guid":{"rendered":"https:\/\/revistaesperanzas.com\/web\/?p=135225"},"modified":"2025-09-16T08:22:40","modified_gmt":"2025-09-16T11:22:40","slug":"corazon-goyano-latio-fuerte-en-los-juegos-de-alto-rendimiento","status":"publish","type":"post","link":"https:\/\/revistaesperanzas.com\/web\/2025\/09\/corazon-goyano-latio-fuerte-en-los-juegos-de-alto-rendimiento\/","title":{"rendered":"CORAZ\u00d3N GOYANO LATI\u00d3 FUERTE EN LOS JUEGOS DE ALTO RENDIMIENTO"},"content":{"rendered":"<p class=\"x_MsoNormal\">Direcci\u00f3n de Prensa &#8211;\u00a0La goyana Virginia Cardozo logr\u00f3 medalla de bronce en la disciplina de Karate en la primera edici\u00f3n de estos juegos.<a href=\"https:\/\/revistaesperanzas.com\/web\/2025\/09\/corazon-goyano-latio-fuerte-en-los-juegos-de-alto-rendimiento\/jadar-2025-medlla-de-bronce-para-karateca-goyana-6\/\" rel=\"attachment wp-att-135227\"><img loading=\"lazy\" decoding=\"async\" class=\" wp-image-135227 alignright\" src=\"https:\/\/revistaesperanzas.com\/web\/wp-content\/uploads\/2025\/09\/JADAR-2025-Medlla-de-bronce-para-Karateca-Goyana-6.jpg\" alt=\"\" width=\"249\" height=\"553\" srcset=\"https:\/\/revistaesperanzas.com\/web\/wp-content\/uploads\/2025\/09\/JADAR-2025-Medlla-de-bronce-para-Karateca-Goyana-6.jpg 720w, https:\/\/revistaesperanzas.com\/web\/wp-content\/uploads\/2025\/09\/JADAR-2025-Medlla-de-bronce-para-Karateca-Goyana-6-696x1547.jpg 696w, https:\/\/revistaesperanzas.com\/web\/wp-content\/uploads\/2025\/09\/JADAR-2025-Medlla-de-bronce-para-Karateca-Goyana-6-189x420.jpg 189w\" sizes=\"auto, (max-width: 249px) 100vw, 249px\" \/><\/a><\/p>\n<p class=\"x_MsoNormal\">La joven karateca Virginia Cardozo, nacida en Goya y actualmente radicada en la ciudad aut\u00f3noma de Buenos Aires, se consagr\u00f3 con la medalla de bronce en los Juegos Argentinos de Alto Rendimiento, disputados en la ciudad de Rosario.<a href=\"https:\/\/revistaesperanzas.com\/web\/2025\/09\/corazon-goyano-latio-fuerte-en-los-juegos-de-alto-rendimiento\/jadar-2025-medlla-de-bronce-para-karateca-goyana-1\/\" rel=\"attachment wp-att-135228\"><img loading=\"lazy\" decoding=\"async\" class=\" wp-image-135228 alignleft\" src=\"https:\/\/revistaesperanzas.com\/web\/wp-content\/uploads\/2025\/09\/JADAR-2025-Medlla-de-bronce-para-Karateca-Goyana-1.jpg\" alt=\"\" width=\"351\" height=\"234\" srcset=\"https:\/\/revistaesperanzas.com\/web\/wp-content\/uploads\/2025\/09\/JADAR-2025-Medlla-de-bronce-para-Karateca-Goyana-1.jpg 1280w, https:\/\/revistaesperanzas.com\/web\/wp-content\/uploads\/2025\/09\/JADAR-2025-Medlla-de-bronce-para-Karateca-Goyana-1-696x464.jpg 696w, https:\/\/revistaesperanzas.com\/web\/wp-content\/uploads\/2025\/09\/JADAR-2025-Medlla-de-bronce-para-Karateca-Goyana-1-1068x712.jpg 1068w, https:\/\/revistaesperanzas.com\/web\/wp-content\/uploads\/2025\/09\/JADAR-2025-Medlla-de-bronce-para-Karateca-Goyana-1-630x420.jpg 630w\" sizes=\"auto, (max-width: 351px) 100vw, 351px\" \/><\/a><\/p>\n<p class=\"x_MsoNormal\">Cardozo, que representa deportivamente a CABA, donde estudia Medicina Veterinaria en la Universidad de Buenos Aires (UBA), dej\u00f3 su huella en uno de los torneos m\u00e1s exigentes del pa\u00eds. A pesar de competir por Buenos Aires, su coraz\u00f3n sigue latiendo fuerte por su ciudad natal, motivo por el cual en Goya se celebra<a href=\"https:\/\/revistaesperanzas.com\/web\/2025\/09\/corazon-goyano-latio-fuerte-en-los-juegos-de-alto-rendimiento\/jadar-2025-medlla-de-bronce-para-karateca-goyana-3\/\" rel=\"attachment wp-att-135229\"><img loading=\"lazy\" decoding=\"async\" class=\" wp-image-135229 alignright\" src=\"https:\/\/revistaesperanzas.com\/web\/wp-content\/uploads\/2025\/09\/JADAR-2025-Medlla-de-bronce-para-Karateca-Goyana-3.jpg\" alt=\"\" width=\"401\" height=\"267\" srcset=\"https:\/\/revistaesperanzas.com\/web\/wp-content\/uploads\/2025\/09\/JADAR-2025-Medlla-de-bronce-para-Karateca-Goyana-3.jpg 1280w, https:\/\/revistaesperanzas.com\/web\/wp-content\/uploads\/2025\/09\/JADAR-2025-Medlla-de-bronce-para-Karateca-Goyana-3-696x464.jpg 696w, https:\/\/revistaesperanzas.com\/web\/wp-content\/uploads\/2025\/09\/JADAR-2025-Medlla-de-bronce-para-Karateca-Goyana-3-1068x712.jpg 1068w, https:\/\/revistaesperanzas.com\/web\/wp-content\/uploads\/2025\/09\/JADAR-2025-Medlla-de-bronce-para-Karateca-Goyana-3-630x420.jpg 630w\" sizes=\"auto, (max-width: 401px) 100vw, 401px\" \/><\/a> su logro como propio.<\/p>\n<p class=\"x_MsoNormal\">Virginia Cardozo, disput\u00f3 los juegos en la modalidad Kumite, en la categor\u00eda: Mayores -55kg, la joven deportista en la disciplina es cintur\u00f3n azul.<\/p>\n<p class=\"x_MsoNormal\">El torneo, que reuni\u00f3 a los mejores atletas juveniles de alto rendimiento de Argentina, es<a href=\"https:\/\/revistaesperanzas.com\/web\/?attachment_id=\" rel=\"attachment wp-att-135230\"><img loading=\"lazy\" decoding=\"async\" class=\" wp-image-135230 alignleft\" src=\"https:\/\/revistaesperanzas.com\/web\/wp-content\/uploads\/2025\/09\/JADAR-2025-Medlla-de-bronce-para-Karateca-Goyana-5.jpg\" alt=\"\" width=\"296\" height=\"395\" \/><\/a> considerado una plataforma clave para el desarrollo de deportistas rumbo a competencias internacionales. La actuaci\u00f3n de Virginia no solo destaca por su nivel t\u00e9cnico, sino tambi\u00e9n por su entrega, disciplina y esp\u00edritu deportivo.<\/p>\n<p class=\"x_MsoNormal\">Desde Goya, familiares, ex compa\u00f1eros y vecinos compartieron su alegr\u00eda y orgullo por este nuevo paso en la carrera de la joven, quien contin\u00faa demostrando que, con esfuerzo y pasi\u00f3n, se puede llegar muy lejos.<\/p>\n<p class=\"x_MsoNormal\">Goya acompa\u00f1a el logro de la joven deportista. Algunos datos para ilustrar: naci\u00f3 en 1 de diciembre de 1994; cursos sus estudios primarios en el Instituto \u201cSanta Teresa de Jes\u00fas\u201d, el nivel<a href=\"https:\/\/revistaesperanzas.com\/web\/2025\/09\/corazon-goyano-latio-fuerte-en-los-juegos-de-alto-rendimiento\/jadar-2025-medlla-de-bronce-para-karateca-goyana-5-2\/\" rel=\"attachment wp-att-135233\"><img loading=\"lazy\" decoding=\"async\" class=\" wp-image-135233 alignright\" src=\"https:\/\/revistaesperanzas.com\/web\/wp-content\/uploads\/2025\/09\/JADAR-2025-Medlla-de-bronce-para-Karateca-Goyana-5-1.jpg\" alt=\"\" width=\"400\" height=\"295\" srcset=\"https:\/\/revistaesperanzas.com\/web\/wp-content\/uploads\/2025\/09\/JADAR-2025-Medlla-de-bronce-para-Karateca-Goyana-5-1.jpg 3022w, https:\/\/revistaesperanzas.com\/web\/wp-content\/uploads\/2025\/09\/JADAR-2025-Medlla-de-bronce-para-Karateca-Goyana-5-1-80x60.jpg 80w, https:\/\/revistaesperanzas.com\/web\/wp-content\/uploads\/2025\/09\/JADAR-2025-Medlla-de-bronce-para-Karateca-Goyana-5-1-696x513.jpg 696w, https:\/\/revistaesperanzas.com\/web\/wp-content\/uploads\/2025\/09\/JADAR-2025-Medlla-de-bronce-para-Karateca-Goyana-5-1-1068x787.jpg 1068w, https:\/\/revistaesperanzas.com\/web\/wp-content\/uploads\/2025\/09\/JADAR-2025-Medlla-de-bronce-para-Karateca-Goyana-5-1-570x420.jpg 570w, https:\/\/revistaesperanzas.com\/web\/wp-content\/uploads\/2025\/09\/JADAR-2025-Medlla-de-bronce-para-Karateca-Goyana-5-1-1920x1414.jpg 1920w\" sizes=\"auto, (max-width: 400px) 100vw, 400px\" \/><\/a> secundario en la Escuela Normal \u201cMariano I. Loza\u201d, actualmente estudia la carrera de veterinaria en la UBA (Universidad de Buenos Aires). Adem\u00e1s, se desempe\u00f1a como asistente en dos cl\u00ednicas veterinarias de CABA (Ciudad Aut\u00f3noma de Buenos Aires).<\/p>\n<p class=\"x_MsoNormal\">\n","protected":false},"excerpt":{"rendered":"<p>Direcci\u00f3n de Prensa &#8211;\u00a0La goyana Virginia Cardozo logr\u00f3 medalla de bronce en la disciplina de Karate en la primera edici\u00f3n de estos juegos. La joven karateca Virginia Cardozo, nacida en Goya y actualmente radicada en la ciudad aut\u00f3noma de Buenos Aires, se consagr\u00f3 con la medalla de bronce en los Juegos Argentinos de Alto Rendimiento, [&hellip;]<\/p>\n","protected":false},"author":4,"featured_media":135226,"comment_status":"closed","ping_status":"closed","sticky":false,"template":"","format":"standard","meta":{"footnotes":""},"categories":[45],"tags":[],"class_list":{"0":"post-135225","1":"post","2":"type-post","3":"status-publish","4":"format-standard","5":"has-post-thumbnail","7":"category-locales"},"_links":{"self":[{"href":"https:\/\/revistaesperanzas.com\/web\/wp-json\/wp\/v2\/posts\/135225","targetHints":{"allow":["GET"]}}],"collection":[{"href":"https:\/\/revistaesperanzas.com\/web\/wp-json\/wp\/v2\/posts"}],"about":[{"href":"https:\/\/revistaesperanzas.com\/web\/wp-json\/wp\/v2\/types\/post"}],"author":[{"embeddable":true,"href":"https:\/\/revistaesperanzas.com\/web\/wp-json\/wp\/v2\/users\/4"}],"replies":[{"embeddable":true,"href":"https:\/\/revistaesperanzas.com\/web\/wp-json\/wp\/v2\/comments?post=135225"}],"version-history":[{"count":0,"href":"https:\/\/revistaesperanzas.com\/web\/wp-json\/wp\/v2\/posts\/135225\/revisions"}],"wp:featuredmedia":[{"embeddable":true,"href":"https:\/\/revistaesperanzas.com\/web\/wp-json\/wp\/v2\/media\/135226"}],"wp:attachment":[{"href":"https:\/\/revistaesperanzas.com\/web\/wp-json\/wp\/v2\/media?parent=135225"}],"wp:term":[{"taxonomy":"category","embeddable":true,"href":"https:\/\/revistaesperanzas.com\/web\/wp-json\/wp\/v2\/categories?post=135225"},{"taxonomy":"post_tag","embeddable":true,"href":"https:\/\/revistaesperanzas.com\/web\/wp-json\/wp\/v2\/tags?post=135225"}],"curies":[{"name":"wp","href":"https:\/\/api.w.org\/{rel}","templated":true}]}}