{"id":135240,"date":"2025-09-16T12:17:51","date_gmt":"2025-09-16T15:17:51","guid":{"rendered":"https:\/\/revistaesperanzas.com\/web\/?p=135240"},"modified":"2025-09-16T12:17:51","modified_gmt":"2025-09-16T15:17:51","slug":"la-policia-de-corrientes-rescato-a-un-animal-vacuno-que-habria-caido-a-un-pozo","status":"publish","type":"post","link":"https:\/\/revistaesperanzas.com\/web\/2025\/09\/la-policia-de-corrientes-rescato-a-un-animal-vacuno-que-habria-caido-a-un-pozo\/","title":{"rendered":"LA POLIC\u00cdA DE CORRIENTES RESCAT\u00d3 A UN ANIMAL VACUNO QUE HABR\u00cdA CA\u00cdDO A UN POZO"},"content":{"rendered":"<p>GENERAL PAZ &#8211; &#8211; &#8211; En horas de la ma\u00f1ana de ayer 15-09-25, personal policial de la Unidad Especial de Seguridad Rural y Ecol\u00f3gica de Ca\u00e1 Cat\u00ed, en la zona de Paraje Capillita Departamento General Paz, llev\u00f3 adelante un exitoso procedimiento de rescate.<\/p>\n<p>El operativo se llev\u00f3 a cabo tras tomar conocimiento de que un animal vacuno hab\u00eda ca\u00eddo dentro de un pozo cloacal, situaci\u00f3n que pon\u00eda en riesgo su vida, motivo por el cual los efectivos policiales desplegaron un trabajo coordinado, utilizando diferentes maniobras lograron as\u00ed extraer al animal, sano y salvo.<\/p>\n<p>Posteriormente, fue entregado a su propietario, este hecho muestra la vocaci\u00f3n de servicio y compromiso del personal policial rural, no solo en materia de seguridad, sino tambi\u00e9n en la protecci\u00f3n de los animales y la asistencia a la comunidad en situaciones de emergencia.<\/p>\n","protected":false},"excerpt":{"rendered":"<p>GENERAL PAZ &#8211; &#8211; &#8211; En horas de la ma\u00f1ana de ayer 15-09-25, personal policial de la Unidad Especial de Seguridad Rural y Ecol\u00f3gica de Ca\u00e1 Cat\u00ed, en la zona de Paraje Capillita Departamento General Paz, llev\u00f3 adelante un exitoso procedimiento de rescate. El operativo se llev\u00f3 a cabo tras tomar conocimiento de que un [&hellip;]<\/p>\n","protected":false},"author":4,"featured_media":135241,"comment_status":"closed","ping_status":"closed","sticky":false,"template":"","format":"standard","meta":{"footnotes":""},"categories":[58],"tags":[],"class_list":{"0":"post-135240","1":"post","2":"type-post","3":"status-publish","4":"format-standard","5":"has-post-thumbnail","7":"category-corrientes"},"_links":{"self":[{"href":"https:\/\/revistaesperanzas.com\/web\/wp-json\/wp\/v2\/posts\/135240","targetHints":{"allow":["GET"]}}],"collection":[{"href":"https:\/\/revistaesperanzas.com\/web\/wp-json\/wp\/v2\/posts"}],"about":[{"href":"https:\/\/revistaesperanzas.com\/web\/wp-json\/wp\/v2\/types\/post"}],"author":[{"embeddable":true,"href":"https:\/\/revistaesperanzas.com\/web\/wp-json\/wp\/v2\/users\/4"}],"replies":[{"embeddable":true,"href":"https:\/\/revistaesperanzas.com\/web\/wp-json\/wp\/v2\/comments?post=135240"}],"version-history":[{"count":0,"href":"https:\/\/revistaesperanzas.com\/web\/wp-json\/wp\/v2\/posts\/135240\/revisions"}],"wp:featuredmedia":[{"embeddable":true,"href":"https:\/\/revistaesperanzas.com\/web\/wp-json\/wp\/v2\/media\/135241"}],"wp:attachment":[{"href":"https:\/\/revistaesperanzas.com\/web\/wp-json\/wp\/v2\/media?parent=135240"}],"wp:term":[{"taxonomy":"category","embeddable":true,"href":"https:\/\/revistaesperanzas.com\/web\/wp-json\/wp\/v2\/categories?post=135240"},{"taxonomy":"post_tag","embeddable":true,"href":"https:\/\/revistaesperanzas.com\/web\/wp-json\/wp\/v2\/tags?post=135240"}],"curies":[{"name":"wp","href":"https:\/\/api.w.org\/{rel}","templated":true}]}}