{"id":135244,"date":"2025-09-16T19:18:59","date_gmt":"2025-09-16T22:18:59","guid":{"rendered":"https:\/\/revistaesperanzas.com\/web\/?p=135244"},"modified":"2025-09-16T19:18:59","modified_gmt":"2025-09-16T22:18:59","slug":"22-edicion-del-rally-argentino-etapa-2","status":"publish","type":"post","link":"https:\/\/revistaesperanzas.com\/web\/2025\/09\/22-edicion-del-rally-argentino-etapa-2\/","title":{"rendered":"22\u00b0 EDICI\u00d3N DEL RALLY ARGENTINO \u2013 ETAPA 2"},"content":{"rendered":"<p>AREA INTERIOR &#8211; &#8211; &#8211; \u00d3ptimo resultado del Dispositivo de Prevenci\u00f3n y Seguridad implementado por la Polic\u00eda. El evento se desarroll\u00f3 con normalidad y sin inconvenientes en materia de seguridad.<a href=\"https:\/\/revistaesperanzas.com\/web\/2025\/09\/22-edicion-del-rally-argentino-etapa-2\/whatsapp-image-2025-09-16-at-12-49-40-1\/\" rel=\"attachment wp-att-135247\"><img loading=\"lazy\" decoding=\"async\" class=\"alignnone size-full wp-image-135247\" src=\"https:\/\/revistaesperanzas.com\/web\/wp-content\/uploads\/2025\/09\/WhatsApp-Image-2025-09-16-at-12.49.40-1.jpeg\" alt=\"\" width=\"1099\" height=\"475\" srcset=\"https:\/\/revistaesperanzas.com\/web\/wp-content\/uploads\/2025\/09\/WhatsApp-Image-2025-09-16-at-12.49.40-1.jpeg 1099w, https:\/\/revistaesperanzas.com\/web\/wp-content\/uploads\/2025\/09\/WhatsApp-Image-2025-09-16-at-12.49.40-1-696x301.jpeg 696w, https:\/\/revistaesperanzas.com\/web\/wp-content\/uploads\/2025\/09\/WhatsApp-Image-2025-09-16-at-12.49.40-1-1068x462.jpeg 1068w, https:\/\/revistaesperanzas.com\/web\/wp-content\/uploads\/2025\/09\/WhatsApp-Image-2025-09-16-at-12.49.40-1-972x420.jpeg 972w\" sizes=\"auto, (max-width: 1099px) 100vw, 1099px\" \/><\/a><\/p>\n<p>En el marco del Dispositivo Especial de Seguridad y Prevenci\u00f3n implementado por la Polic\u00eda de Corrientes con motivo de la 2da edici\u00f3n del Rally Argentino en su 2da etapa, que recorri\u00f3 los tramos comprendidos entre las ciudades de Esquina, Goya y Bella Vista, se despleg\u00f3 un importante operativo policial que permiti\u00f3 el desarrollo del evento con total normalidad y sin hechos de trascendencia en materia de seguridad.<a href=\"https:\/\/revistaesperanzas.com\/web\/2025\/09\/22-edicion-del-rally-argentino-etapa-2\/whatsapp-image-2025-09-16-at-12-49-40\/\" rel=\"attachment wp-att-135248\"><img loading=\"lazy\" decoding=\"async\" class=\"alignnone size-full wp-image-135248\" src=\"https:\/\/revistaesperanzas.com\/web\/wp-content\/uploads\/2025\/09\/WhatsApp-Image-2025-09-16-at-12.49.40.jpeg\" alt=\"\" width=\"899\" height=\"595\" srcset=\"https:\/\/revistaesperanzas.com\/web\/wp-content\/uploads\/2025\/09\/WhatsApp-Image-2025-09-16-at-12.49.40.jpeg 899w, https:\/\/revistaesperanzas.com\/web\/wp-content\/uploads\/2025\/09\/WhatsApp-Image-2025-09-16-at-12.49.40-696x461.jpeg 696w, https:\/\/revistaesperanzas.com\/web\/wp-content\/uploads\/2025\/09\/WhatsApp-Image-2025-09-16-at-12.49.40-635x420.jpeg 635w\" sizes=\"auto, (max-width: 899px) 100vw, 899px\" \/><\/a><\/p>\n<p>El servicio cont\u00f3 con la afectaci\u00f3n de m\u00f3viles, patrulleros y efectivos policiales pertenecientes a la Direcci\u00f3n General de Seguridad Vial y de la Unidad Regional N\u00b02 \u2013 Goya, quienes trabajaron en la regulaci\u00f3n del tr\u00e1nsito, controles en rutas, seguridad perimetral y prevenci\u00f3n de incidentes a lo largo de los distintos sectores del recorrido.<a href=\"https:\/\/revistaesperanzas.com\/web\/2025\/09\/22-edicion-del-rally-argentino-etapa-2\/whatsapp-image-2025-09-16-at-12-49-41\/\" rel=\"attachment wp-att-135249\"><img loading=\"lazy\" decoding=\"async\" class=\"alignnone size-full wp-image-135249\" src=\"https:\/\/revistaesperanzas.com\/web\/wp-content\/uploads\/2025\/09\/WhatsApp-Image-2025-09-16-at-12.49.41.jpeg\" alt=\"\" width=\"1280\" height=\"720\" srcset=\"https:\/\/revistaesperanzas.com\/web\/wp-content\/uploads\/2025\/09\/WhatsApp-Image-2025-09-16-at-12.49.41.jpeg 1280w, https:\/\/revistaesperanzas.com\/web\/wp-content\/uploads\/2025\/09\/WhatsApp-Image-2025-09-16-at-12.49.41-696x392.jpeg 696w, https:\/\/revistaesperanzas.com\/web\/wp-content\/uploads\/2025\/09\/WhatsApp-Image-2025-09-16-at-12.49.41-1068x601.jpeg 1068w, https:\/\/revistaesperanzas.com\/web\/wp-content\/uploads\/2025\/09\/WhatsApp-Image-2025-09-16-at-12.49.41-747x420.jpeg 747w\" sizes=\"auto, (max-width: 1280px) 100vw, 1280px\" \/><\/a><\/p>\n<p>Cabe se\u00f1alar que, gracias a la planificaci\u00f3n estrat\u00e9gica y la coordinaci\u00f3n operativa, el dispositivo arroj\u00f3 un resultado altamente positivo, garantizando la seguridad de los competidores, equipos t\u00e9cnicos, turistas y p\u00fablico en general.<\/p>\n","protected":false},"excerpt":{"rendered":"<p>AREA INTERIOR &#8211; &#8211; &#8211; \u00d3ptimo resultado del Dispositivo de Prevenci\u00f3n y Seguridad implementado por la Polic\u00eda. El evento se desarroll\u00f3 con normalidad y sin inconvenientes en materia de seguridad. En el marco del Dispositivo Especial de Seguridad y Prevenci\u00f3n implementado por la Polic\u00eda de Corrientes con motivo de la 2da edici\u00f3n del Rally Argentino [&hellip;]<\/p>\n","protected":false},"author":4,"featured_media":135246,"comment_status":"closed","ping_status":"closed","sticky":false,"template":"","format":"standard","meta":{"footnotes":""},"categories":[58],"tags":[],"class_list":{"0":"post-135244","1":"post","2":"type-post","3":"status-publish","4":"format-standard","5":"has-post-thumbnail","7":"category-corrientes"},"_links":{"self":[{"href":"https:\/\/revistaesperanzas.com\/web\/wp-json\/wp\/v2\/posts\/135244","targetHints":{"allow":["GET"]}}],"collection":[{"href":"https:\/\/revistaesperanzas.com\/web\/wp-json\/wp\/v2\/posts"}],"about":[{"href":"https:\/\/revistaesperanzas.com\/web\/wp-json\/wp\/v2\/types\/post"}],"author":[{"embeddable":true,"href":"https:\/\/revistaesperanzas.com\/web\/wp-json\/wp\/v2\/users\/4"}],"replies":[{"embeddable":true,"href":"https:\/\/revistaesperanzas.com\/web\/wp-json\/wp\/v2\/comments?post=135244"}],"version-history":[{"count":0,"href":"https:\/\/revistaesperanzas.com\/web\/wp-json\/wp\/v2\/posts\/135244\/revisions"}],"wp:featuredmedia":[{"embeddable":true,"href":"https:\/\/revistaesperanzas.com\/web\/wp-json\/wp\/v2\/media\/135246"}],"wp:attachment":[{"href":"https:\/\/revistaesperanzas.com\/web\/wp-json\/wp\/v2\/media?parent=135244"}],"wp:term":[{"taxonomy":"category","embeddable":true,"href":"https:\/\/revistaesperanzas.com\/web\/wp-json\/wp\/v2\/categories?post=135244"},{"taxonomy":"post_tag","embeddable":true,"href":"https:\/\/revistaesperanzas.com\/web\/wp-json\/wp\/v2\/tags?post=135244"}],"curies":[{"name":"wp","href":"https:\/\/api.w.org\/{rel}","templated":true}]}}