{"id":135263,"date":"2025-09-16T19:53:26","date_gmt":"2025-09-16T22:53:26","guid":{"rendered":"https:\/\/revistaesperanzas.com\/web\/?p=135263"},"modified":"2025-09-16T19:53:26","modified_gmt":"2025-09-16T22:53:26","slug":"jose-casco-tenemos-dos-aparatos-que-hacen-encuestas-el-oido-y-las-piernas-escuchar-y-caminar-y-eso-nos-permite-estar-con-el-vecino","status":"publish","type":"post","link":"https:\/\/revistaesperanzas.com\/web\/2025\/09\/jose-casco-tenemos-dos-aparatos-que-hacen-encuestas-el-oido-y-las-piernas-escuchar-y-caminar-y-eso-nos-permite-estar-con-el-vecino\/","title":{"rendered":"JOS\u00c9 CASCO: \u201cTENEMOS DOS APARATOS QUE HACEN ENCUESTAS: EL O\u00cdDO Y LAS PIERNAS -ESCUCHAR Y CAMINAR- Y ESO NOS PERMITE ESTAR CON EL VECINO\u201d"},"content":{"rendered":"<p style=\"font-weight: 400;\">El municipio de Goya ha consolidado en los \u00faltimos a\u00f1os una forma de trabajo basada en la articulaci\u00f3n y la cercan\u00eda con los vecinos. Esa din\u00e1mica de combinar esfuerzos, escuchar inquietudes y generar espacios de encuentro para plantear soluciones se refleja de manera clara en el rol del Director de Consejos Vecinales, Jos\u00e9 Casco.<a href=\"https:\/\/revistaesperanzas.com\/web\/2025\/09\/jose-casco-tenemos-dos-aparatos-que-hacen-encuestas-el-oido-y-las-piernas-escuchar-y-caminar-y-eso-nos-permite-estar-con-el-vecino\/jose-casco-1\/\" rel=\"attachment wp-att-135265\"><img loading=\"lazy\" decoding=\"async\" class=\"alignnone size-full wp-image-135265\" src=\"https:\/\/revistaesperanzas.com\/web\/wp-content\/uploads\/2025\/09\/jose-casco-1.jpeg\" alt=\"\" width=\"1600\" height=\"1066\" srcset=\"https:\/\/revistaesperanzas.com\/web\/wp-content\/uploads\/2025\/09\/jose-casco-1.jpeg 1600w, https:\/\/revistaesperanzas.com\/web\/wp-content\/uploads\/2025\/09\/jose-casco-1-696x464.jpeg 696w, https:\/\/revistaesperanzas.com\/web\/wp-content\/uploads\/2025\/09\/jose-casco-1-1068x712.jpeg 1068w, https:\/\/revistaesperanzas.com\/web\/wp-content\/uploads\/2025\/09\/jose-casco-1-630x420.jpeg 630w\" sizes=\"auto, (max-width: 1600px) 100vw, 1600px\" \/><\/a><\/p>\n<p style=\"font-weight: 400;\">En di\u00e1logo telef\u00f3nico con la 88.3 Radio Ciudad, Casco destac\u00f3 la importancia del v\u00ednculo constante con los presidentes barriales y despu\u00e9s de lo pasado en el \u00faltimo d\u00eda de agosto, se sostiene, se sustenta y se fortalece la confianza mutua por esta cuesti\u00f3n de acompa\u00f1ar o trabajar junto al vecino, junto a sus presidentes barriales, darle la entidad que tienen y tambi\u00e9n pedirle a los vecinos que regularicen sus situaciones en cuanto a comisiones barriales.<\/p>\n<p style=\"font-weight: 400;\">El funcionario explic\u00f3 que este trabajo se da en coordinaci\u00f3n con el Consejo Plenario Vecinal, al se\u00f1alar que \u201cese es un trabajo en conjunto con el Consejo Plenario Vecinal, quien es el que regula los consejos vecinales, los papeles y el cual da su aval para conformar o no conformar una comisi\u00f3n vecinal, que es el presidente del Consejo Plenario\u201d.<\/p>\n<p style=\"font-weight: 400;\">Asimismo, aclar\u00f3 que \u201cnosotros asesoramos, acompa\u00f1amos, para posteriormente que se forme la comisi\u00f3n. Acompa\u00f1ar y asesorar en los proyectos, en las ideas, en todo lo que la comisi\u00f3n quiera mejorar para su lugar, de donde est\u00e1 situado su barrio\u201d.<a href=\"https:\/\/revistaesperanzas.com\/web\/2025\/09\/jose-casco-tenemos-dos-aparatos-que-hacen-encuestas-el-oido-y-las-piernas-escuchar-y-caminar-y-eso-nos-permite-estar-con-el-vecino\/jose-casco-3\/\" rel=\"attachment wp-att-135266\"><img loading=\"lazy\" decoding=\"async\" class=\"alignnone size-full wp-image-135266\" src=\"https:\/\/revistaesperanzas.com\/web\/wp-content\/uploads\/2025\/09\/jose-casco-3.jpeg\" alt=\"\" width=\"1600\" height=\"1066\" srcset=\"https:\/\/revistaesperanzas.com\/web\/wp-content\/uploads\/2025\/09\/jose-casco-3.jpeg 1600w, https:\/\/revistaesperanzas.com\/web\/wp-content\/uploads\/2025\/09\/jose-casco-3-696x464.jpeg 696w, https:\/\/revistaesperanzas.com\/web\/wp-content\/uploads\/2025\/09\/jose-casco-3-1068x712.jpeg 1068w, https:\/\/revistaesperanzas.com\/web\/wp-content\/uploads\/2025\/09\/jose-casco-3-630x420.jpeg 630w\" sizes=\"auto, (max-width: 1600px) 100vw, 1600px\" \/><\/a><\/p>\n<p style=\"font-weight: 400;\">En esa l\u00ednea, Casco recalc\u00f3 que \u201ccada barrio tiene su problem\u00e1tica, son todos distintos. No hay barrios que tengan el mismo problema, todos tienen diversas problem\u00e1ticas y eso tambi\u00e9n hace a la coordinaci\u00f3n que sea llevadera y el trabajo que se hace en conjunto con las comisiones donde ya est\u00e1n regularizadas y formalizadas por el consejo plenario\u201d.<\/p>\n<p style=\"font-weight: 400;\">REUNIONES ZONALES<\/p>\n<p style=\"font-weight: 400;\">El director de Consejos Vecinales destac\u00f3 tambi\u00e9n la modalidad de reuniones zonales implementadas por el municipio: \u201cEsas reuniones zonales que se hacen es precisamente acercar a todo el gabinete municipal con la presencia del intendente, que a veces es una soluci\u00f3n pr\u00e1cticamente en el momento, porque ya tenemos todas las partes, entonces el presidente lleva su proyecto que est\u00e1 encaminado, por verse y qu\u00e9 es lo que le estar\u00eda faltando o que no se va a realizar\u201d.<\/p>\n<p style=\"font-weight: 400;\">En este marco, fue contundente al afirmar que \u201csiempre digo que la respuesta no siempre tiene que ser S\u00ed para los consejos vecinales. Hay veces que No, o m\u00e1s adelante o no hay presupuesto o el presupuesto es muy alto. Entonces siempre se buscan las prioridades, porque entiendo que los presidentes quieren poner colorido, lindo su barrio, pero por supuesto eso se ve a trav\u00e9s de cada \u00e1rea y de cada funcionario, donde tambi\u00e9n el intendente tiene su mirada, tiene su proyecto, y para eso fue elegido\u201d.<\/p>\n<p style=\"font-weight: 400;\">Para Casco, la clave de estas instancias est\u00e1 en que \u201cah\u00ed es donde se achican las diferencias que hay, se llega a una conclusi\u00f3n y para eso son las reuniones zonales que se hacen\u201d.<a href=\"https:\/\/revistaesperanzas.com\/web\/2025\/09\/jose-casco-tenemos-dos-aparatos-que-hacen-encuestas-el-oido-y-las-piernas-escuchar-y-caminar-y-eso-nos-permite-estar-con-el-vecino\/jose-casco-4\/\" rel=\"attachment wp-att-135267\"><img loading=\"lazy\" decoding=\"async\" class=\"alignnone size-full wp-image-135267\" src=\"https:\/\/revistaesperanzas.com\/web\/wp-content\/uploads\/2025\/09\/jose-casco-4.jpeg\" alt=\"\" width=\"1600\" height=\"1066\" srcset=\"https:\/\/revistaesperanzas.com\/web\/wp-content\/uploads\/2025\/09\/jose-casco-4.jpeg 1600w, https:\/\/revistaesperanzas.com\/web\/wp-content\/uploads\/2025\/09\/jose-casco-4-696x464.jpeg 696w, https:\/\/revistaesperanzas.com\/web\/wp-content\/uploads\/2025\/09\/jose-casco-4-1068x712.jpeg 1068w, https:\/\/revistaesperanzas.com\/web\/wp-content\/uploads\/2025\/09\/jose-casco-4-630x420.jpeg 630w\" sizes=\"auto, (max-width: 1600px) 100vw, 1600px\" \/><\/a><\/p>\n<p style=\"font-weight: 400;\">EL PROGRAMA \u201cMITA Y MITA\u201d: CONFIANZA Y RESPALDO DEL VECINO<\/p>\n<p style=\"font-weight: 400;\">El funcionario valor\u00f3 el impacto de este programa: \u201cLa verdad es que el intendente Mariano Hormaechea ha podido llegar al vecino. Cuando se lanz\u00f3 la tercera edici\u00f3n del \u201cMita y Mita\u201d, nosotros empezamos con reuniones todas las semanas para llegar a completar las 100 cuadras que est\u00e1n juntando nuevamente el cemento\u201d.<\/p>\n<p style=\"font-weight: 400;\">Record\u00f3 que \u201chacemos una reuni\u00f3n con el encargado de la cuadra y eso fue antes del 31 de agosto, donde nuevamente se plasm\u00f3 esa confianza que tiene el vecino, el goyano, con esta gesti\u00f3n municipal encabezada por el intendente Mariano Hormaechea\u201d.<\/p>\n<p style=\"font-weight: 400;\">Y agreg\u00f3 una definici\u00f3n que resume su manera de entender la gesti\u00f3n: \u201cHac\u00edamos esas reuniones, plasm\u00e1bamos esas encuestas, todos tienen su n\u00famero y nosotros siempre decimos tenemos dos aparatos que hacen encuestas: el o\u00eddo y las piernas. Camin\u00e1bamos y escuch\u00e1bamos, est\u00e1bamos con el vecino y sent\u00edamos esa confianza cuando convoc\u00e1bamos en la cuadra; todos los vecinos estaban presentes y eso nos da un panorama muy lindo. Esa es la confianza que volvi\u00f3 a darle al intendente y ojal\u00e1 esta gesti\u00f3n de los pr\u00f3ximos 4 a\u00f1os sepa manejar esta responsabilidad que nos volvi\u00f3 a dar el vecino para poder trabajar en conjunto\u201d.<\/p>\n<p style=\"font-weight: 400;\">PR\u00d3XIMAS ETAPAS<\/p>\n<p style=\"font-weight: 400;\">Sobre la continuidad del plan, Casco expres\u00f3: \u201cCreo que el intendente va a terminar esta segunda etapa de \u201cMita y Mita\u201d antes de fin de a\u00f1o, porque estamos muy cerca, a nueve cuadras de terminar. Hoy estamos en septiembre, hasta diciembre hay tiempo todav\u00eda, creo que se va a terminar y esto es un programa donde termina y comienza el otro, sabiendo el resultado que el intendente va a tener una gesti\u00f3n de los pr\u00f3ximos 4 a\u00f1os, ya pueden planificar para empezar antes de fin de a\u00f1o la tercera etapa del \u2018Mita y Mita\u2019\u201d.<\/p>\n<p style=\"font-weight: 400;\">En cuanto al programa \u201cTu Vereda\u201d, remarc\u00f3 que \u201cya hay m\u00e1s de 400 inscritos, eso tambi\u00e9n hace un panorama de 400 familias que se hayan movilizado, cre\u00eddo, confiado en este programa, donde quieren mejorar el frente de su casa y muchas veredas son donde se hizo cord\u00f3n cuneta o donde se hizo asfalto del \u201cMita y Mita\u2019\u201d.<\/p>\n<p style=\"font-weight: 400;\">Para Jos\u00e9 Casco, el balance es claro: \u201cEste programa, como el \u201cMita y Mita\u201d, por donde lo mires es, como dice el intendente en cada inauguraci\u00f3n, el programa m\u00e1s exitoso de su gesti\u00f3n de 4 a\u00f1os\u201d.<\/p>\n<p style=\"font-weight: 400;\">OBRAS QUE TRANSFORMAN LA CIUDAD<\/p>\n<p style=\"font-weight: 400;\">El director tambi\u00e9n se refiri\u00f3 al impacto de las obras realizadas: \u201cAyer justamente pas\u00e1bamos la avenida Sarmiento y el acompa\u00f1ante que ven\u00eda conmigo me dice: \u201cCuando uno mira la Sarmiento parece que est\u00e1 en otra ciudad\u201d. Y yo, sin decirle nada sobre la avenida, porque por ah\u00ed uno cuando est\u00e1 en la gesti\u00f3n tiene que escuchar m\u00e1s que hablar\u201d.<\/p>\n<p style=\"font-weight: 400;\">En ese sentido, resumi\u00f3 que \u201ceso es lindo porque tambi\u00e9n le da fuerza a un intendente o a una gesti\u00f3n, donde a la gente le gusta lo que hace, queda bien, se hace bien el trabajo y eso es lo que pone en valor a la hora de decidir el vecino\u201d.<\/p>\n<p style=\"font-weight: 400;\">EVENTOS EN NOVIEMBRE<\/p>\n<p style=\"font-weight: 400;\">Finalmente, Casco anticip\u00f3 que \u201cse vienen dos eventos en noviembre como ser el Festival del Asado Criollo y la cena del vecinalismo, que el consejo plenario ya est\u00e1 trabajando para que salga todo bien y que sea una hermosa noche para compartir con los vecinos\u201d.<\/p>\n","protected":false},"excerpt":{"rendered":"<p>El municipio de Goya ha consolidado en los \u00faltimos a\u00f1os una forma de trabajo basada en la articulaci\u00f3n y la cercan\u00eda con los vecinos. Esa din\u00e1mica de combinar esfuerzos, escuchar inquietudes y generar espacios de encuentro para plantear soluciones se refleja de manera clara en el rol del Director de Consejos Vecinales, Jos\u00e9 Casco. En [&hellip;]<\/p>\n","protected":false},"author":4,"featured_media":135264,"comment_status":"closed","ping_status":"closed","sticky":false,"template":"","format":"standard","meta":{"footnotes":""},"categories":[45],"tags":[],"class_list":{"0":"post-135263","1":"post","2":"type-post","3":"status-publish","4":"format-standard","5":"has-post-thumbnail","7":"category-locales"},"_links":{"self":[{"href":"https:\/\/revistaesperanzas.com\/web\/wp-json\/wp\/v2\/posts\/135263","targetHints":{"allow":["GET"]}}],"collection":[{"href":"https:\/\/revistaesperanzas.com\/web\/wp-json\/wp\/v2\/posts"}],"about":[{"href":"https:\/\/revistaesperanzas.com\/web\/wp-json\/wp\/v2\/types\/post"}],"author":[{"embeddable":true,"href":"https:\/\/revistaesperanzas.com\/web\/wp-json\/wp\/v2\/users\/4"}],"replies":[{"embeddable":true,"href":"https:\/\/revistaesperanzas.com\/web\/wp-json\/wp\/v2\/comments?post=135263"}],"version-history":[{"count":0,"href":"https:\/\/revistaesperanzas.com\/web\/wp-json\/wp\/v2\/posts\/135263\/revisions"}],"wp:featuredmedia":[{"embeddable":true,"href":"https:\/\/revistaesperanzas.com\/web\/wp-json\/wp\/v2\/media\/135264"}],"wp:attachment":[{"href":"https:\/\/revistaesperanzas.com\/web\/wp-json\/wp\/v2\/media?parent=135263"}],"wp:term":[{"taxonomy":"category","embeddable":true,"href":"https:\/\/revistaesperanzas.com\/web\/wp-json\/wp\/v2\/categories?post=135263"},{"taxonomy":"post_tag","embeddable":true,"href":"https:\/\/revistaesperanzas.com\/web\/wp-json\/wp\/v2\/tags?post=135263"}],"curies":[{"name":"wp","href":"https:\/\/api.w.org\/{rel}","templated":true}]}}