{"id":135270,"date":"2025-09-16T19:55:26","date_gmt":"2025-09-16T22:55:26","guid":{"rendered":"https:\/\/revistaesperanzas.com\/web\/?p=135270"},"modified":"2025-09-16T19:55:26","modified_gmt":"2025-09-16T22:55:26","slug":"la-estudiantina-goyana-2025-comienza-este-jueves-con-el-tradicional-recorrido-de-la-antorcha","status":"publish","type":"post","link":"https:\/\/revistaesperanzas.com\/web\/2025\/09\/la-estudiantina-goyana-2025-comienza-este-jueves-con-el-tradicional-recorrido-de-la-antorcha\/","title":{"rendered":"LA ESTUDIANTINA GOYANA 2025 COMIENZA ESTE JUEVES CON EL TRADICIONAL RECORRIDO DE LA ANTORCHA"},"content":{"rendered":"<p style=\"font-weight: 400;\">La Uni\u00f3n de Centros de Estudiantes Secundarios de Goya (UCESG) anunci\u00f3 el inicio de la XXXIV Estudiantina Goyana 2025, una celebraci\u00f3n que a\u00f1o tras a\u00f1o refleja la energ\u00eda, la creatividad y la unidad de la juventud goyana en el marco del D\u00eda del Estudiante.<\/p>\n<p style=\"font-weight: 400;\">La jornada inaugural se vivir\u00e1 este jueves 18 de septiembre, con el recorrido de la antorcha estudiantil, que partir\u00e1 a las 13 horas desde la Escuela T\u00e9cnica Arq. Francisco Pinaroli. Minutos m\u00e1s tarde, a las 13.30 horas, tendr\u00e1 lugar el acto de apertura en la Fundaci\u00f3n<a href=\"https:\/\/revistaesperanzas.com\/web\/2025\/09\/la-estudiantina-goyana-2025-comienza-este-jueves-con-el-tradicional-recorrido-de-la-antorcha\/estudiantina-2025-2\/\" rel=\"attachment wp-att-135272\"><img loading=\"lazy\" decoding=\"async\" class=\" wp-image-135272 alignright\" src=\"https:\/\/revistaesperanzas.com\/web\/wp-content\/uploads\/2025\/09\/ESTUDIANTINA-2025.jpeg\" alt=\"\" width=\"452\" height=\"631\" srcset=\"https:\/\/revistaesperanzas.com\/web\/wp-content\/uploads\/2025\/09\/ESTUDIANTINA-2025.jpeg 1147w, https:\/\/revistaesperanzas.com\/web\/wp-content\/uploads\/2025\/09\/ESTUDIANTINA-2025-696x971.jpeg 696w, https:\/\/revistaesperanzas.com\/web\/wp-content\/uploads\/2025\/09\/ESTUDIANTINA-2025-1068x1490.jpeg 1068w, https:\/\/revistaesperanzas.com\/web\/wp-content\/uploads\/2025\/09\/ESTUDIANTINA-2025-301x420.jpeg 301w\" sizes=\"auto, (max-width: 452px) 100vw, 452px\" \/><\/a> Campo de Deporte y Turismo Goya (ex predio Massalin Particulares), espacio que ser\u00e1 el epicentro de las actividades culturales, deportivas y art\u00edsticas durante tres intensas jornadas.<\/p>\n<p style=\"font-weight: 400;\">Desde la UCESG destacaron que esta fiesta convoca a todos los estudiantes de la ciudad, zona rural \u00a0y sus familias, en un verdadero encuentro de integraci\u00f3n, compa\u00f1erismo y alegr\u00eda, con la participaci\u00f3n de delegaciones escolares y el acompa\u00f1amiento de la Municipalidad de Goya.<\/p>\n<p style=\"font-weight: 400;\">Asimismo, la organizaci\u00f3n extendi\u00f3 una invitaci\u00f3n especial a periodistas y medios de comunicaci\u00f3n para sumarse a la cobertura del acto inaugural.<\/p>\n<p style=\"font-weight: 400;\"><u>CRONOGRAMA DE ACTIVIDADES<\/u><\/p>\n<p style=\"font-weight: 400;\">JUEVES 18<\/p>\n<ul>\n<li style=\"font-weight: 400;\">13:00 h \u2013 Salida de la Antorcha (Esc. T\u00e9cnica Arq. F. Pinaroli)<\/li>\n<li style=\"font-weight: 400;\">13:30 h \u2013 Acto de apertura<\/li>\n<li style=\"font-weight: 400;\">14:00 h \u2013 Inicio de actividades deportivas<\/li>\n<li style=\"font-weight: 400;\">16:00 h \u2013 Jornada cultural<\/li>\n<\/ul>\n<p style=\"font-weight: 400;\">VIERNES 19<\/p>\n<ul>\n<li style=\"font-weight: 400;\">08:00 h \u2013 Actividades deportivas<\/li>\n<li style=\"font-weight: 400;\">10:00 h \u2013 Espacio de Arte<\/li>\n<li style=\"font-weight: 400;\">17:00 h \u2013 Elecci\u00f3n de Reina y Rey<\/li>\n<\/ul>\n<p style=\"font-weight: 400;\">S\u00c1BADO 20<\/p>\n<ul>\n<li style=\"font-weight: 400;\">08:00 h \u2013 Actividades deportivas<\/li>\n<li style=\"font-weight: 400;\">10:00 h \u2013 Espacio de Arte<\/li>\n<li style=\"font-weight: 400;\">17:00 h \u2013 Entrega de medallas<\/li>\n<\/ul>\n<p style=\"font-weight: 400;\">Con una agenda cargada de propuestas y la expectativa de miles de j\u00f3venes, la Estudiantina Goyana 2025 promete ser una vez m\u00e1s el gran punto de encuentro de los estudiantes y la comunidad goyana.<\/p>\n<p style=\"font-weight: 400;\">\n","protected":false},"excerpt":{"rendered":"<p>La Uni\u00f3n de Centros de Estudiantes Secundarios de Goya (UCESG) anunci\u00f3 el inicio de la XXXIV Estudiantina Goyana 2025, una celebraci\u00f3n que a\u00f1o tras a\u00f1o refleja la energ\u00eda, la creatividad y la unidad de la juventud goyana en el marco del D\u00eda del Estudiante. La jornada inaugural se vivir\u00e1 este jueves 18 de septiembre, con [&hellip;]<\/p>\n","protected":false},"author":4,"featured_media":135271,"comment_status":"closed","ping_status":"closed","sticky":false,"template":"","format":"standard","meta":{"footnotes":""},"categories":[45],"tags":[],"class_list":{"0":"post-135270","1":"post","2":"type-post","3":"status-publish","4":"format-standard","5":"has-post-thumbnail","7":"category-locales"},"_links":{"self":[{"href":"https:\/\/revistaesperanzas.com\/web\/wp-json\/wp\/v2\/posts\/135270","targetHints":{"allow":["GET"]}}],"collection":[{"href":"https:\/\/revistaesperanzas.com\/web\/wp-json\/wp\/v2\/posts"}],"about":[{"href":"https:\/\/revistaesperanzas.com\/web\/wp-json\/wp\/v2\/types\/post"}],"author":[{"embeddable":true,"href":"https:\/\/revistaesperanzas.com\/web\/wp-json\/wp\/v2\/users\/4"}],"replies":[{"embeddable":true,"href":"https:\/\/revistaesperanzas.com\/web\/wp-json\/wp\/v2\/comments?post=135270"}],"version-history":[{"count":0,"href":"https:\/\/revistaesperanzas.com\/web\/wp-json\/wp\/v2\/posts\/135270\/revisions"}],"wp:featuredmedia":[{"embeddable":true,"href":"https:\/\/revistaesperanzas.com\/web\/wp-json\/wp\/v2\/media\/135271"}],"wp:attachment":[{"href":"https:\/\/revistaesperanzas.com\/web\/wp-json\/wp\/v2\/media?parent=135270"}],"wp:term":[{"taxonomy":"category","embeddable":true,"href":"https:\/\/revistaesperanzas.com\/web\/wp-json\/wp\/v2\/categories?post=135270"},{"taxonomy":"post_tag","embeddable":true,"href":"https:\/\/revistaesperanzas.com\/web\/wp-json\/wp\/v2\/tags?post=135270"}],"curies":[{"name":"wp","href":"https:\/\/api.w.org\/{rel}","templated":true}]}}