{"id":135275,"date":"2025-09-16T19:57:25","date_gmt":"2025-09-16T22:57:25","guid":{"rendered":"https:\/\/revistaesperanzas.com\/web\/?p=135275"},"modified":"2025-09-16T19:57:25","modified_gmt":"2025-09-16T22:57:25","slug":"secretaria-de-desarrollo-humano-consolida-la-presencia-del-estado-municipal-en-ciudad-y-campo","status":"publish","type":"post","link":"https:\/\/revistaesperanzas.com\/web\/2025\/09\/secretaria-de-desarrollo-humano-consolida-la-presencia-del-estado-municipal-en-ciudad-y-campo\/","title":{"rendered":"SECRETAR\u00cdA DE DESARROLLO HUMANO CONSOLIDA LA PRESENCIA DEL ESTADO MUNICIPAL EN CIUDAD Y CAMPO"},"content":{"rendered":"<p style=\"font-weight: 400;\">Las pol\u00edticas sociales que se implementan desde la secretar\u00eda de Desarrollo Humano y Promoci\u00f3n Social buscan generar dispositivos para la promoci\u00f3n de derechos y el desarrollo local de la comunidad. Tambi\u00e9n buscan dar respuesta a las situaciones de desigualdad, falta de oportunidades y vulneraci\u00f3n de derechos en el trabajo coordinado y articulado con la sociedad civil y con otros actores. Este martes, el titular de esta dependencia, Julios Canteros analiz\u00f3 diversos abordajes de esta \u00e1rea, acompa\u00f1ando la gesti\u00f3n del Intendente Mariano Hormaechea.<\/p>\n<p style=\"font-weight: 400;\">\u201cSe est\u00e1 cumpliendo un ciclo de la propuesta que nos trajo nuestro intendente de ir trabajando y buscar siempre la cercan\u00eda con el vecino. Desde la secretar\u00eda que estoy a cargo a trav\u00e9s de sus distintas direcciones y coordinaciones llegando de manera urgente para dar respuesta y otras veces el proceso lleva cierto tiempo, de acuerdo a las demandas que van surgiendo\u201d dijo.<a href=\"https:\/\/revistaesperanzas.com\/web\/2025\/09\/secretaria-de-desarrollo-humano-consolida-la-presencia-del-estado-municipal-en-ciudad-y-campo\/julio-canteros-1\/\" rel=\"attachment wp-att-135277\"><img loading=\"lazy\" decoding=\"async\" class=\" wp-image-135277 alignleft\" src=\"https:\/\/revistaesperanzas.com\/web\/wp-content\/uploads\/2025\/09\/julio-canteros-1.jpeg\" alt=\"\" width=\"474\" height=\"267\" srcset=\"https:\/\/revistaesperanzas.com\/web\/wp-content\/uploads\/2025\/09\/julio-canteros-1.jpeg 720w, https:\/\/revistaesperanzas.com\/web\/wp-content\/uploads\/2025\/09\/julio-canteros-1-696x392.jpeg 696w\" sizes=\"auto, (max-width: 474px) 100vw, 474px\" \/><\/a><\/p>\n<p style=\"font-weight: 400;\">Una de estas propuestas es el avance del programa de viviendas O\u00f1ondive, que desde el a\u00f1o 2022 viene concretando el sue\u00f1o de la casa propia a familias vulnerables.<\/p>\n<p style=\"font-weight: 400;\">O\u00d1ONDIVE<\/p>\n<p style=\"font-weight: 400;\">O\u00f1ondive se administra y gestiona a trav\u00e9s del INVICO, en coordinaci\u00f3n con los municipios, quienes aportan terrenos de su propiedad, dotados de infraestructura b\u00e1sica y aseguran la provisi\u00f3n de mano de obra para la ejecuci\u00f3n de los m\u00f3dulos b\u00e1sicos. Desde Desarrollo Social se provee del equipamiento total, del amueblamiento de las viviendas.<\/p>\n<p style=\"font-weight: 400;\">Es un programa que responde a las necesidades y demandas de viviendas a un sector que, por su condici\u00f3n de ingresos econ\u00f3micos, precarizados, no pueden acceder a cr\u00e9ditos para la construcci\u00f3n de sus propias casas. As\u00ed, de una manera articulada Provincia y Municipio, se puede dar soluci\u00f3n a esta realidad.<\/p>\n<p style=\"font-weight: 400;\">\u201cEs un trabajo que se viene haciendo desde hace un tiempo, ofrecerles una mejor vivienda y no sacarlos de sus terrenos\u201d explic\u00f3 Canteros.<\/p>\n<p style=\"font-weight: 400;\">\u201cCon Acci\u00f3n Social se hizo un trabajo de visita y relevamiento socio ambiental, acompa\u00f1aron las distintas \u00e1reas del gobierno provincial que trabajan para este programa como INVICO, el Ministerio de Desarrollo Social que es el encargado de amueblar la vivienda\u201d.<\/p>\n<p style=\"font-weight: 400;\">En Goya est\u00e1n en condiciones de entrega 10 viviendas en paraje Remanso donde fue necesario la reubicaci\u00f3n de los beneficiarios y el traslado a estas familias a lotes estrat\u00e9gicos y seguros dentro del mismo paraje con la construcci\u00f3n de viviendas dignas y adem\u00e1s con la provisi\u00f3n de equipos y muebles esenciales, garantizando un hogar confortable y funcional.<a href=\"https:\/\/revistaesperanzas.com\/web\/2025\/09\/secretaria-de-desarrollo-humano-consolida-la-presencia-del-estado-municipal-en-ciudad-y-campo\/julio-canteros-2\/\" rel=\"attachment wp-att-135278\"><img loading=\"lazy\" decoding=\"async\" class=\" wp-image-135278 alignright\" src=\"https:\/\/revistaesperanzas.com\/web\/wp-content\/uploads\/2025\/09\/julio-canteros-2.jpeg\" alt=\"\" width=\"451\" height=\"601\" srcset=\"https:\/\/revistaesperanzas.com\/web\/wp-content\/uploads\/2025\/09\/julio-canteros-2.jpeg 960w, https:\/\/revistaesperanzas.com\/web\/wp-content\/uploads\/2025\/09\/julio-canteros-2-696x928.jpeg 696w, https:\/\/revistaesperanzas.com\/web\/wp-content\/uploads\/2025\/09\/julio-canteros-2-315x420.jpeg 315w\" sizes=\"auto, (max-width: 451px) 100vw, 451px\" \/><\/a><\/p>\n<p style=\"font-weight: 400;\">La direcci\u00f3n de Acci\u00f3n Social, a cargo de Victoria Gonz\u00e1lez, llev\u00f3 a cabo visitas domiciliarias y relevamientos pertinentes para comprender las necesidades de los vecinos afectados.<\/p>\n<p style=\"font-weight: 400;\">Canteros anunci\u00f3 asimismo que una vez entregadas estas viviendas se proceder\u00e1 a la construcci\u00f3n de 10 viviendas m\u00e1s, en una segunda etapa.<\/p>\n<p style=\"font-weight: 400;\">MICROCR\u00c9DITOS<\/p>\n<p style=\"font-weight: 400;\">Con este programa Emprendedores Goyanos, la idea es facilitarles las herramientas de trabajo, darles las oportunidades de capacitaci\u00f3n y asesoramiento a trav\u00e9s del Club de Emprendedor para lograr potenciar un emprendimiento familiar.<\/p>\n<p style=\"font-weight: 400;\">Seguir generando condiciones de trabajo y rompiendo las barreras que posee un emprendedor que a veces hace que se termine frustrando una idea de negocio es el objetivo de este programa, darle una oportunidad al emprendedor para que pueda crecer en lo que hace.<\/p>\n<p style=\"font-weight: 400;\">Desde el municipio de Goya hay un firme compromiso de seguir impulsado el programa. Firme est\u00e1 la promesa del intendente Hormaechea de seguir avanzado con esto durante lo que resta de este a\u00f1o, fij\u00e1ndose nuevos desaf\u00edos para esta nueva etapa al frente del DEM, que iniciar\u00e1 el 1 de diciembre.<\/p>\n<p style=\"font-weight: 400;\">Actualmente llegando a los 700 proyectos entregados y la idea es llegar a los 1.000 emprendimientos entregados.<\/p>\n<p style=\"font-weight: 400;\">\u201cSeguimos generando oportunidades para todos aquellos que quieran ir transform\u00e1ndose en emprendedores, escuchando las demandas de los vecinos\u201d dijo.<\/p>\n<p style=\"font-weight: 400;\">Asimismo, se organizan las ferias en plaza Mitre vinculando el buen trato y trabajo con los emprendedores y artesanos de nuestra ciudad. \u201cSe tiene una muy buena relaci\u00f3n con los expositores, acompa\u00f1ando todos los eventos que realiza el municipio, intensificando el trabajo con los feriantes que est\u00e1n trabajando en la plazoleta del \u201cFerro\u201d.<\/p>\n<p style=\"font-weight: 400;\">NUEVA ENTREGA DE HERRAMIENTAS<\/p>\n<p style=\"font-weight: 400;\">El funcionario adelant\u00f3 que este mi\u00e9rcoles 17 de septiembre se realizar\u00e1 una nueva entrega de herramientas en el patio de la Municipalidad de Goya, a las 9 de la ma\u00f1ana.<\/p>\n<p style=\"font-weight: 400;\">El intendente Mariano Hormaechea presidir\u00e1 la entrega de microcr\u00e9ditos a emprendedores locales. La Municipalidad colabora tambi\u00e9n con la capacitaci\u00f3n en talleres para potenciar los proyectos.<\/p>\n<p style=\"font-weight: 400;\">Se entregar\u00e1n microcr\u00e9ditos en forma de herramientas, m\u00e1quinas e insumos con el fin de potenciar unidades productivas familiares e impulsar a la econom\u00eda social hogare\u00f1a. De esta manera, desde el estado municipal se ayuda para que los emprendedores puedan vender sus productos, mejorar la producci\u00f3n y apuntar a otros mercados.<\/p>\n<p style=\"font-weight: 400;\">CON SECRETAR\u00cdA DE EDUCACI\u00d3N<\/p>\n<p style=\"font-weight: 400;\">Se trabaja en forma articulada con esta secretar\u00eda a cargo de Sonia Espina, a trav\u00e9s de apoyo escolar y los merenderos para fortalecer el trabajo que vienen haciendo. Con la universidad Cuenca del Plata, ISG colaborando en algunas propuestas municipales.<\/p>\n<p style=\"font-weight: 400;\">Acompa\u00f1ando otros proyectos amigables con la defensa de la vida y la salud mental y f\u00edsica como el trabajo articulado con las asociaciones: San Lucas, fundaci\u00f3n Brilla Mujer, CONIN, fundaci\u00f3n contra el c\u00e1ncer infantojuvenil, protecci\u00f3n de la ni\u00f1ez y adolescencia, SURSUM entre otras.<\/p>\n<p style=\"font-weight: 400;\">\n","protected":false},"excerpt":{"rendered":"<p>Las pol\u00edticas sociales que se implementan desde la secretar\u00eda de Desarrollo Humano y Promoci\u00f3n Social buscan generar dispositivos para la promoci\u00f3n de derechos y el desarrollo local de la comunidad. Tambi\u00e9n buscan dar respuesta a las situaciones de desigualdad, falta de oportunidades y vulneraci\u00f3n de derechos en el trabajo coordinado y articulado con la sociedad [&hellip;]<\/p>\n","protected":false},"author":4,"featured_media":135276,"comment_status":"closed","ping_status":"closed","sticky":false,"template":"","format":"standard","meta":{"footnotes":""},"categories":[45],"tags":[],"class_list":{"0":"post-135275","1":"post","2":"type-post","3":"status-publish","4":"format-standard","5":"has-post-thumbnail","7":"category-locales"},"_links":{"self":[{"href":"https:\/\/revistaesperanzas.com\/web\/wp-json\/wp\/v2\/posts\/135275","targetHints":{"allow":["GET"]}}],"collection":[{"href":"https:\/\/revistaesperanzas.com\/web\/wp-json\/wp\/v2\/posts"}],"about":[{"href":"https:\/\/revistaesperanzas.com\/web\/wp-json\/wp\/v2\/types\/post"}],"author":[{"embeddable":true,"href":"https:\/\/revistaesperanzas.com\/web\/wp-json\/wp\/v2\/users\/4"}],"replies":[{"embeddable":true,"href":"https:\/\/revistaesperanzas.com\/web\/wp-json\/wp\/v2\/comments?post=135275"}],"version-history":[{"count":0,"href":"https:\/\/revistaesperanzas.com\/web\/wp-json\/wp\/v2\/posts\/135275\/revisions"}],"wp:featuredmedia":[{"embeddable":true,"href":"https:\/\/revistaesperanzas.com\/web\/wp-json\/wp\/v2\/media\/135276"}],"wp:attachment":[{"href":"https:\/\/revistaesperanzas.com\/web\/wp-json\/wp\/v2\/media?parent=135275"}],"wp:term":[{"taxonomy":"category","embeddable":true,"href":"https:\/\/revistaesperanzas.com\/web\/wp-json\/wp\/v2\/categories?post=135275"},{"taxonomy":"post_tag","embeddable":true,"href":"https:\/\/revistaesperanzas.com\/web\/wp-json\/wp\/v2\/tags?post=135275"}],"curies":[{"name":"wp","href":"https:\/\/api.w.org\/{rel}","templated":true}]}}