{"id":135281,"date":"2025-09-16T19:58:16","date_gmt":"2025-09-16T22:58:16","guid":{"rendered":"https:\/\/revistaesperanzas.com\/web\/?p=135281"},"modified":"2025-09-16T19:58:16","modified_gmt":"2025-09-16T22:58:16","slug":"goya-se-adhiere-al-dia-internacional-de-la-proteccion-de-la-capa-de-ozono","status":"publish","type":"post","link":"https:\/\/revistaesperanzas.com\/web\/2025\/09\/goya-se-adhiere-al-dia-internacional-de-la-proteccion-de-la-capa-de-ozono\/","title":{"rendered":"GOYA SE ADHIERE AL D\u00cdA INTERNACIONAL DE LA PROTECCI\u00d3N DE LA CAPA DE OZONO"},"content":{"rendered":"<p style=\"font-weight: 400;\">Direcci\u00f3n de Medio Ambiente:<\/p>\n<p style=\"font-weight: 400;\">El 16 de septiembre de 1987 se firm\u00f3 el Protocolo de Montreal relativo a las sustancias que agotan la capa de ozono. En conmemoraci\u00f3n a este acto, la Asamblea General de la ONU proclam\u00f3 el 16 de septiembre como el D\u00eda Internacional de la Preservaci\u00f3n de la Capa de Ozono.<\/p>\n<p style=\"font-weight: 400;\">Cada a\u00f1o se trabaja sobre un tema para celebrar el D\u00eda Internacional de la Capa de Ozono.<\/p>\n<p style=\"font-weight: 400;\">La direcci\u00f3n de Recursos Naturales y Medio Ambiente y Goya Municipio invitan a enfocarnos en un futuro con medidas m\u00e1s potentes y efectivas dentro del marco del Protocolo de Montreal. Acciones esenciales para resguardar la capa de ozono y, principalmente, para proteger a las personas, el clima y el planeta.<\/p>\n<p style=\"font-weight: 400;\">\n","protected":false},"excerpt":{"rendered":"<p>Direcci\u00f3n de Medio Ambiente: El 16 de septiembre de 1987 se firm\u00f3 el Protocolo de Montreal relativo a las sustancias que agotan la capa de ozono. En conmemoraci\u00f3n a este acto, la Asamblea General de la ONU proclam\u00f3 el 16 de septiembre como el D\u00eda Internacional de la Preservaci\u00f3n de la Capa de Ozono. Cada [&hellip;]<\/p>\n","protected":false},"author":4,"featured_media":135282,"comment_status":"closed","ping_status":"closed","sticky":false,"template":"","format":"standard","meta":{"footnotes":""},"categories":[45],"tags":[],"class_list":{"0":"post-135281","1":"post","2":"type-post","3":"status-publish","4":"format-standard","5":"has-post-thumbnail","7":"category-locales"},"_links":{"self":[{"href":"https:\/\/revistaesperanzas.com\/web\/wp-json\/wp\/v2\/posts\/135281","targetHints":{"allow":["GET"]}}],"collection":[{"href":"https:\/\/revistaesperanzas.com\/web\/wp-json\/wp\/v2\/posts"}],"about":[{"href":"https:\/\/revistaesperanzas.com\/web\/wp-json\/wp\/v2\/types\/post"}],"author":[{"embeddable":true,"href":"https:\/\/revistaesperanzas.com\/web\/wp-json\/wp\/v2\/users\/4"}],"replies":[{"embeddable":true,"href":"https:\/\/revistaesperanzas.com\/web\/wp-json\/wp\/v2\/comments?post=135281"}],"version-history":[{"count":0,"href":"https:\/\/revistaesperanzas.com\/web\/wp-json\/wp\/v2\/posts\/135281\/revisions"}],"wp:featuredmedia":[{"embeddable":true,"href":"https:\/\/revistaesperanzas.com\/web\/wp-json\/wp\/v2\/media\/135282"}],"wp:attachment":[{"href":"https:\/\/revistaesperanzas.com\/web\/wp-json\/wp\/v2\/media?parent=135281"}],"wp:term":[{"taxonomy":"category","embeddable":true,"href":"https:\/\/revistaesperanzas.com\/web\/wp-json\/wp\/v2\/categories?post=135281"},{"taxonomy":"post_tag","embeddable":true,"href":"https:\/\/revistaesperanzas.com\/web\/wp-json\/wp\/v2\/tags?post=135281"}],"curies":[{"name":"wp","href":"https:\/\/api.w.org\/{rel}","templated":true}]}}