{"id":135284,"date":"2025-09-16T20:00:48","date_gmt":"2025-09-16T23:00:48","guid":{"rendered":"https:\/\/revistaesperanzas.com\/web\/?p=135284"},"modified":"2025-09-16T20:00:48","modified_gmt":"2025-09-16T23:00:48","slug":"proyecto-de-escuela-254-obtiene-pasaje-para-la-feria-de-ciencia-a-nivel-nacional","status":"publish","type":"post","link":"https:\/\/revistaesperanzas.com\/web\/2025\/09\/proyecto-de-escuela-254-obtiene-pasaje-para-la-feria-de-ciencia-a-nivel-nacional\/","title":{"rendered":"PROYECTO DE ESCUELA 254 OBTIENE PASAJE PARA LA FERIA DE CIENCIA A NIVEL NACIONAL"},"content":{"rendered":"<p style=\"font-weight: 400;\">ESCUELA GOYANA AL NACIONAL DE LA FERIA DE CIENCIA<\/p>\n<p style=\"font-weight: 400;\"><a href=\"https:\/\/revistaesperanzas.com\/web\/2025\/09\/proyecto-de-escuela-254-obtiene-pasaje-para-la-feria-de-ciencia-a-nivel-nacional\/feria-de-ciencia-premio-a-escuela-254-de-goya-1\/\" rel=\"attachment wp-att-135286\"><img loading=\"lazy\" decoding=\"async\" class=\" wp-image-135286 alignleft\" src=\"https:\/\/revistaesperanzas.com\/web\/wp-content\/uploads\/2025\/09\/feria-de-ciencia-Premio-a-Escuela-254-de-Goya-1.jpg\" alt=\"\" width=\"298\" height=\"363\" srcset=\"https:\/\/revistaesperanzas.com\/web\/wp-content\/uploads\/2025\/09\/feria-de-ciencia-Premio-a-Escuela-254-de-Goya-1.jpg 720w, https:\/\/revistaesperanzas.com\/web\/wp-content\/uploads\/2025\/09\/feria-de-ciencia-Premio-a-Escuela-254-de-Goya-1-696x848.jpg 696w, https:\/\/revistaesperanzas.com\/web\/wp-content\/uploads\/2025\/09\/feria-de-ciencia-Premio-a-Escuela-254-de-Goya-1-345x420.jpg 345w\" sizes=\"auto, (max-width: 298px) 100vw, 298px\" \/><\/a>La Escuela \u201cPedro Alc\u00e1ntara D\u00edaz Colodrero\u201d, es uno de los establecimientos educativos seleccionados para participar en el nivel nacional de la Feria de Ciencias.<\/p>\n<p style=\"font-weight: 400;\">La Directora de la instituci\u00f3n educativa, en comunicaci\u00f3n telef\u00f3nica, expres\u00f3 la \u201calegr\u00eda y satisfacci\u00f3n por esta elecci\u00f3n, felicitamos a nuestros expositores M\u00e1ximo Barrientos Cerd\u00e1n y Santino Rodas Brest, en nombre de toda la Comunidad Educativa de nuestra querida Escuela 254.\u201d. Manifest\u00f3 M\u00f3nica Samaniego<a href=\"https:\/\/revistaesperanzas.com\/web\/2025\/09\/proyecto-de-escuela-254-obtiene-pasaje-para-la-feria-de-ciencia-a-nivel-nacional\/feria-de-ciencia-premio-a-escuela-254-de-goya-2-certificado\/\" rel=\"attachment wp-att-135287\"><img loading=\"lazy\" decoding=\"async\" class=\" wp-image-135287 alignright\" src=\"https:\/\/revistaesperanzas.com\/web\/wp-content\/uploads\/2025\/09\/feria-de-ciencia-Premio-a-Escuela-254-de-Goya-2-certificado.jpg\" alt=\"\" width=\"351\" height=\"256\" srcset=\"https:\/\/revistaesperanzas.com\/web\/wp-content\/uploads\/2025\/09\/feria-de-ciencia-Premio-a-Escuela-254-de-Goya-2-certificado.jpg 650w, https:\/\/revistaesperanzas.com\/web\/wp-content\/uploads\/2025\/09\/feria-de-ciencia-Premio-a-Escuela-254-de-Goya-2-certificado-324x235.jpg 324w, https:\/\/revistaesperanzas.com\/web\/wp-content\/uploads\/2025\/09\/feria-de-ciencia-Premio-a-Escuela-254-de-Goya-2-certificado-576x420.jpg 576w\" sizes=\"auto, (max-width: 351px) 100vw, 351px\" \/><\/a><\/p>\n<p style=\"font-weight: 400;\">El reconocimiento obtenido es por el Proyecto: ZOOM-METRIA, otorgando la posibilidad de participar de la Instancia Nacional de la Feria de Ciencia y Tecnolog\u00eda 2025.<\/p>\n","protected":false},"excerpt":{"rendered":"<p>ESCUELA GOYANA AL NACIONAL DE LA FERIA DE CIENCIA La Escuela \u201cPedro Alc\u00e1ntara D\u00edaz Colodrero\u201d, es uno de los establecimientos educativos seleccionados para participar en el nivel nacional de la Feria de Ciencias. La Directora de la instituci\u00f3n educativa, en comunicaci\u00f3n telef\u00f3nica, expres\u00f3 la \u201calegr\u00eda y satisfacci\u00f3n por esta elecci\u00f3n, felicitamos a nuestros expositores M\u00e1ximo [&hellip;]<\/p>\n","protected":false},"author":4,"featured_media":135285,"comment_status":"closed","ping_status":"closed","sticky":false,"template":"","format":"standard","meta":{"footnotes":""},"categories":[45],"tags":[],"class_list":{"0":"post-135284","1":"post","2":"type-post","3":"status-publish","4":"format-standard","5":"has-post-thumbnail","7":"category-locales"},"_links":{"self":[{"href":"https:\/\/revistaesperanzas.com\/web\/wp-json\/wp\/v2\/posts\/135284","targetHints":{"allow":["GET"]}}],"collection":[{"href":"https:\/\/revistaesperanzas.com\/web\/wp-json\/wp\/v2\/posts"}],"about":[{"href":"https:\/\/revistaesperanzas.com\/web\/wp-json\/wp\/v2\/types\/post"}],"author":[{"embeddable":true,"href":"https:\/\/revistaesperanzas.com\/web\/wp-json\/wp\/v2\/users\/4"}],"replies":[{"embeddable":true,"href":"https:\/\/revistaesperanzas.com\/web\/wp-json\/wp\/v2\/comments?post=135284"}],"version-history":[{"count":0,"href":"https:\/\/revistaesperanzas.com\/web\/wp-json\/wp\/v2\/posts\/135284\/revisions"}],"wp:featuredmedia":[{"embeddable":true,"href":"https:\/\/revistaesperanzas.com\/web\/wp-json\/wp\/v2\/media\/135285"}],"wp:attachment":[{"href":"https:\/\/revistaesperanzas.com\/web\/wp-json\/wp\/v2\/media?parent=135284"}],"wp:term":[{"taxonomy":"category","embeddable":true,"href":"https:\/\/revistaesperanzas.com\/web\/wp-json\/wp\/v2\/categories?post=135284"},{"taxonomy":"post_tag","embeddable":true,"href":"https:\/\/revistaesperanzas.com\/web\/wp-json\/wp\/v2\/tags?post=135284"}],"curies":[{"name":"wp","href":"https:\/\/api.w.org\/{rel}","templated":true}]}}