{"id":135291,"date":"2025-09-16T21:52:29","date_gmt":"2025-09-17T00:52:29","guid":{"rendered":"https:\/\/revistaesperanzas.com\/web\/?p=135291"},"modified":"2025-09-16T21:52:29","modified_gmt":"2025-09-17T00:52:29","slug":"nortena-voley-subcampeon-sub-16-del-torneo-challenger-villa-ocampo-santa-fe","status":"publish","type":"post","link":"https:\/\/revistaesperanzas.com\/web\/2025\/09\/nortena-voley-subcampeon-sub-16-del-torneo-challenger-villa-ocampo-santa-fe\/","title":{"rendered":"NORTE\u00d1A VOLEY  SUBCAMPE\u00d3N SUB 16 DEL TORNEO CHALLENGER VILLA OCAMPO SANTA FE"},"content":{"rendered":"<p style=\"font-weight: 400;\">Excelentes desempe\u00f1os de los equipos masculinos y femeninos de V\u00f3ley del Club Norte\u00f1a en Santa Fe<\/p>\n<p style=\"font-weight: 400;\">Los actuales campeones del federativo provincial Sub 16, \u00a0A.D. J. Norte\u00f1a, tuvieron una hermosa experiencia en Villa Ocampo, Santa Fe, bajo la direcci\u00f3n t\u00e9cnica del entrenador nacional Conrado Daniel Molina. Por su parte, el equipo femenino conducido por el ayudante t\u00e9cnico Luis Sotelo, logr\u00f3 el 1er puesto en la Copa de Bronce.<\/p>\n<p style=\"font-weight: 400;\">Este torneo de v\u00f3ley en la categor\u00eda sub 16 se realiz\u00f3 el fin de semana pasado, los d\u00edas 12, 13 y 14 de septiembre.<a href=\"https:\/\/revistaesperanzas.com\/web\/2025\/09\/nortena-voley-subcampeon-sub-16-del-torneo-challenger-villa-ocampo-santa-fe\/voley-sub-16-nortena-copa-challenger-1\/\" rel=\"attachment wp-att-135293\"><img loading=\"lazy\" decoding=\"async\" class=\" wp-image-135293 alignleft\" src=\"https:\/\/revistaesperanzas.com\/web\/wp-content\/uploads\/2025\/09\/voley-sub-16-Nortena-Copa-Challenger-1.jpg\" alt=\"\" width=\"496\" height=\"492\" srcset=\"https:\/\/revistaesperanzas.com\/web\/wp-content\/uploads\/2025\/09\/voley-sub-16-Nortena-Copa-Challenger-1.jpg 1450w, https:\/\/revistaesperanzas.com\/web\/wp-content\/uploads\/2025\/09\/voley-sub-16-Nortena-Copa-Challenger-1-696x690.jpg 696w, https:\/\/revistaesperanzas.com\/web\/wp-content\/uploads\/2025\/09\/voley-sub-16-Nortena-Copa-Challenger-1-1068x1058.jpg 1068w, https:\/\/revistaesperanzas.com\/web\/wp-content\/uploads\/2025\/09\/voley-sub-16-Nortena-Copa-Challenger-1-424x420.jpg 424w\" sizes=\"auto, (max-width: 496px) 100vw, 496px\" \/><\/a><\/p>\n<p style=\"font-weight: 400;\">El campeonato se disput\u00f3 en zona, participando equipos de diferentes provincias del pa\u00eds: Estudiantil Porte\u00f1o (CABA); C\u00f3rdoba (Corrientes); San Agust\u00edn (Formosa); Club Adelante (Reconquista Santa Fe); Sociedad Espa\u00f1ola (Jujuy ); Paracao de Paran\u00e1 (Entre R\u00edos) y Goya con el Club Norte\u00f1a, llegando invicto al juego de cuartos de final, accediendo a disputar la Copa de Oro.<\/p>\n<p style=\"font-weight: 400;\">En instancias de cuartos de final se enfrent\u00f3 a Sportivo de Santa Luc\u00eda (ven\u00eda de la otra zona), a quien venci\u00f3 2 a 0, pasando a la semifinal. En esa fase enfrent\u00f3 a Brujos de Misiones logrando el pasaje a la final.<\/p>\n<p style=\"font-weight: 400;\">El partido final los j\u00f3venes de Norte\u00f1a jugaron frente a Colegio San Luis de Nogoy\u00e1 (Entre R\u00edos), obteniendo el subcampeonato de la categor\u00eda.<\/p>\n<p style=\"font-weight: 400;\">El equipo femenino, en su incursi\u00f3n por el norte santafesino, calific\u00f3 de \u201chermosa experiencia\u201d lo vivido, lo que incluy\u00f3 el 1er puesto en Copa de Bronce.<\/p>\n<p style=\"font-weight: 400;\">\n","protected":false},"excerpt":{"rendered":"<p>Excelentes desempe\u00f1os de los equipos masculinos y femeninos de V\u00f3ley del Club Norte\u00f1a en Santa Fe Los actuales campeones del federativo provincial Sub 16, \u00a0A.D. J. Norte\u00f1a, tuvieron una hermosa experiencia en Villa Ocampo, Santa Fe, bajo la direcci\u00f3n t\u00e9cnica del entrenador nacional Conrado Daniel Molina. Por su parte, el equipo femenino conducido por el [&hellip;]<\/p>\n","protected":false},"author":4,"featured_media":135292,"comment_status":"closed","ping_status":"closed","sticky":false,"template":"","format":"standard","meta":{"footnotes":""},"categories":[45],"tags":[],"class_list":{"0":"post-135291","1":"post","2":"type-post","3":"status-publish","4":"format-standard","5":"has-post-thumbnail","7":"category-locales"},"_links":{"self":[{"href":"https:\/\/revistaesperanzas.com\/web\/wp-json\/wp\/v2\/posts\/135291","targetHints":{"allow":["GET"]}}],"collection":[{"href":"https:\/\/revistaesperanzas.com\/web\/wp-json\/wp\/v2\/posts"}],"about":[{"href":"https:\/\/revistaesperanzas.com\/web\/wp-json\/wp\/v2\/types\/post"}],"author":[{"embeddable":true,"href":"https:\/\/revistaesperanzas.com\/web\/wp-json\/wp\/v2\/users\/4"}],"replies":[{"embeddable":true,"href":"https:\/\/revistaesperanzas.com\/web\/wp-json\/wp\/v2\/comments?post=135291"}],"version-history":[{"count":0,"href":"https:\/\/revistaesperanzas.com\/web\/wp-json\/wp\/v2\/posts\/135291\/revisions"}],"wp:featuredmedia":[{"embeddable":true,"href":"https:\/\/revistaesperanzas.com\/web\/wp-json\/wp\/v2\/media\/135292"}],"wp:attachment":[{"href":"https:\/\/revistaesperanzas.com\/web\/wp-json\/wp\/v2\/media?parent=135291"}],"wp:term":[{"taxonomy":"category","embeddable":true,"href":"https:\/\/revistaesperanzas.com\/web\/wp-json\/wp\/v2\/categories?post=135291"},{"taxonomy":"post_tag","embeddable":true,"href":"https:\/\/revistaesperanzas.com\/web\/wp-json\/wp\/v2\/tags?post=135291"}],"curies":[{"name":"wp","href":"https:\/\/api.w.org\/{rel}","templated":true}]}}