{"id":135303,"date":"2025-09-17T12:37:27","date_gmt":"2025-09-17T15:37:27","guid":{"rendered":"https:\/\/revistaesperanzas.com\/web\/?p=135303"},"modified":"2025-09-17T12:37:27","modified_gmt":"2025-09-17T15:37:27","slug":"educacion-y-turismo","status":"publish","type":"post","link":"https:\/\/revistaesperanzas.com\/web\/2025\/09\/educacion-y-turismo\/","title":{"rendered":"EDUCACI\u00d3N Y TURISMO"},"content":{"rendered":"<p style=\"font-weight: 400;\">Direcci\u00f3n de Prensa &#8211;\u00a0En el programa de la Secretar\u00eda de Educaci\u00f3n, \u201cCaminos para Aprender\u201d, que se emite por Radio Ciudad, la gu\u00eda de turismo Leticia Pezzelato Ginochi coment\u00f3 sobre el programa de la Secretar\u00eda de Turismo, \u201cEl Turismo de Goya va a la Escuela\u201d.<\/p>\n<p style=\"font-weight: 400;\">VISITA A LAS INSTITUCIONES EDUCATIVAS<\/p>\n<p style=\"font-weight: 400;\">La profesional de la Secretar\u00eda de Turismo, explic\u00f3 que este programa surge como \u201cuna aplicaci\u00f3n de un programa de Naci\u00f3n, donde fuimos adjudicados al ganar nuestro proyecto\u201d. \u201cEsto nos permiti\u00f3 adquirir televisores para la promoci\u00f3n tur\u00edstica, que llevamos a las instituciones educativas para proyectar im\u00e1genes de todo lo que posee Goya, exhibir la ciudad, \u00a0sumado a los paisajes, los eventos, sabores, gastronom\u00eda\u201d.<\/p>\n<p style=\"font-weight: 400;\">\u201cEs una visita programada a las escuelas, con varios ejes o bloques: cultura, pesca, deportes, para conocer, para profundizar esas bondades\u201d.<a href=\"https:\/\/revistaesperanzas.com\/web\/2025\/09\/educacion-y-turismo\/turismo-va-a-la-escuela-leticia-pezelato-caminos-para-aprender\/\" rel=\"attachment wp-att-135305\"><img loading=\"lazy\" decoding=\"async\" class=\" wp-image-135305 alignleft\" src=\"https:\/\/revistaesperanzas.com\/web\/wp-content\/uploads\/2025\/09\/turismo-va-a-la-escuela-Leticia-Pezelato-Caminos-para-Aprender.jpg\" alt=\"\" width=\"420\" height=\"447\" srcset=\"https:\/\/revistaesperanzas.com\/web\/wp-content\/uploads\/2025\/09\/turismo-va-a-la-escuela-Leticia-Pezelato-Caminos-para-Aprender.jpg 584w, https:\/\/revistaesperanzas.com\/web\/wp-content\/uploads\/2025\/09\/turismo-va-a-la-escuela-Leticia-Pezelato-Caminos-para-Aprender-394x420.jpg 394w\" sizes=\"auto, (max-width: 420px) 100vw, 420px\" \/><\/a><\/p>\n<p style=\"font-weight: 400;\">\u201cSomos un equipo que rotamos en cada instituci\u00f3n, esto nos posibilit\u00f3 armar una agenda completa, apretada. Es un trabajo de complemento a la curr\u00edcula de las escuelas\u201d.<\/p>\n<p style=\"font-weight: 400;\">ORIGEN DEL PROYECTO<\/p>\n<p style=\"font-weight: 400;\">La gu\u00eda de turismo coment\u00f3: \u201cIniciamos como presentaci\u00f3n en la Feria del Libro, observando la excelente respuesta nos propusimos replicar con las visitas a las escuelas, a las instituciones. Llevamos recorridas 30 escuelas, unos 3.000 estudiantes aproximadamente de distintos niveles de educaci\u00f3n. Los que conocen se prenden en la ayuda de la \u201cgu\u00eda\u201d y aquellos que desconocen, miran con una admiraci\u00f3n de aquello que cuenta la ciudad como atractivos naturales, eventos, cultura, historia, etc.\u201d.<\/p>\n<p style=\"font-weight: 400;\">\u201cNosotros presentamos en estas visitas la agenda tur\u00edstica, los eventos programados en cada mes para generar el atractivo a los turistas, para que Goya pueda ser visitada durante todo el a\u00f1o\u201d, sostuvo.<\/p>\n<p style=\"font-weight: 400;\">EXPERIENCIA TUR\u00cdSTICA<\/p>\n<p style=\"font-weight: 400;\">Leticia Ginocchi indic\u00f3: \u201cTransmitimos lo que denominamos la \u201cexperiencia tur\u00edstica\u201d, donde ponemos el valor a esos sabores tradicionales, el chipa, la torta frita, son elementos que contribuyen a la riqueza cultural, hist\u00f3rica\u201d.<\/p>\n<p style=\"font-weight: 400;\">HISTORIA MOSTRADA: IMPACTO VISUAL<\/p>\n<p style=\"font-weight: 400;\">Al final del di\u00e1logo radial, la gu\u00eda de turismo afirm\u00f3: \u201cLas im\u00e1genes buscan generar el impacto visual, con los bloques diferenciados en cultura, historia, deporte, religi\u00f3n. En definitiva, armamos la historia \u201cmostrada\u201d con el material audiovisual usado con este programa. Son espacios creados de manera gratuita, con el prop\u00f3sito de que, cuando mayor conocemos lo que tenemos, lo valoramos, y orgullosamente invitamos a visitar nuestra ciudad\u201d.<\/p>\n<p style=\"font-weight: 400;\">\n","protected":false},"excerpt":{"rendered":"<p>Direcci\u00f3n de Prensa &#8211;\u00a0En el programa de la Secretar\u00eda de Educaci\u00f3n, \u201cCaminos para Aprender\u201d, que se emite por Radio Ciudad, la gu\u00eda de turismo Leticia Pezzelato Ginochi coment\u00f3 sobre el programa de la Secretar\u00eda de Turismo, \u201cEl Turismo de Goya va a la Escuela\u201d. VISITA A LAS INSTITUCIONES EDUCATIVAS La profesional de la Secretar\u00eda de [&hellip;]<\/p>\n","protected":false},"author":4,"featured_media":135304,"comment_status":"closed","ping_status":"closed","sticky":false,"template":"","format":"standard","meta":{"footnotes":""},"categories":[45],"tags":[],"class_list":{"0":"post-135303","1":"post","2":"type-post","3":"status-publish","4":"format-standard","5":"has-post-thumbnail","7":"category-locales"},"_links":{"self":[{"href":"https:\/\/revistaesperanzas.com\/web\/wp-json\/wp\/v2\/posts\/135303","targetHints":{"allow":["GET"]}}],"collection":[{"href":"https:\/\/revistaesperanzas.com\/web\/wp-json\/wp\/v2\/posts"}],"about":[{"href":"https:\/\/revistaesperanzas.com\/web\/wp-json\/wp\/v2\/types\/post"}],"author":[{"embeddable":true,"href":"https:\/\/revistaesperanzas.com\/web\/wp-json\/wp\/v2\/users\/4"}],"replies":[{"embeddable":true,"href":"https:\/\/revistaesperanzas.com\/web\/wp-json\/wp\/v2\/comments?post=135303"}],"version-history":[{"count":0,"href":"https:\/\/revistaesperanzas.com\/web\/wp-json\/wp\/v2\/posts\/135303\/revisions"}],"wp:featuredmedia":[{"embeddable":true,"href":"https:\/\/revistaesperanzas.com\/web\/wp-json\/wp\/v2\/media\/135304"}],"wp:attachment":[{"href":"https:\/\/revistaesperanzas.com\/web\/wp-json\/wp\/v2\/media?parent=135303"}],"wp:term":[{"taxonomy":"category","embeddable":true,"href":"https:\/\/revistaesperanzas.com\/web\/wp-json\/wp\/v2\/categories?post=135303"},{"taxonomy":"post_tag","embeddable":true,"href":"https:\/\/revistaesperanzas.com\/web\/wp-json\/wp\/v2\/tags?post=135303"}],"curies":[{"name":"wp","href":"https:\/\/api.w.org\/{rel}","templated":true}]}}