{"id":135308,"date":"2025-09-17T12:39:36","date_gmt":"2025-09-17T15:39:36","guid":{"rendered":"https:\/\/revistaesperanzas.com\/web\/?p=135308"},"modified":"2025-09-17T12:39:37","modified_gmt":"2025-09-17T15:39:37","slug":"juegos-correntinos-2025-goya-sede-de-la-final-provincial-de-ciclismo-en-pista-y-tiro-deportivo","status":"publish","type":"post","link":"https:\/\/revistaesperanzas.com\/web\/2025\/09\/juegos-correntinos-2025-goya-sede-de-la-final-provincial-de-ciclismo-en-pista-y-tiro-deportivo\/","title":{"rendered":"JUEGOS CORRENTINOS 2025  GOYA SEDE DE LA FINAL PROVINCIAL DE CICLISMO EN PISTA Y TIRO DEPORTIVO"},"content":{"rendered":"<p style=\"font-weight: 400;\">Direcci\u00f3n de Prensa &#8211;\u00a0Nuestra ciudad recibir\u00e1 el mi\u00e9rcoles 17\u00a0 a los deportistas de estas disciplinas clasificados en las instancias zonales.<\/p>\n<p style=\"font-weight: 400;\">En ambos deportes, ciclismo de pista y tiro deportivo, compiten las categor\u00edas: masculino y femenino Sub 16.<\/p>\n<p style=\"font-weight: 400;\">Para Tiro Deportivo se utilizar\u00e1 el Pol\u00edgono del Tiro Federal \u201cGeneral San Mart\u00cdn\u201d, espacio donde se desarrolla la pr\u00e1ctica de este deporte. En este caso, recibir\u00e1 a los clasificados en los zonales de los Juegos Correntinos.<a href=\"https:\/\/revistaesperanzas.com\/web\/2025\/09\/juegos-correntinos-2025-goya-sede-de-la-final-provincial-de-ciclismo-en-pista-y-tiro-deportivo\/fase-6-final-juegos-correntinos-en-goya-flyr-2-tiro-y-ciclismo\/\" rel=\"attachment wp-att-135309\"><img loading=\"lazy\" decoding=\"async\" class=\" wp-image-135309 alignright\" src=\"https:\/\/revistaesperanzas.com\/web\/wp-content\/uploads\/2025\/09\/fase-6-Final-Juegos-Correntinos-en-Goya-flyr-2-Tiro-y-Ciclismo.jpg\" alt=\"\" width=\"407\" height=\"509\" srcset=\"https:\/\/revistaesperanzas.com\/web\/wp-content\/uploads\/2025\/09\/fase-6-Final-Juegos-Correntinos-en-Goya-flyr-2-Tiro-y-Ciclismo.jpg 1440w, https:\/\/revistaesperanzas.com\/web\/wp-content\/uploads\/2025\/09\/fase-6-Final-Juegos-Correntinos-en-Goya-flyr-2-Tiro-y-Ciclismo-696x870.jpg 696w, https:\/\/revistaesperanzas.com\/web\/wp-content\/uploads\/2025\/09\/fase-6-Final-Juegos-Correntinos-en-Goya-flyr-2-Tiro-y-Ciclismo-1068x1335.jpg 1068w, https:\/\/revistaesperanzas.com\/web\/wp-content\/uploads\/2025\/09\/fase-6-Final-Juegos-Correntinos-en-Goya-flyr-2-Tiro-y-Ciclismo-336x420.jpg 336w\" sizes=\"auto, (max-width: 407px) 100vw, 407px\" \/><\/a><\/p>\n<p style=\"font-weight: 400;\">El Vel\u00f3dromo Municipal \u201cLucho L\u00f3pez\u201d, por su parte, ser\u00e1 el escenario para el ciclismo de pista en la categor\u00eda sub 16 varones y mujeres.<\/p>\n<p style=\"font-weight: 400;\">Finales de competencia a nivel provincial, en el marco de los Juegos Correntinos 2025, vivir\u00e1 nuestra ciudad reuniendo a deportistas de toda la provincia, en una jornada de esfuerzo, disciplina y demostraci\u00f3n de talentos.<\/p>\n<p style=\"font-weight: 400;\">Con el apoyo de la Municipalidad de Goya y el Gobierno Provincial se realizar\u00e1 la final provincial, para clasificar a los representantes correntinos a los Juegos Nacionales.<\/p>\n<p style=\"font-weight: 400;\">\n","protected":false},"excerpt":{"rendered":"<p>Direcci\u00f3n de Prensa &#8211;\u00a0Nuestra ciudad recibir\u00e1 el mi\u00e9rcoles 17\u00a0 a los deportistas de estas disciplinas clasificados en las instancias zonales. En ambos deportes, ciclismo de pista y tiro deportivo, compiten las categor\u00edas: masculino y femenino Sub 16. Para Tiro Deportivo se utilizar\u00e1 el Pol\u00edgono del Tiro Federal \u201cGeneral San Mart\u00cdn\u201d, espacio donde se desarrolla la [&hellip;]<\/p>\n","protected":false},"author":4,"featured_media":135310,"comment_status":"closed","ping_status":"closed","sticky":false,"template":"","format":"standard","meta":{"footnotes":""},"categories":[45],"tags":[],"class_list":{"0":"post-135308","1":"post","2":"type-post","3":"status-publish","4":"format-standard","5":"has-post-thumbnail","7":"category-locales"},"_links":{"self":[{"href":"https:\/\/revistaesperanzas.com\/web\/wp-json\/wp\/v2\/posts\/135308","targetHints":{"allow":["GET"]}}],"collection":[{"href":"https:\/\/revistaesperanzas.com\/web\/wp-json\/wp\/v2\/posts"}],"about":[{"href":"https:\/\/revistaesperanzas.com\/web\/wp-json\/wp\/v2\/types\/post"}],"author":[{"embeddable":true,"href":"https:\/\/revistaesperanzas.com\/web\/wp-json\/wp\/v2\/users\/4"}],"replies":[{"embeddable":true,"href":"https:\/\/revistaesperanzas.com\/web\/wp-json\/wp\/v2\/comments?post=135308"}],"version-history":[{"count":0,"href":"https:\/\/revistaesperanzas.com\/web\/wp-json\/wp\/v2\/posts\/135308\/revisions"}],"wp:featuredmedia":[{"embeddable":true,"href":"https:\/\/revistaesperanzas.com\/web\/wp-json\/wp\/v2\/media\/135310"}],"wp:attachment":[{"href":"https:\/\/revistaesperanzas.com\/web\/wp-json\/wp\/v2\/media?parent=135308"}],"wp:term":[{"taxonomy":"category","embeddable":true,"href":"https:\/\/revistaesperanzas.com\/web\/wp-json\/wp\/v2\/categories?post=135308"},{"taxonomy":"post_tag","embeddable":true,"href":"https:\/\/revistaesperanzas.com\/web\/wp-json\/wp\/v2\/tags?post=135308"}],"curies":[{"name":"wp","href":"https:\/\/api.w.org\/{rel}","templated":true}]}}