{"id":135316,"date":"2025-09-17T13:13:48","date_gmt":"2025-09-17T16:13:48","guid":{"rendered":"https:\/\/revistaesperanzas.com\/web\/?p=135316"},"modified":"2025-09-17T13:17:09","modified_gmt":"2025-09-17T16:17:09","slug":"siniestro-vial-con-consecuencia-fatal-3","status":"publish","type":"post","link":"https:\/\/revistaesperanzas.com\/web\/2025\/09\/siniestro-vial-con-consecuencia-fatal-3\/","title":{"rendered":"SINIESTRO VIAL CON CONSECUENCIA FATAL"},"content":{"rendered":"<p>ITATI (informaci\u00f3n inicial) &#8211; &#8211; &#8211; Siniestro vial con consecuencia fatal<\/p>\n<p>En horas de la ma\u00f1ana de hoy 17-09-25, efectivos policiales de la Comisar\u00eda de distrito Itat\u00ed tomaron conocimiento que por Ruta Provincial N\u00b020, por causas que se tratan de determinar se habr\u00eda producido un siniestro vial con consecuencia fatal.<\/p>\n<p>Conforme a las primeras averiguaciones, el siniestro tuvo como protagonista a un cami\u00f3n transporte de caudales conducido por un hombre mayor de edad, y una camioneta \u2013marca VW Saveiro- conducido por un hombre de apellidos Sosa Ayala \u2013mayor de edad-, a consecuencia del mismo, lamentablemente se produjo el deceso de este \u00faltimo, en tanto, el resto de las personas resultaron con lesiones de menor consideraci\u00f3n.<\/p>\n<!--[if lt IE 9]><script>document.createElement('audio');<\/script><![endif]-->\n<audio class=\"wp-audio-shortcode\" id=\"audio-135316-1\" preload=\"none\" style=\"width: 100%;\" controls=\"controls\"><source type=\"audio\/ogg\" src=\"https:\/\/revistaesperanzas.com\/web\/wp-content\/uploads\/2025\/09\/WhatsApp-Audio-2025-09-17-at-10.30.15.ogg?_=1\" \/><a href=\"https:\/\/revistaesperanzas.com\/web\/wp-content\/uploads\/2025\/09\/WhatsApp-Audio-2025-09-17-at-10.30.15.ogg\">https:\/\/revistaesperanzas.com\/web\/wp-content\/uploads\/2025\/09\/WhatsApp-Audio-2025-09-17-at-10.30.15.ogg<\/a><\/audio>\n<p>En el lugar se realizaron las diligencias del caso, con intervenci\u00f3n de la unidad fiscal en turno, en tanto en la Comisar\u00eda de distrito Itati se prosigue con los tramites que corresponden.<\/p>\n","protected":false},"excerpt":{"rendered":"<p>ITATI (informaci\u00f3n inicial) &#8211; &#8211; &#8211; Siniestro vial con consecuencia fatal En horas de la ma\u00f1ana de hoy 17-09-25, efectivos policiales de la Comisar\u00eda de distrito Itat\u00ed tomaron conocimiento que por Ruta Provincial N\u00b020, por causas que se tratan de determinar se habr\u00eda producido un siniestro vial con consecuencia fatal. Conforme a las primeras averiguaciones, [&hellip;]<\/p>\n","protected":false},"author":4,"featured_media":135318,"comment_status":"closed","ping_status":"closed","sticky":false,"template":"","format":"standard","meta":{"footnotes":""},"categories":[58],"tags":[],"class_list":{"0":"post-135316","1":"post","2":"type-post","3":"status-publish","4":"format-standard","5":"has-post-thumbnail","7":"category-corrientes"},"_links":{"self":[{"href":"https:\/\/revistaesperanzas.com\/web\/wp-json\/wp\/v2\/posts\/135316","targetHints":{"allow":["GET"]}}],"collection":[{"href":"https:\/\/revistaesperanzas.com\/web\/wp-json\/wp\/v2\/posts"}],"about":[{"href":"https:\/\/revistaesperanzas.com\/web\/wp-json\/wp\/v2\/types\/post"}],"author":[{"embeddable":true,"href":"https:\/\/revistaesperanzas.com\/web\/wp-json\/wp\/v2\/users\/4"}],"replies":[{"embeddable":true,"href":"https:\/\/revistaesperanzas.com\/web\/wp-json\/wp\/v2\/comments?post=135316"}],"version-history":[{"count":0,"href":"https:\/\/revistaesperanzas.com\/web\/wp-json\/wp\/v2\/posts\/135316\/revisions"}],"wp:featuredmedia":[{"embeddable":true,"href":"https:\/\/revistaesperanzas.com\/web\/wp-json\/wp\/v2\/media\/135318"}],"wp:attachment":[{"href":"https:\/\/revistaesperanzas.com\/web\/wp-json\/wp\/v2\/media?parent=135316"}],"wp:term":[{"taxonomy":"category","embeddable":true,"href":"https:\/\/revistaesperanzas.com\/web\/wp-json\/wp\/v2\/categories?post=135316"},{"taxonomy":"post_tag","embeddable":true,"href":"https:\/\/revistaesperanzas.com\/web\/wp-json\/wp\/v2\/tags?post=135316"}],"curies":[{"name":"wp","href":"https:\/\/api.w.org\/{rel}","templated":true}]}}