{"id":135322,"date":"2025-09-17T20:59:12","date_gmt":"2025-09-17T23:59:12","guid":{"rendered":"https:\/\/revistaesperanzas.com\/web\/?p=135322"},"modified":"2025-09-17T20:59:12","modified_gmt":"2025-09-17T23:59:12","slug":"lanzamiento-de-la-3-muestra-de-teatro-tomas-mazzanti-en-goya","status":"publish","type":"post","link":"https:\/\/revistaesperanzas.com\/web\/2025\/09\/lanzamiento-de-la-3-muestra-de-teatro-tomas-mazzanti-en-goya\/","title":{"rendered":"LANZAMIENTO DE LA 3\u00b0 MUESTRA DE TEATRO \u201cTOM\u00c1S MAZZANTI\u201d EN GOYA"},"content":{"rendered":"<p style=\"font-weight: 400;\">Direcci\u00f3n de Prensa \u2013\u00a0Este jueves 18 de septiembre, a las 11 horas, se llevar\u00e1 a cabo en el Sal\u00f3n de Acuerdos del Palacio Municipal la conferencia de prensa de lanzamiento de la 3\u00b0 Muestra de Teatro \u201cTom\u00e1s Mazzanti\u201d.<\/p>\n<p style=\"font-weight: 400;\">La convocatoria, organizada por la Direcci\u00f3n de Cultura dependiente de la Secretar\u00eda de Gobierno del municipio de Goya, est\u00e1 dirigida a periodistas, comunicadores y medios de prensa, quienes podr\u00e1n conocer en detalle el programa de actividades que se desarrollar\u00e1 durante la muestra.<\/p>\n<p style=\"font-weight: 400;\">En la oportunidad se dar\u00e1n a conocer las obras, grupos participantes y la grilla de presentaciones previstas en el Teatro Municipal Solari, espacio que volver\u00e1 a convertirse en el epicentro cultural de la ciudad con esta propuesta que rinde homenaje a la memoria de Tom\u00e1s Mazzanti.<\/p>\n<p style=\"font-weight: 400;\">\u00a1Los esperamos!<\/p>\n<p style=\"font-weight: 400;\">\n","protected":false},"excerpt":{"rendered":"<p>Direcci\u00f3n de Prensa \u2013\u00a0Este jueves 18 de septiembre, a las 11 horas, se llevar\u00e1 a cabo en el Sal\u00f3n de Acuerdos del Palacio Municipal la conferencia de prensa de lanzamiento de la 3\u00b0 Muestra de Teatro \u201cTom\u00e1s Mazzanti\u201d. La convocatoria, organizada por la Direcci\u00f3n de Cultura dependiente de la Secretar\u00eda de Gobierno del municipio de [&hellip;]<\/p>\n","protected":false},"author":4,"featured_media":135323,"comment_status":"closed","ping_status":"closed","sticky":false,"template":"","format":"standard","meta":{"footnotes":""},"categories":[45],"tags":[],"class_list":{"0":"post-135322","1":"post","2":"type-post","3":"status-publish","4":"format-standard","5":"has-post-thumbnail","7":"category-locales"},"_links":{"self":[{"href":"https:\/\/revistaesperanzas.com\/web\/wp-json\/wp\/v2\/posts\/135322","targetHints":{"allow":["GET"]}}],"collection":[{"href":"https:\/\/revistaesperanzas.com\/web\/wp-json\/wp\/v2\/posts"}],"about":[{"href":"https:\/\/revistaesperanzas.com\/web\/wp-json\/wp\/v2\/types\/post"}],"author":[{"embeddable":true,"href":"https:\/\/revistaesperanzas.com\/web\/wp-json\/wp\/v2\/users\/4"}],"replies":[{"embeddable":true,"href":"https:\/\/revistaesperanzas.com\/web\/wp-json\/wp\/v2\/comments?post=135322"}],"version-history":[{"count":0,"href":"https:\/\/revistaesperanzas.com\/web\/wp-json\/wp\/v2\/posts\/135322\/revisions"}],"wp:featuredmedia":[{"embeddable":true,"href":"https:\/\/revistaesperanzas.com\/web\/wp-json\/wp\/v2\/media\/135323"}],"wp:attachment":[{"href":"https:\/\/revistaesperanzas.com\/web\/wp-json\/wp\/v2\/media?parent=135322"}],"wp:term":[{"taxonomy":"category","embeddable":true,"href":"https:\/\/revistaesperanzas.com\/web\/wp-json\/wp\/v2\/categories?post=135322"},{"taxonomy":"post_tag","embeddable":true,"href":"https:\/\/revistaesperanzas.com\/web\/wp-json\/wp\/v2\/tags?post=135322"}],"curies":[{"name":"wp","href":"https:\/\/api.w.org\/{rel}","templated":true}]}}