{"id":135325,"date":"2025-09-17T21:01:08","date_gmt":"2025-09-18T00:01:08","guid":{"rendered":"https:\/\/revistaesperanzas.com\/web\/?p=135325"},"modified":"2025-09-17T21:01:08","modified_gmt":"2025-09-18T00:01:08","slug":"sonia-espina-la-educacion-de-goya-se-fortalece-con-reconocimiento-acompanamiento-y-participacion","status":"publish","type":"post","link":"https:\/\/revistaesperanzas.com\/web\/2025\/09\/sonia-espina-la-educacion-de-goya-se-fortalece-con-reconocimiento-acompanamiento-y-participacion\/","title":{"rendered":"SONIA ESPINA: \u201cLA EDUCACI\u00d3N DE GOYA SE FORTALECE CON RECONOCIMIENTO, ACOMPA\u00d1AMIENTO Y PARTICIPACI\u00d3N\u201d"},"content":{"rendered":"<p style=\"font-weight: 400;\">Direcci\u00f3n de Prensa \u2013\u00a0En coincidencia con el D\u00eda del Profesor, la Secretar\u00eda de Educaci\u00f3n de la Municipalidad de Goya, doctora Sonia Espina, mantuvo un di\u00e1logo con Radio Ciudad 88.3. Su palabra fue m\u00e1s que especial, no solo por su rol institucional, sino tambi\u00e9n porque la funcionaria se desempe\u00f1a como docente activa en un establecimiento educativo.<\/p>\n<p style=\"font-weight: 400;\">Antes de entrar en los temas de agenda, Espina tuvo un gesto personal que marc\u00f3 el inicio de la entrevista: \u201cDoy clases en una escuela y aprovecho para saludar a todos mis colegas y felicitarlos en su d\u00eda\u201d, expres\u00f3.<\/p>\n<p style=\"font-weight: 400;\">La charla estuvo marcada por tres grandes ejes: la satisfacci\u00f3n por los logros de los estudiantes en la Feria de Ciencias, la expectativa por la inminente Estudiantina 2025, y el reconocimiento que este a\u00f1o recibir\u00e1 un gran n\u00famero de docentes destacados de la ciudad.<\/p>\n<p style=\"font-weight: 400;\">FERIA DE CIENCIAS<\/p>\n<p style=\"font-weight: 400;\">Uno de los anuncios m\u00e1s celebrados de los \u00faltimos d\u00edas fue la clasificaci\u00f3n de la Escuela N\u00b0 254 \u201cDr. Pedro Alc\u00e1ntara D\u00edaz Colodrero\u201d a la instancia nacional de la Feria de Ciencias.<\/p>\n<p style=\"font-weight: 400;\">Sonia Espina manifest\u00f3: \u201cLa verdad que muy contentos todos, ayer salud\u00e9 personalmente a la directora. Recordemos que estos chicos hace 2 a\u00f1os, cuando estaban en cuarto grado, tambi\u00e9n ya hab\u00edan sido seleccionados con el proyecto \u201cDurmiendo con el enemigo\u201d, que hablaba un poco del uso del celular. Ahora, con otro proyecto, vuelven a pasar a la instancia nacional, as\u00ed que por supuesto un orgullo para Goya\u201d.<\/p>\n<p style=\"font-weight: 400;\">La secretaria recalc\u00f3 que la ciudad sigue siendo semillero de talento en distintas disciplinas: \u201cOtros goyanos representan a nuestra ciudad en distintos rubros, pero sobre todo en materia educativa. Hay un mont\u00f3n de chicos que participan, en este caso la Feria de Ciencias, pero tambi\u00e9n en Olimpiadas de Matem\u00e1ticas, de Filosof\u00eda y en muchas competencias m\u00e1s donde los chicos de Goya siempre se destacan\u201d.<a href=\"https:\/\/revistaesperanzas.com\/web\/2025\/09\/sonia-espina-la-educacion-de-goya-se-fortalece-con-reconocimiento-acompanamiento-y-participacion\/sonia-2\/\" rel=\"attachment wp-att-135327\"><img loading=\"lazy\" decoding=\"async\" class=\" wp-image-135327 alignleft\" src=\"https:\/\/revistaesperanzas.com\/web\/wp-content\/uploads\/2025\/09\/sonia-2.jpeg\" alt=\"\" width=\"355\" height=\"476\" srcset=\"https:\/\/revistaesperanzas.com\/web\/wp-content\/uploads\/2025\/09\/sonia-2.jpeg 1080w, https:\/\/revistaesperanzas.com\/web\/wp-content\/uploads\/2025\/09\/sonia-2-696x933.jpeg 696w, https:\/\/revistaesperanzas.com\/web\/wp-content\/uploads\/2025\/09\/sonia-2-1068x1432.jpeg 1068w, https:\/\/revistaesperanzas.com\/web\/wp-content\/uploads\/2025\/09\/sonia-2-313x420.jpeg 313w\" sizes=\"auto, (max-width: 355px) 100vw, 355px\" \/><\/a><\/p>\n<p style=\"font-weight: 400;\">El proyecto \u201cDurmiendo con el enemigo\u201d \u2014que cont\u00f3 con el testimonio de Virginia Acosta para concientizar sobre los riesgos del uso del celular\u2014 fue solo una muestra del nivel de investigaci\u00f3n que se genera en las aulas locales. Espina destac\u00f3 la importancia de brindar un marco institucional a estos esfuerzos: \u201cLa expo departamental es un buen espacio para que las escuelas puedan mostrar sus proyectos fuera de la instituci\u00f3n, que los vean otras escuelas, los pap\u00e1s y toda la comunidad. Es otra opci\u00f3n que hacemos en conjunto con Gustavo Berbere, que la verdad est\u00e1 muy buena\u201d.<\/p>\n<p style=\"font-weight: 400;\">ESTUDIANTINA 2025<\/p>\n<p style=\"font-weight: 400;\">El calendario marca que esta semana arranca la 34\u00b0 edici\u00f3n de la Estudiantina, un evento central en la vida de los j\u00f3venes goyanos. Espina detall\u00f3 el rol de cada actor en la organizaci\u00f3n: \u201cLa verdad es que en mi caso me toca un poco m\u00e1s acompa\u00f1ar a los rectores, mientras que otras \u00e1reas como Juventud y Deportes acompa\u00f1an m\u00e1s a los centros de estudiantes. Por supuesto, en conjunto acompa\u00f1amos todo el esquema organizativo. Ellos est\u00e1n divididos por comisiones, y cada comisi\u00f3n trabaja con un \u00e1rea distinta del municipio\u201d, explic\u00f3.<\/p>\n<p style=\"font-weight: 400;\">En relaci\u00f3n a la log\u00edstica, agreg\u00f3: \u201cEstamos ya en plena preparaci\u00f3n, coordinando todo lo que significa la Estudiantina: el predio \u201cCampo Amigo\u201d, las canchas, las bajadas de luz, la parte de servicio, el sonido, el escenario, la seguridad, etc\u00e9tera\u201d.<\/p>\n<p style=\"font-weight: 400;\">Uno de los aspectos m\u00e1s valorados es la implementaci\u00f3n de transporte gratuito y entradas subsidiadas para garantizar la participaci\u00f3n de todos los j\u00f3venes: \u201cDesde el municipio ponemos un colectivo gratuito y tambi\u00e9n aportamos entradas gratuitas para los chicos que no pueden comprarlas. Este colectivo lo implementamos el a\u00f1o pasado y fue un acierto, este a\u00f1o nos volvieron a pedir los rectores. Hace recorridos por colegios m\u00e1s lejanos como Brigadier Zini, Sagrado Coraz\u00f3n, Torrent, Gregoria Morales y luego paradas en el centro para otros establecimientos como ser Normal, Santa Teresa, Virasoro entre otras. Eso tambi\u00e9n le da seguridad a los chicos\u201d, remarc\u00f3.<\/p>\n<p style=\"font-weight: 400;\">El cronograma tendr\u00e1 un cambio importante: la tradicional partida de la antorcha se realizar\u00e1 pasado el mediod\u00eda.<\/p>\n<p style=\"font-weight: 400;\">\u201cA las 13 horas arranca la antorcha desde la Escuela T\u00e9cnica Francisco Pinaroli y a las 13:30 se tiene previsto hacer la inauguraci\u00f3n en el \u201cCampo Amigo\u201d. Luego arranca la parte deportiva, despu\u00e9s a las 16 horas en paralelo el cultural. El viernes desde las 8 de la ma\u00f1ana competencias deportivas y a las 17 la elecci\u00f3n de reina y rey. El s\u00e1bado, nuevamente competencias desde temprano y la entrega de premios por la tarde alrededor de las 17 horas\u201d, detall\u00f3 Espina.<\/p>\n<p style=\"font-weight: 400;\">Tambi\u00e9n destac\u00f3 un espacio que crece a\u00f1o a a\u00f1o: \u201cEl espacio de arte est\u00e1 muy bueno. Los chicos cantan, bailan, muestran su talento. No todos participan en deportes, pero s\u00ed en actividades art\u00edsticas, y ese es un lindo espacio para que todos puedan sentirse parte\u201d.<\/p>\n<p style=\"font-weight: 400;\">En cuanto a las representaciones, la secretaria anticip\u00f3 novedades: \u201cEste a\u00f1o tambi\u00e9n tenemos la elecci\u00f3n de reina, la elecci\u00f3n de rey que se implement\u00f3 el a\u00f1o pasado, y ahora tambi\u00e9n dos pr\u00edncipes. Los chicos van sum\u00e1ndole cosas a la Estudiantina\u201d.<\/p>\n<p style=\"font-weight: 400;\">Finalmente, sobre la accesibilidad al predio que tiene un valor, recalc\u00f3: \u201cdesde la Municipalidad otorgamos alrededor de 500 entradas gratuitas por d\u00eda, que se manejan con los rectores para que ellos las entreguen en sus escuelas\u201d.<\/p>\n<p style=\"font-weight: 400;\">RECONOCIMIENTO A LOS DOCENTES<\/p>\n<p style=\"font-weight: 400;\">Septiembre, adem\u00e1s de ser el mes de la juventud, es tambi\u00e9n un tiempo de reconocimiento para los educadores. Espina adelant\u00f3: \u201cEste va a ser el tercer a\u00f1o que implementamos el reconocimiento a los docentes destacados, ayorn\u00e1ndonos a lo que realiza el Ministerio de Educaci\u00f3n a nivel provincial. El primer a\u00f1o reconocimos a directivos, el a\u00f1o pasado cada escuela envi\u00f3 sus propuestas, y este a\u00f1o decidimos que sea al docente con m\u00e1s de 25 a\u00f1os frente al aula\u201d.<\/p>\n<p style=\"font-weight: 400;\">La convocatoria fue un \u00e9xito: \u201cTenemos m\u00e1s de 150 docentes para reconocer de todas las escuelas. Ya estamos preparando la ceremonia para la semana que viene junto al intendente. Es un acto muy lindo y emocionante, acompa\u00f1a la familia de cada docente. Nos parec\u00eda importante que antes de jubilarse puedan recibir este reconocimiento\u201d, sostuvo.<\/p>\n<p style=\"font-weight: 400;\">En cuanto al impacto en las instituciones, a\u00f1adi\u00f3: \u201cAl principio cost\u00f3 un poco, pero ahora las escuelas esperan este momento. Lo mismo pasa con los alumnos destacados, cada a\u00f1o crece la participaci\u00f3n. Nos parece que hay mucho para reconocer y no queremos quedarnos solo en un \u00e1rea\u201d.<\/p>\n<p style=\"font-weight: 400;\">ESCUELAS MUNICIPALES<\/p>\n<p style=\"font-weight: 400;\">Otro de los puntos fuertes de la gesti\u00f3n fue el desarrollo de las escuelas municipales. Espina destac\u00f3: \u201cCreo que en esta gesti\u00f3n las escuelas hicieron un cambio rotundo. Primero, porque las fuimos profesionalizando, y segundo, porque se les dio visibilidad. Cada escuela va proyectando sus actividades y nosotros acompa\u00f1amos\u201d.<\/p>\n<p style=\"font-weight: 400;\">En esa l\u00ednea, anunci\u00f3 su participaci\u00f3n en el festival inclusivo organizado por la Coordinaci\u00f3n de Discapacidad: \u201cEste a\u00f1o se animan a salir del espacio escolar y lo har\u00e1n en la Estaci\u00f3n de los Ni\u00f1os. Participar\u00e1n las cuatro escuelas municipales \u2014Antonio Villarreal, Nuestra Se\u00f1ora de Itat\u00ed, la Escuela de Arte y el ITG\u2014 junto a instituciones vinculadas a la discapacidad. Es un trabajo mancomunado que abre espacios de inclusi\u00f3n\u201d, asegur\u00f3.<\/p>\n<p style=\"font-weight: 400;\">Adem\u00e1s, confirm\u00f3 que se repetir\u00e1 la ceremonia de colaci\u00f3n conjunta: \u201cEl a\u00f1o pasado juntamos las colaciones en el predio Costa Surub\u00ed y este a\u00f1o seguramente lo repetiremos. Tenemos cada vez m\u00e1s cursos, m\u00e1s actividades y m\u00e1s egresados, por lo que necesitamos un espacio acorde. Es una manera de darles la importancia que merecen nuestras escuelas municipales\u201d, concluy\u00f3.<\/p>\n<p style=\"font-weight: 400;\">\n","protected":false},"excerpt":{"rendered":"<p>Direcci\u00f3n de Prensa \u2013\u00a0En coincidencia con el D\u00eda del Profesor, la Secretar\u00eda de Educaci\u00f3n de la Municipalidad de Goya, doctora Sonia Espina, mantuvo un di\u00e1logo con Radio Ciudad 88.3. Su palabra fue m\u00e1s que especial, no solo por su rol institucional, sino tambi\u00e9n porque la funcionaria se desempe\u00f1a como docente activa en un establecimiento educativo. [&hellip;]<\/p>\n","protected":false},"author":4,"featured_media":135326,"comment_status":"closed","ping_status":"closed","sticky":false,"template":"","format":"standard","meta":{"footnotes":""},"categories":[45],"tags":[],"class_list":{"0":"post-135325","1":"post","2":"type-post","3":"status-publish","4":"format-standard","5":"has-post-thumbnail","7":"category-locales"},"_links":{"self":[{"href":"https:\/\/revistaesperanzas.com\/web\/wp-json\/wp\/v2\/posts\/135325","targetHints":{"allow":["GET"]}}],"collection":[{"href":"https:\/\/revistaesperanzas.com\/web\/wp-json\/wp\/v2\/posts"}],"about":[{"href":"https:\/\/revistaesperanzas.com\/web\/wp-json\/wp\/v2\/types\/post"}],"author":[{"embeddable":true,"href":"https:\/\/revistaesperanzas.com\/web\/wp-json\/wp\/v2\/users\/4"}],"replies":[{"embeddable":true,"href":"https:\/\/revistaesperanzas.com\/web\/wp-json\/wp\/v2\/comments?post=135325"}],"version-history":[{"count":0,"href":"https:\/\/revistaesperanzas.com\/web\/wp-json\/wp\/v2\/posts\/135325\/revisions"}],"wp:featuredmedia":[{"embeddable":true,"href":"https:\/\/revistaesperanzas.com\/web\/wp-json\/wp\/v2\/media\/135326"}],"wp:attachment":[{"href":"https:\/\/revistaesperanzas.com\/web\/wp-json\/wp\/v2\/media?parent=135325"}],"wp:term":[{"taxonomy":"category","embeddable":true,"href":"https:\/\/revistaesperanzas.com\/web\/wp-json\/wp\/v2\/categories?post=135325"},{"taxonomy":"post_tag","embeddable":true,"href":"https:\/\/revistaesperanzas.com\/web\/wp-json\/wp\/v2\/tags?post=135325"}],"curies":[{"name":"wp","href":"https:\/\/api.w.org\/{rel}","templated":true}]}}