{"id":135330,"date":"2025-09-17T21:05:59","date_gmt":"2025-09-18T00:05:59","guid":{"rendered":"https:\/\/revistaesperanzas.com\/web\/?p=135330"},"modified":"2025-09-17T21:05:59","modified_gmt":"2025-09-18T00:05:59","slug":"sub-campeona-nacional-de-asado-de-colonia-caroya-cordoba-es-la-primera-inscripta-al-concurso-de-asadores-de-goya","status":"publish","type":"post","link":"https:\/\/revistaesperanzas.com\/web\/2025\/09\/sub-campeona-nacional-de-asado-de-colonia-caroya-cordoba-es-la-primera-inscripta-al-concurso-de-asadores-de-goya\/","title":{"rendered":"SUB CAMPEONA NACIONAL DE ASADO DE COLONIA CAROYA, C\u00d3RDOBA, ES LA PRIMERA INSCRIPTA AL CONCURSO DE ASADORES DE GOYA"},"content":{"rendered":"<p style=\"font-weight: 400;\">Direcci\u00f3n de Prensa \u2013\u00a05\u00aa edici\u00f3n Festival del Asado Criollo y Concurso de Asadores:<\/p>\n<p style=\"font-weight: 400;\">Ella es Aldana Almada, asadora de profesi\u00f3n, cocinera s\u00faper aficionada al fuego y el asado, hace 7 a\u00f1os descubri\u00f3 que la parrilla es su pasi\u00f3n. Entre cortes, brasas y condimentos pone su impronta al momento de hacer un asado y este pr\u00f3ximo 7 y 8 de noviembre ser\u00e1 una de las participantes del Festival del Asado Criollo y Concurso de Asadores de Goya.<\/p>\n<p style=\"font-weight: 400;\">En octubre de 2021 se present\u00f3 por primera vez como concursante en parrilla El Faro,<a href=\"https:\/\/revistaesperanzas.com\/web\/2025\/09\/sub-campeona-nacional-de-asado-de-colonia-caroya-cordoba-es-la-primera-inscripta-al-concurso-de-asadores-de-goya\/asador-1\/\" rel=\"attachment wp-att-135332\"><img loading=\"lazy\" decoding=\"async\" class=\" wp-image-135332 alignleft\" src=\"https:\/\/revistaesperanzas.com\/web\/wp-content\/uploads\/2025\/09\/ASADOR-1.jpeg\" alt=\"\" width=\"320\" height=\"396\" srcset=\"https:\/\/revistaesperanzas.com\/web\/wp-content\/uploads\/2025\/09\/ASADOR-1.jpeg 935w, https:\/\/revistaesperanzas.com\/web\/wp-content\/uploads\/2025\/09\/ASADOR-1-324x400.jpeg 324w, https:\/\/revistaesperanzas.com\/web\/wp-content\/uploads\/2025\/09\/ASADOR-1-696x863.jpeg 696w, https:\/\/revistaesperanzas.com\/web\/wp-content\/uploads\/2025\/09\/ASADOR-1-339x420.jpeg 339w\" sizes=\"auto, (max-width: 320px) 100vw, 320px\" \/><\/a> logrando el 4\u00b0 puesto como mejor stand. En agosto del 2022 se present\u00f3 en la exposici\u00f3n rural de C\u00f3rdoba, en Malague\u00f1o, logrando el 1\u00b0 puesto. En mayo del 2023 se present\u00f3 para concursar en la comuna de Los Cedros, logrando el 3er puesto. En marzo de 2024 se present\u00f3 en el parque Squiman, disputando el t\u00edtulo nacional de mujeres asadoras, logrando el subcampeonato nacional.<\/p>\n<p style=\"font-weight: 400;\">Consultada por sus ganas y expectativas de venir a conocer Goya a participar, conocer e intercambiar \u00a0experiencias gastron\u00f3micas con otros asadores y cocineros, Aldana se\u00f1al\u00f3 que le parece muy atractiva la idea, sobre todo la posibilidad de venir a conocer a asadores de la regi\u00f3n.<\/p>\n<p style=\"font-weight: 400;\">\u201cEsto de la mujer asando tiene algo de novedoso \u2013dijo- la mujer tiene una impronta diferente en cuanto a lo que por lo general se ve en la parrilla\u201d.<\/p>\n<p style=\"font-weight: 400;\">Su familia la acompa\u00f1a y la apoya para seguir creciendo profesionalmente.<\/p>\n<p style=\"font-weight: 400;\">\u201cLas expectativas que tengo para m\u00ed presentaci\u00f3n en Corrientes son muy buenas. Quiero conocer gente nueva, aprender un poco m\u00e1s de otros asadores y disfrutarlo como siempre: con un buen vino y un buen corte, todo es fant\u00e1stico. As\u00ed que los espero a todos y espero que nos acompa\u00f1en y disfrutemos todos de esta fiesta que va a ser magnifica\u201d dijo.<\/p>\n<p style=\"font-weight: 400;\">\u00a0FUNDACI\u00d3N ANIMAR<\/p>\n<p style=\"font-weight: 400;\">Cabe se\u00f1alar que, para la 5ta edici\u00f3n del evento regional, los campeones del a\u00f1o 2023, la<a href=\"https:\/\/revistaesperanzas.com\/web\/2025\/09\/sub-campeona-nacional-de-asado-de-colonia-caroya-cordoba-es-la-primera-inscripta-al-concurso-de-asadores-de-goya\/asador-3\/\" rel=\"attachment wp-att-135333\"><img loading=\"lazy\" decoding=\"async\" class=\" wp-image-135333 alignright\" src=\"https:\/\/revistaesperanzas.com\/web\/wp-content\/uploads\/2025\/09\/ASADOR-3.jpeg\" alt=\"\" width=\"320\" height=\"427\" srcset=\"https:\/\/revistaesperanzas.com\/web\/wp-content\/uploads\/2025\/09\/ASADOR-3.jpeg 768w, https:\/\/revistaesperanzas.com\/web\/wp-content\/uploads\/2025\/09\/ASADOR-3-696x928.jpeg 696w, https:\/\/revistaesperanzas.com\/web\/wp-content\/uploads\/2025\/09\/ASADOR-3-315x420.jpeg 315w\" sizes=\"auto, (max-width: 320px) 100vw, 320px\" \/><\/a> Fundaci\u00f3n Correntina ANIMAR, van a revalidar t\u00edtulo concursando y trayendo con ellos a participar a alumnos de su fundaci\u00f3n del taller de cocina. Desde la organizaci\u00f3n esperan que esta Edici\u00f3n supere la cantidad de inscriptos respecto al a\u00f1o anterior y se sumen al concurso de asadores, \u00fanico en la provincia.<\/p>\n<p style=\"font-weight: 400;\">Cabe recordar que dicho Festival cuenta con el apoyo del Municipio de Goya.<\/p>\n<p style=\"font-weight: 400;\">\u00a0Link de inscripci\u00f3n. 5\u00aa edici\u00f3n del Festival del Asado Criollo y Concurso de Asadores<\/p>\n<p style=\"font-weight: 400;\"><a href=\"https:\/\/forms.gle\/SyprSpuyh6Hdee5H8\" data-saferedirecturl=\"https:\/\/www.google.com\/url?q=https:\/\/forms.gle\/SyprSpuyh6Hdee5H8&amp;source=gmail&amp;ust=1758237453623000&amp;usg=AOvVaw3eN0to0KtNT8a1n76wkE9a\">https:\/\/forms.gle\/SyprSpuyh6Hdee5H8<\/a><\/p>\n<p style=\"font-weight: 400;\">\n","protected":false},"excerpt":{"rendered":"<p>Direcci\u00f3n de Prensa \u2013\u00a05\u00aa edici\u00f3n Festival del Asado Criollo y Concurso de Asadores: Ella es Aldana Almada, asadora de profesi\u00f3n, cocinera s\u00faper aficionada al fuego y el asado, hace 7 a\u00f1os descubri\u00f3 que la parrilla es su pasi\u00f3n. Entre cortes, brasas y condimentos pone su impronta al momento de hacer un asado y este pr\u00f3ximo [&hellip;]<\/p>\n","protected":false},"author":4,"featured_media":135331,"comment_status":"closed","ping_status":"closed","sticky":false,"template":"","format":"standard","meta":{"footnotes":""},"categories":[45],"tags":[],"class_list":{"0":"post-135330","1":"post","2":"type-post","3":"status-publish","4":"format-standard","5":"has-post-thumbnail","7":"category-locales"},"_links":{"self":[{"href":"https:\/\/revistaesperanzas.com\/web\/wp-json\/wp\/v2\/posts\/135330","targetHints":{"allow":["GET"]}}],"collection":[{"href":"https:\/\/revistaesperanzas.com\/web\/wp-json\/wp\/v2\/posts"}],"about":[{"href":"https:\/\/revistaesperanzas.com\/web\/wp-json\/wp\/v2\/types\/post"}],"author":[{"embeddable":true,"href":"https:\/\/revistaesperanzas.com\/web\/wp-json\/wp\/v2\/users\/4"}],"replies":[{"embeddable":true,"href":"https:\/\/revistaesperanzas.com\/web\/wp-json\/wp\/v2\/comments?post=135330"}],"version-history":[{"count":0,"href":"https:\/\/revistaesperanzas.com\/web\/wp-json\/wp\/v2\/posts\/135330\/revisions"}],"wp:featuredmedia":[{"embeddable":true,"href":"https:\/\/revistaesperanzas.com\/web\/wp-json\/wp\/v2\/media\/135331"}],"wp:attachment":[{"href":"https:\/\/revistaesperanzas.com\/web\/wp-json\/wp\/v2\/media?parent=135330"}],"wp:term":[{"taxonomy":"category","embeddable":true,"href":"https:\/\/revistaesperanzas.com\/web\/wp-json\/wp\/v2\/categories?post=135330"},{"taxonomy":"post_tag","embeddable":true,"href":"https:\/\/revistaesperanzas.com\/web\/wp-json\/wp\/v2\/tags?post=135330"}],"curies":[{"name":"wp","href":"https:\/\/api.w.org\/{rel}","templated":true}]}}