{"id":135336,"date":"2025-09-17T21:09:18","date_gmt":"2025-09-18T00:09:18","guid":{"rendered":"https:\/\/revistaesperanzas.com\/web\/?p=135336"},"modified":"2025-09-17T21:09:18","modified_gmt":"2025-09-18T00:09:18","slug":"dia-historico-para-el-hospital-regional-goya-equipo-medico-realizo-neurocirugia-de-alta-complejidad","status":"publish","type":"post","link":"https:\/\/revistaesperanzas.com\/web\/2025\/09\/dia-historico-para-el-hospital-regional-goya-equipo-medico-realizo-neurocirugia-de-alta-complejidad\/","title":{"rendered":"D\u00cdA HIST\u00d3RICO PARA EL HOSPITAL REGIONAL GOYA: EQUIPO M\u00c9DICO REALIZ\u00d3 NEUROCIRUG\u00cdA DE ALTA COMPLEJIDAD"},"content":{"rendered":"<p style=\"font-weight: 400;\">Direcci\u00f3n de Prensa \u2013\u00a0Salud p\u00fablica de calidad:<\/p>\n<p style=\"font-weight: 400;\">En el Hospital Regional Prof. Dr. Camilo Muniagurria se realiz\u00f3 una neurocirug\u00eda de alta complejidad. El director del Hospital, doctor Ra\u00fal Mart\u00ednez destac\u00f3 que \u201cseguimos complejizando nuestro Hospital Regional, m\u00e1s all\u00e1 que incorporamos un hospital pedi\u00e1trico a la Regi\u00f3n Sanitaria, pero m\u00e1s all\u00e1 de esta infraestructura edilicia lo que venimos haciendo es incorporar recursos humanos y esta cirug\u00eda hist\u00f3rica que se hizo en el d\u00eda de ayer martes as\u00ed lo demuestra\u201d.<\/p>\n<p style=\"font-weight: 400;\">Comunic\u00f3 la nueva incorporaci\u00f3n al staff de profesionales m\u00e9dicos del nosocomio, de los servicios del neurocirujano, doctor Azcona. Asimismo, en la intervenci\u00f3n hubo cirujanos invitados a ser parte del equipo t\u00e9cnico que trabajaron en esa neurocirug\u00eda.<\/p>\n<p style=\"font-weight: 400;\">Es la primera neurocirug\u00eda en la historia del Nosocomio, paciente femenino de 51 a\u00f1os que se le realiz\u00f3 una laminectom\u00eda en una hernia discal de la zona lumbar, esto le permitir\u00e1 aliviar la sintomatolog\u00eda en miembros inferiores.<\/p>\n<p style=\"font-weight: 400;\">El equipo quir\u00fargico estuvo a cargo del Dr. Azcona, Dr. Rodr\u00edguez, Dr. Mart\u00ednez, Dr. Dho<\/p>\n<p style=\"font-weight: 400;\">\u201cEst\u00e1 preparado todo el equipo de terapia intensiva para hacer otras cirug\u00edas como neurointensivismo. Estamos a la altura de las circunstancias porque tenemos recurso humano suficiente. Venimos trabajando para complejizar m\u00e1s nuestro Hospital Regional y lo estamos logrando. Sabemos que estamos en el camino correcto de seguir complejizando nuestro Hospital\u201d reiter\u00f3 Mart\u00ednez.<\/p>\n<p style=\"font-weight: 400;\">FOMACION DE RECURSOS HUMANO<\/p>\n<p style=\"font-weight: 400;\">Destac\u00f3 la importancia de garantizar el derecho a la salud, buscando respuestas y estrategias que fortalezcan la atenci\u00f3n integral y equitativa de los ciudadanos, con un fuerte compromiso en el desarrollo de pol\u00edticas de salud p\u00fablica y la formaci\u00f3n de recursos humanos.<\/p>\n<p style=\"font-weight: 400;\">\u201cEs mucho dinero y tiempo que invierte el estado en formar profesionales de la salud. Por eso no es solo infraestructura y equipamiento, apostamos tambi\u00e9n a la formaci\u00f3n del recurso humano\u201d dijo.<\/p>\n<p style=\"font-weight: 400;\">En este sentido hizo menci\u00f3n al trabajo que vienen realizando en conjunto con las universidades: UNNE, Cuenca del Plata, Barcel\u00f3 de Santo Tom\u00e9, la de C\u00f3rdoba, Rosario, la del Litoral, UBA \u201ctodas esas universidades mandan estudiantes al Hospital Regional de Goya y eso hace que nosotros tengamos mayor calidad, no solo en ense\u00f1ar sino en el servicio a la poblaci\u00f3n\u201d.<\/p>\n<p style=\"font-weight: 400;\">Esta modernizaci\u00f3n tambi\u00e9n incluye la compra de insumos y herramientas m\u00e9dicas. La semana que viene estar\u00e1 recibiendo el Regional Goya un importante env\u00edo consistente en instrumental para intervenciones de la especialidad nariz, garganta y o\u00eddo (Otorrinolaringolog\u00eda)<\/p>\n<p style=\"font-weight: 400;\">En 10 o 15 d\u00edas el hospital regional va a empezar a hacer ese tipo de operaciones, a cargo del Dr. Pintos, que es un goyano que se capacito afuera de su ciudad y hoy d\u00eda volvi\u00f3 para brindar sus conocimientos.<\/p>\n<p style=\"font-weight: 400;\">Este tipo de intervenciones tambi\u00e9n se va a incorporar al Pedi\u00e1trico \u201c\u00c1ngel de la Guarda\u201d porque hay operaciones pedi\u00e1tricas que necesitan el aporte de esta especialidad y de otras que ya fueron incorporadas como Nefrolog\u00eda Pedi\u00e1trica, Diagn\u00f3stico por Im\u00e1genes, Neumolog\u00eda Pedi\u00e1trica.<\/p>\n<p style=\"font-weight: 400;\">DEFENSA DE LA SALUD P\u00daBLICA<\/p>\n<p style=\"font-weight: 400;\">En la parte final, el funcionario m\u00e9dico analiz\u00f3 la realidad de la salud p\u00fablica provincial y nacional.<\/p>\n<p style=\"font-weight: 400;\">El contexto de los \u00faltimos a\u00f1os revela un sistema que cubre y garantiza el derecho a la salud de miles de correntinos que no tienen posibilidades en el sector privado o en el de la seguridad social, sobre todo en los \u00faltimos meses, con personas que han perdido su empleo o a quienes se les han recortado prestaciones de obras sociales nacionales como PAMI.<\/p>\n<p style=\"font-weight: 400;\">En este sentido, se registran incrementos en las atenciones ambulatorias, en guardia, en las especialidades, en enfermer\u00eda y odontolog\u00eda, en cirug\u00edas de adultos y partos.<\/p>\n<p style=\"font-weight: 400;\">Mart\u00ednez se mostr\u00f3 a favor del reclamo genuino, de la defensa de la salud p\u00fablica y la marcha universitaria, paro en el Garrahan y movilizaciones al Congreso hoy mi\u00e9rcoles en CABA.<\/p>\n<p style=\"font-weight: 400;\">Recordemos que organizaciones sociales, sindicatos y la oposici\u00f3n llamaron a movilizarse esta tarde en todo el pa\u00eds. A la misma hora se debatir\u00e1 la ley de financiamiento vetada por el Gobierno para que los legisladores insistan con la ley de financiamiento universitario.<\/p>\n<p style=\"font-weight: 400;\">\u201cHoy es un d\u00eda hist\u00f3rico en el pa\u00eds que es la defensa de la universidad p\u00fablica, la defensa de la salud p\u00fablica y la defensa de otras l\u00edneas que hacen a la conformaci\u00f3n del Estado en general. La marcha es real y genuina en defensa de la salud y la universidad p\u00fablica\u201d reiter\u00f3.<\/p>\n<p style=\"font-weight: 400;\">En el final de la entrevista el Director del Hospital Regional Goya, Dr. Ra\u00fal Alejandro Mart\u00ednez, defini\u00f3 a la salud p\u00fablica de la ciudad, como \u201cExcelente y con Compromiso\u201d<\/p>\n<p style=\"font-weight: 400;\">\n","protected":false},"excerpt":{"rendered":"<p>Direcci\u00f3n de Prensa \u2013\u00a0Salud p\u00fablica de calidad: En el Hospital Regional Prof. Dr. Camilo Muniagurria se realiz\u00f3 una neurocirug\u00eda de alta complejidad. El director del Hospital, doctor Ra\u00fal Mart\u00ednez destac\u00f3 que \u201cseguimos complejizando nuestro Hospital Regional, m\u00e1s all\u00e1 que incorporamos un hospital pedi\u00e1trico a la Regi\u00f3n Sanitaria, pero m\u00e1s all\u00e1 de esta infraestructura edilicia lo [&hellip;]<\/p>\n","protected":false},"author":4,"featured_media":135337,"comment_status":"closed","ping_status":"closed","sticky":false,"template":"","format":"standard","meta":{"footnotes":""},"categories":[45],"tags":[],"class_list":{"0":"post-135336","1":"post","2":"type-post","3":"status-publish","4":"format-standard","5":"has-post-thumbnail","7":"category-locales"},"_links":{"self":[{"href":"https:\/\/revistaesperanzas.com\/web\/wp-json\/wp\/v2\/posts\/135336","targetHints":{"allow":["GET"]}}],"collection":[{"href":"https:\/\/revistaesperanzas.com\/web\/wp-json\/wp\/v2\/posts"}],"about":[{"href":"https:\/\/revistaesperanzas.com\/web\/wp-json\/wp\/v2\/types\/post"}],"author":[{"embeddable":true,"href":"https:\/\/revistaesperanzas.com\/web\/wp-json\/wp\/v2\/users\/4"}],"replies":[{"embeddable":true,"href":"https:\/\/revistaesperanzas.com\/web\/wp-json\/wp\/v2\/comments?post=135336"}],"version-history":[{"count":0,"href":"https:\/\/revistaesperanzas.com\/web\/wp-json\/wp\/v2\/posts\/135336\/revisions"}],"wp:featuredmedia":[{"embeddable":true,"href":"https:\/\/revistaesperanzas.com\/web\/wp-json\/wp\/v2\/media\/135337"}],"wp:attachment":[{"href":"https:\/\/revistaesperanzas.com\/web\/wp-json\/wp\/v2\/media?parent=135336"}],"wp:term":[{"taxonomy":"category","embeddable":true,"href":"https:\/\/revistaesperanzas.com\/web\/wp-json\/wp\/v2\/categories?post=135336"},{"taxonomy":"post_tag","embeddable":true,"href":"https:\/\/revistaesperanzas.com\/web\/wp-json\/wp\/v2\/tags?post=135336"}],"curies":[{"name":"wp","href":"https:\/\/api.w.org\/{rel}","templated":true}]}}