{"id":135340,"date":"2025-09-17T21:10:37","date_gmt":"2025-09-18T00:10:37","guid":{"rendered":"https:\/\/revistaesperanzas.com\/web\/?p=135340"},"modified":"2025-09-17T21:10:37","modified_gmt":"2025-09-18T00:10:37","slug":"una-velada-de-gala-encuentro-de-orquestas-en-el-teatro-municipal-solari","status":"publish","type":"post","link":"https:\/\/revistaesperanzas.com\/web\/2025\/09\/una-velada-de-gala-encuentro-de-orquestas-en-el-teatro-municipal-solari\/","title":{"rendered":"UNA VELADA DE GALA:  ENCUENTRO DE ORQUESTAS EN EL TEATRO MUNICIPAL SOLARI"},"content":{"rendered":"<p style=\"font-weight: 400;\">Direcci\u00f3n de Prensa \u2013\u00a0La Direcci\u00f3n de Cultura de Goya prepara una noche especial para el s\u00e1bado 27 de septiembre, a partir de las 20 horas, en el Teatro Municipal Solari, con un concierto de gala y encuentro de orquestas que promete sorprender al p\u00fablico. La entrada ser\u00e1 libre y gratuita.<\/p>\n<p style=\"font-weight: 400;\">Para entender la relevancia del evento, dialogamos con el profesor de m\u00fasica Gustavo Demarchi, quien brind\u00f3 detalles sobre la velada y el trabajo de las orquestas locales.<\/p>\n<p style=\"font-weight: 400;\">Goya cuenta con una orquesta de c\u00e1mara, que se form\u00f3 a partir de la Escuela Municipal de M\u00fasica Alcides Romero, que revitaliza su nombre y permite la formaci\u00f3n acad\u00e9mica, haciendo lectura de la teor\u00eda musical. Esto ha conformado algo realmente interesante: la orquesta de la Escuela Municipal de M\u00fasica.<\/p>\n<p style=\"font-weight: 400;\">\u201cLa orquesta de c\u00e1mara que llevamos nosotros est\u00e1 formada por diferentes instrumentos de cuerda, de percusi\u00f3n, de vientos y tambi\u00e9n contamos con algunos alumnos, que en algunas oportunidades hacen canciones cantadas acompa\u00f1adas por la orquesta. Es un n\u00famero mucho mayor de m\u00fasicos a diferencia de la orquesta municipal.\u201d<\/p>\n<p style=\"font-weight: 400;\">Sobre la propuesta desplegada por la Orquesta, Demarchi destac\u00f3: \u201cMuchas veces hemos ofrecido un concierto did\u00e1ctico. Esto consiste en hablar sobre cada instrumento que compone la orquesta. Cada integrante cuenta si es de cuerda, de viento o de percusi\u00f3n, la historia de su instrumento, c\u00f3mo surgi\u00f3, los materiales de los que est\u00e1 compuesto y muestra un poco c\u00f3mo suena, para diferenciarlo cuando suena la orquesta en conjunto.\u201d<\/p>\n<p style=\"font-weight: 400;\">ENCUENTRO DE ORQUESTAS<\/p>\n<p style=\"font-weight: 400;\">Respecto al encuentro con otras agrupaciones, Gustavo mencion\u00f3: \u201cVamos a estar haciendo un encuentro con una orquesta de Monte Caseros, dirigida por un gran amigo m\u00edo, Ram\u00f3n Siucio, muy conocido en Goya por su paso por la banda militar y por tocar con varios grupos locales. Ellos abrieron una escuela de m\u00fasica en Monte Caseros y tambi\u00e9n un conservatorio Fracassi.\u201d<\/p>\n<p style=\"font-weight: 400;\">El profesor enfatiz\u00f3 la importancia de estas experiencias: \u201cSabemos la importancia que tiene tener una orquesta en una escuela de m\u00fasica, porque es el lugar donde los chicos vuelcan todo lo aprendido. Ellos tambi\u00e9n aprenden a leer m\u00fasica, incluso si a algunos les cuesta, siempre con el acompa\u00f1amiento de los profesores que buscan la manera de que cada chico pueda hacer m\u00fasica.\u201d<\/p>\n<p style=\"font-weight: 400;\">REPERTORIO VARIADA<\/p>\n<p style=\"font-weight: 400;\">El repertorio del encuentro ser\u00e1 variado y enriquecedor para el p\u00fablico: \u201cCada orquesta tiene su repertorio. Nosotros pasamos por chamame, rock nacional, rock internacional, alguna cumbia, tratamos de tener un poco de todo. No podemos hacer cualquier g\u00e9nero improvisadamente porque armar un tema con la orquesta lleva mucho trabajo, ensayar, prepararlo. La orquesta ya viene trabajando su repertorio desde antes.\u201d<\/p>\n<p style=\"font-weight: 400;\">Demarchi tambi\u00e9n destac\u00f3 la composici\u00f3n del grupo: \u201cLa orquesta est\u00e1 integrada por muchos chicos que son alumnos de la escuela, ex alumnos que formaron parte de alguna banda militar o de gendarmer\u00eda y que ahora se acercan para seguir haciendo m\u00fasica. Tambi\u00e9n contamos con profesores que me ayudan, como Lisandro Stalla, Sebasti\u00e1n Bellando (guitarra y bajo), Juan Umeres (viol\u00edn), Javi Escobar (guitarra), Horacio \u2018Negro\u2019 Gil (bater\u00eda), David Barrientos (acorde\u00f3n), Erika y Carito Torales (canto y guitarra), \u00d3scar Arduini (guitarra), y nuestra secretaria Rosita, que siempre nos ayuda con todo.\u201d<\/p>\n<p style=\"font-weight: 400;\">Finalmente, Gustavo extendi\u00f3 la invitaci\u00f3n a toda la comunidad: \u201cVa a ser muy bueno encontrarse con otra gente, que hace lo mismo, ver otro estilo de m\u00fasica, otros g\u00e9neros, otros instrumentos que no son tan comunes. Invitamos a toda la gente que se anime y se acerque a compartir un rato con nosotros. Y tambi\u00e9n quiero agradecer a nuestro Director de Cultura, Manuel Zampar, que siempre nos recibe con las puertas abiertas.\u201d<\/p>\n<p style=\"font-weight: 400;\">El encuentro de orquestas promete ser una noche \u00fanica, combinando educaci\u00f3n musical, talento local y un intercambio enriquecedor entre agrupaciones de Goya y Monte Caseros, en un evento pensado para toda la familia.<\/p>\n<p style=\"font-weight: 400;\">\n","protected":false},"excerpt":{"rendered":"<p>Direcci\u00f3n de Prensa \u2013\u00a0La Direcci\u00f3n de Cultura de Goya prepara una noche especial para el s\u00e1bado 27 de septiembre, a partir de las 20 horas, en el Teatro Municipal Solari, con un concierto de gala y encuentro de orquestas que promete sorprender al p\u00fablico. La entrada ser\u00e1 libre y gratuita. Para entender la relevancia del [&hellip;]<\/p>\n","protected":false},"author":4,"featured_media":135341,"comment_status":"closed","ping_status":"closed","sticky":false,"template":"","format":"standard","meta":{"footnotes":""},"categories":[45],"tags":[],"class_list":{"0":"post-135340","1":"post","2":"type-post","3":"status-publish","4":"format-standard","5":"has-post-thumbnail","7":"category-locales"},"_links":{"self":[{"href":"https:\/\/revistaesperanzas.com\/web\/wp-json\/wp\/v2\/posts\/135340","targetHints":{"allow":["GET"]}}],"collection":[{"href":"https:\/\/revistaesperanzas.com\/web\/wp-json\/wp\/v2\/posts"}],"about":[{"href":"https:\/\/revistaesperanzas.com\/web\/wp-json\/wp\/v2\/types\/post"}],"author":[{"embeddable":true,"href":"https:\/\/revistaesperanzas.com\/web\/wp-json\/wp\/v2\/users\/4"}],"replies":[{"embeddable":true,"href":"https:\/\/revistaesperanzas.com\/web\/wp-json\/wp\/v2\/comments?post=135340"}],"version-history":[{"count":0,"href":"https:\/\/revistaesperanzas.com\/web\/wp-json\/wp\/v2\/posts\/135340\/revisions"}],"wp:featuredmedia":[{"embeddable":true,"href":"https:\/\/revistaesperanzas.com\/web\/wp-json\/wp\/v2\/media\/135341"}],"wp:attachment":[{"href":"https:\/\/revistaesperanzas.com\/web\/wp-json\/wp\/v2\/media?parent=135340"}],"wp:term":[{"taxonomy":"category","embeddable":true,"href":"https:\/\/revistaesperanzas.com\/web\/wp-json\/wp\/v2\/categories?post=135340"},{"taxonomy":"post_tag","embeddable":true,"href":"https:\/\/revistaesperanzas.com\/web\/wp-json\/wp\/v2\/tags?post=135340"}],"curies":[{"name":"wp","href":"https:\/\/api.w.org\/{rel}","templated":true}]}}