{"id":135343,"date":"2025-09-17T21:12:10","date_gmt":"2025-09-18T00:12:10","guid":{"rendered":"https:\/\/revistaesperanzas.com\/web\/?p=135343"},"modified":"2025-09-17T21:12:10","modified_gmt":"2025-09-18T00:12:10","slug":"olimpiada-argentina-de-filosofia","status":"publish","type":"post","link":"https:\/\/revistaesperanzas.com\/web\/2025\/09\/olimpiada-argentina-de-filosofia\/","title":{"rendered":"OLIMPIADA ARGENTINA DE FILOSOF\u00cdA"},"content":{"rendered":"<p>Direcci\u00f3n de Prensa &#8211;\u00a0Estudiantes del Instituto General San Mart\u00edn obtienen el pasaje a la final nacional de esta prueba acad\u00e9mica.<\/p>\n<p>Emiliano Fern\u00e1ndez y Gonzalo Federico Calvi, j\u00f3venes del citado instituto, representar\u00e1n a la provincia de Corrientes en la instancia Nacional de la Olimpiada Argentina de Filosof\u00eda.<\/p>\n<p>Otro galard\u00f3n recibido al m\u00e9rito de la dedicaci\u00f3n y preparaci\u00f3n para ser parte de la olimpiada de referencia.<\/p>\n<p>La comunidad educativa del instituto \u201cGral. San Mart\u00edn\u201d felicita a los estudiantes por esta oportunidad de representar a Corrientes a nivel nacional, agradeciendo el apoyo recibido para participar de la mencionada prueba acad\u00e9mica.<\/p>\n<p>&nbsp;<\/p>\n","protected":false},"excerpt":{"rendered":"<p>Direcci\u00f3n de Prensa &#8211;\u00a0Estudiantes del Instituto General San Mart\u00edn obtienen el pasaje a la final nacional de esta prueba acad\u00e9mica. Emiliano Fern\u00e1ndez y Gonzalo Federico Calvi, j\u00f3venes del citado instituto, representar\u00e1n a la provincia de Corrientes en la instancia Nacional de la Olimpiada Argentina de Filosof\u00eda. Otro galard\u00f3n recibido al m\u00e9rito de la dedicaci\u00f3n y [&hellip;]<\/p>\n","protected":false},"author":4,"featured_media":135344,"comment_status":"closed","ping_status":"closed","sticky":false,"template":"","format":"standard","meta":{"footnotes":""},"categories":[45],"tags":[],"class_list":{"0":"post-135343","1":"post","2":"type-post","3":"status-publish","4":"format-standard","5":"has-post-thumbnail","7":"category-locales"},"_links":{"self":[{"href":"https:\/\/revistaesperanzas.com\/web\/wp-json\/wp\/v2\/posts\/135343","targetHints":{"allow":["GET"]}}],"collection":[{"href":"https:\/\/revistaesperanzas.com\/web\/wp-json\/wp\/v2\/posts"}],"about":[{"href":"https:\/\/revistaesperanzas.com\/web\/wp-json\/wp\/v2\/types\/post"}],"author":[{"embeddable":true,"href":"https:\/\/revistaesperanzas.com\/web\/wp-json\/wp\/v2\/users\/4"}],"replies":[{"embeddable":true,"href":"https:\/\/revistaesperanzas.com\/web\/wp-json\/wp\/v2\/comments?post=135343"}],"version-history":[{"count":0,"href":"https:\/\/revistaesperanzas.com\/web\/wp-json\/wp\/v2\/posts\/135343\/revisions"}],"wp:featuredmedia":[{"embeddable":true,"href":"https:\/\/revistaesperanzas.com\/web\/wp-json\/wp\/v2\/media\/135344"}],"wp:attachment":[{"href":"https:\/\/revistaesperanzas.com\/web\/wp-json\/wp\/v2\/media?parent=135343"}],"wp:term":[{"taxonomy":"category","embeddable":true,"href":"https:\/\/revistaesperanzas.com\/web\/wp-json\/wp\/v2\/categories?post=135343"},{"taxonomy":"post_tag","embeddable":true,"href":"https:\/\/revistaesperanzas.com\/web\/wp-json\/wp\/v2\/tags?post=135343"}],"curies":[{"name":"wp","href":"https:\/\/api.w.org\/{rel}","templated":true}]}}