{"id":135346,"date":"2025-09-17T21:13:49","date_gmt":"2025-09-18T00:13:49","guid":{"rendered":"https:\/\/revistaesperanzas.com\/web\/?p=135346"},"modified":"2025-09-17T21:13:49","modified_gmt":"2025-09-18T00:13:49","slug":"feria-de-ciencia-provincial","status":"publish","type":"post","link":"https:\/\/revistaesperanzas.com\/web\/2025\/09\/feria-de-ciencia-provincial\/","title":{"rendered":"FERIA DE CIENCIA PROVINCIAL"},"content":{"rendered":"<p style=\"font-weight: 400;\">Direcci\u00f3n de Prensa &#8211;\u00a0El coordinador de Ciencia y Tecnolog\u00eda del Ministerio de Educaci\u00f3n, profesor Gustavo Berbere, consider\u00f3 de excelente nivel los trabajos presentados por los estudiantes de todos los niveles en la instancia provincial de la Feria de Ciencia.<\/p>\n<p style=\"font-weight: 400;\">En contacto con la AM local, destac\u00f3 el trabajo de los alumnos de la Escuela 254 \u201cDr. Pedro Alc\u00e1ntara D\u00edaz Colodrero\u201d que permiti\u00f3 a los evaluadores seleccionar el proyecto de matem\u00e1tica \u201cZOOM\u2026METRIA\u201d, para participar a nivel nacional.<\/p>\n<p style=\"font-weight: 400;\">Durante la entrevista, el funcionario provincial marco la calidad de todos los trabajos, recordando que Goya se hizo presente con 4 establecimientos educativos: Escuelas \u00a0N\u00b0440, 511, la mencionada 254, y Especial; recordando que esta instituci\u00f3n, los mismos estudiantes hab\u00edan obtenido la distinci\u00f3n a\u00f1os atr\u00e1s con el trabajo \u201cDurmiendo con el enemigo\u201d, referido al uso del celular, que cont\u00f3 con el invalorable aporte de Virginia Acosta.<\/p>\n<p style=\"font-weight: 400;\">MUESTRA PROVINCIAL DE CIENCIAS<a href=\"https:\/\/revistaesperanzas.com\/web\/2025\/09\/feria-de-ciencia-provincial\/feria-de-ciencia-provincial-ilustracion-nota-a-gustavo-berbere-1\/\" rel=\"attachment wp-att-135348\"><img loading=\"lazy\" decoding=\"async\" class=\"alignnone size-full wp-image-135348\" src=\"https:\/\/revistaesperanzas.com\/web\/wp-content\/uploads\/2025\/09\/feria-de-ciencia-provincial-ilustracion-nota-a-Gustavo-Berbere-1.jpg\" alt=\"\" width=\"768\" height=\"485\" srcset=\"https:\/\/revistaesperanzas.com\/web\/wp-content\/uploads\/2025\/09\/feria-de-ciencia-provincial-ilustracion-nota-a-Gustavo-Berbere-1.jpg 768w, https:\/\/revistaesperanzas.com\/web\/wp-content\/uploads\/2025\/09\/feria-de-ciencia-provincial-ilustracion-nota-a-Gustavo-Berbere-1-696x440.jpg 696w, https:\/\/revistaesperanzas.com\/web\/wp-content\/uploads\/2025\/09\/feria-de-ciencia-provincial-ilustracion-nota-a-Gustavo-Berbere-1-665x420.jpg 665w\" sizes=\"auto, (max-width: 768px) 100vw, 768px\" \/><\/a><\/p>\n<p style=\"font-weight: 400;\">\u201cLos d\u00edas lunes y martes se desarroll\u00f3 la muestra provincial de trabajos, proyectos de todas las escuelas de la provincia, donde han podido mostrar la manera de trabajar en sus establecimientos con los docentes. Vale recordar que esto inici\u00f3 en las respectivas escuelas, sumando 9.500 proyectos. A la instancia zonal pasaron 400 trabajos, evaluados por 350 docentes. De all\u00ed, a la \u00faltima etapa en Corrientes, la instancia provincial, donde se eligen los m\u00e1s representativos, para llegar al nivel nacional\u201d, explic\u00f3 el coordinador de Ciencia del Ministerio de Educaci\u00f3n.<\/p>\n<p style=\"font-weight: 400;\">NUEVA DISTINCI\u00d3N PARA ALUMNOS DE LA ESCUELA 254<\/p>\n<p style=\"font-weight: 400;\">\u201cTodos los trabajos han sido excelentes, pero es all\u00ed donde viene la acci\u00f3n de los evaluadores, seleccionando a 18 proyectos, dentro de los que se encuentran los estudiantes de la \u201cEscuela del Asilo\u201d, con un eje principal: matem\u00e1tica, tomando las figuras geom\u00e9tricas. Desde esa experiencia hicieron m\u00e1s din\u00e1mica y activa la materia espec\u00edfica\u201d, sostuvo.<\/p>\n<p style=\"font-weight: 400;\">En el di\u00e1logo radial, el profesor Berbere indic\u00f3: \u201cResaltamos de esta feria de ciencias, escuelas que nunca han participado, como el caso de Puerto Viejo Lavalle, Sauce, ocurriendo algo novedoso: fueron recibidos en su localidad como grandes destacados, m\u00e1s all\u00e1 de la premiaci\u00f3n\u201d.<\/p>\n<p style=\"font-weight: 400;\">MUESTRA DEPARTAMENTAL EN GOYA<\/p>\n<p style=\"font-weight: 400;\">El funcionario record\u00f3: \u201cHemos podido concretar de manera efectiva la muestra departamental con la Municipalidad de Goya, con el Gobierno de la Provincia, con la participaci\u00f3n de m\u00e1s de un centenar de proyectos educativos, exhibiendo esas producciones\u201d.<\/p>\n<p style=\"font-weight: 400;\">Finalmente Gustavo Berbere expres\u00f3: \u201cEs un \u00e1mbito creado para que la comunidad toda pueda asistir a ver esos trabajos de nuestros estudiantes de todos los niveles. Es bueno lo que ha pasado en Goya, porque en la apertura el intendente Mariano Hormaechea expresaba que esta muestra vino para quedarse, destacando el aporte de la secretaria de Educaci\u00f3n Sonia Espina. Es necesaria la articulaci\u00f3n de todos estos organismos, donde se permite conocer la investigaci\u00f3n de nuestros estudiantes, de nuestros docentes, esa es la intenci\u00f3n m\u00e1s fuerte, nuestro anhelo es que se replique en otras localidades, porque es visibilizar el proyecto de nuestros alumnos\u201d.<\/p>\n<p style=\"font-weight: 400;\">\n","protected":false},"excerpt":{"rendered":"<p>Direcci\u00f3n de Prensa &#8211;\u00a0El coordinador de Ciencia y Tecnolog\u00eda del Ministerio de Educaci\u00f3n, profesor Gustavo Berbere, consider\u00f3 de excelente nivel los trabajos presentados por los estudiantes de todos los niveles en la instancia provincial de la Feria de Ciencia. En contacto con la AM local, destac\u00f3 el trabajo de los alumnos de la Escuela 254 [&hellip;]<\/p>\n","protected":false},"author":4,"featured_media":135347,"comment_status":"closed","ping_status":"closed","sticky":false,"template":"","format":"standard","meta":{"footnotes":""},"categories":[45],"tags":[],"class_list":{"0":"post-135346","1":"post","2":"type-post","3":"status-publish","4":"format-standard","5":"has-post-thumbnail","7":"category-locales"},"_links":{"self":[{"href":"https:\/\/revistaesperanzas.com\/web\/wp-json\/wp\/v2\/posts\/135346","targetHints":{"allow":["GET"]}}],"collection":[{"href":"https:\/\/revistaesperanzas.com\/web\/wp-json\/wp\/v2\/posts"}],"about":[{"href":"https:\/\/revistaesperanzas.com\/web\/wp-json\/wp\/v2\/types\/post"}],"author":[{"embeddable":true,"href":"https:\/\/revistaesperanzas.com\/web\/wp-json\/wp\/v2\/users\/4"}],"replies":[{"embeddable":true,"href":"https:\/\/revistaesperanzas.com\/web\/wp-json\/wp\/v2\/comments?post=135346"}],"version-history":[{"count":0,"href":"https:\/\/revistaesperanzas.com\/web\/wp-json\/wp\/v2\/posts\/135346\/revisions"}],"wp:featuredmedia":[{"embeddable":true,"href":"https:\/\/revistaesperanzas.com\/web\/wp-json\/wp\/v2\/media\/135347"}],"wp:attachment":[{"href":"https:\/\/revistaesperanzas.com\/web\/wp-json\/wp\/v2\/media?parent=135346"}],"wp:term":[{"taxonomy":"category","embeddable":true,"href":"https:\/\/revistaesperanzas.com\/web\/wp-json\/wp\/v2\/categories?post=135346"},{"taxonomy":"post_tag","embeddable":true,"href":"https:\/\/revistaesperanzas.com\/web\/wp-json\/wp\/v2\/tags?post=135346"}],"curies":[{"name":"wp","href":"https:\/\/api.w.org\/{rel}","templated":true}]}}