{"id":135351,"date":"2025-09-17T21:17:28","date_gmt":"2025-09-18T00:17:28","guid":{"rendered":"https:\/\/revistaesperanzas.com\/web\/?p=135351"},"modified":"2025-09-17T21:40:19","modified_gmt":"2025-09-18T00:40:19","slug":"estudiantina-2025-2","status":"publish","type":"post","link":"https:\/\/revistaesperanzas.com\/web\/2025\/09\/estudiantina-2025-2\/","title":{"rendered":"ESTUDIANTINA 2025"},"content":{"rendered":"<p style=\"font-weight: 400;\">Direcci\u00f3n de Prensa &#8211;\u00a0Todos los preparativos por parte de los estudiantes secundarios nucleados en la UCESG para vivir la Estudiantina, comenzar\u00e1n a plasmarse este jueves y hasta el s\u00e1bado, \u00a0en el \u201cCampo Amigo\u201d, tradicional punto de encuentro de los estudiantes.<a href=\"https:\/\/revistaesperanzas.com\/web\/2025\/09\/estudiantina-2025-2\/whatsapp-image-2025-09-10-at-11-41-45-2\/\" rel=\"attachment wp-att-135352\"><img loading=\"lazy\" decoding=\"async\" class=\"alignnone size-full wp-image-135352\" src=\"https:\/\/revistaesperanzas.com\/web\/wp-content\/uploads\/2025\/09\/WhatsApp-Image-2025-09-10-at-11.41.45-1.jpeg\" alt=\"\" width=\"1574\" height=\"900\" srcset=\"https:\/\/revistaesperanzas.com\/web\/wp-content\/uploads\/2025\/09\/WhatsApp-Image-2025-09-10-at-11.41.45-1.jpeg 1574w, https:\/\/revistaesperanzas.com\/web\/wp-content\/uploads\/2025\/09\/WhatsApp-Image-2025-09-10-at-11.41.45-1-696x398.jpeg 696w, https:\/\/revistaesperanzas.com\/web\/wp-content\/uploads\/2025\/09\/WhatsApp-Image-2025-09-10-at-11.41.45-1-1068x611.jpeg 1068w, https:\/\/revistaesperanzas.com\/web\/wp-content\/uploads\/2025\/09\/WhatsApp-Image-2025-09-10-at-11.41.45-1-735x420.jpeg 735w\" sizes=\"auto, (max-width: 1574px) 100vw, 1574px\" \/><\/a><\/p>\n<p style=\"font-weight: 400;\">La novedad en este a\u00f1o es el horario previsto para la partida de la Antorcha Ol\u00edmpica, por la tarde, a las 13 horas, desde frente a la Escuela T\u00e9cnica \u201cArq. Francisco Pinaroli\u201d. Desde all\u00ed emprender\u00e1 el recorrido hasta el predio donde se desplegar\u00e1n las actividades deportivas, recreativas, culturales, art\u00edsticas, incluyendo la elecci\u00f3n de la Reina y el Rey, con el agregado en esta edici\u00f3n de la elecci\u00f3n de los pr\u00edncipes de la Estudiantina.<\/p>\n<p style=\"font-weight: 400;\">Durante la ma\u00f1ana del mi\u00e9rcoles, Jerem\u00edas Sotelo, presidente del centro de estudiantes de la Escuela T\u00e9cnica \u201cValent\u00edn Virasoro\u201d, Camila Romero y Agust\u00edn Brest, del INTEMI, vicepresidente y tesorero de la Uni\u00f3n de Centro de Estudiantes, respectivamente, junto a la profesora Agustina Correa visitaron la radio AM local para dar a conocer el programa del encuentro de los estudiantes.<\/p>\n<p style=\"font-weight: 400;\">ENTRADA INDIVIDUAL Y COMBO<\/p>\n<p style=\"font-weight: 400;\">En la entrevista, los j\u00f3venes estudiantes se\u00f1alaron que el valor de la entrada se ha fijado en \u201c2.000 pesos por d\u00eda, con un combo que comprende las tres jornadas, a 4.000 pesos\u201d.<\/p>\n<p style=\"font-weight: 400;\">\u201cRecordemos que la estudiantina es sin bebidas alcoh\u00f3licas\u201d, aclararon los estudiantes.<\/p>\n<p style=\"font-weight: 400;\">PROGRAMA DE LA ESTUDIANTINA<\/p>\n<p style=\"font-weight: 400;\">Los estudiantes repasaron el programa: \u201cDespu\u00e9s de la partida de la antorcha, a las 13,30 se har\u00e1 el acto de apertura. Desde las 14 horas iniciar\u00e1n las competencias deportivas en f\u00fatbol, v\u00f3ley, b\u00e1squet, paddle, handball, truco y ajedrez. A las 16 horas, el tradicional cultural, con las materias: matem\u00e1tica, geograf\u00eda e historia\u201d.<a href=\"https:\/\/revistaesperanzas.com\/web\/2025\/09\/estudiantina-2025-2\/estudiantina-programa-flyr\/\" rel=\"attachment wp-att-135353\"><img loading=\"lazy\" decoding=\"async\" class=\" wp-image-135353 alignleft\" src=\"https:\/\/revistaesperanzas.com\/web\/wp-content\/uploads\/2025\/09\/estudiantina-programa-flyr.jpg\" alt=\"\" width=\"378\" height=\"527\" srcset=\"https:\/\/revistaesperanzas.com\/web\/wp-content\/uploads\/2025\/09\/estudiantina-programa-flyr.jpg 516w, https:\/\/revistaesperanzas.com\/web\/wp-content\/uploads\/2025\/09\/estudiantina-programa-flyr-301x420.jpg 301w\" sizes=\"auto, (max-width: 378px) 100vw, 378px\" \/><\/a><\/p>\n<p style=\"font-weight: 400;\">Los j\u00f3venes, indicaron: \u201cAgradecemos el apoyo de la Municipalidad, eso posibilit\u00f3 inclusive contar con un servicio de colectivo que trasladar\u00e1 a los estudiantes de los establecimientos \u201cBrigadier Zini\u201d, \u201cSagrado Coraz\u00f3n de Jes\u00fas\u201d, \u201cGregoria Morales\u201d, \u201cRoberto I. L\u00f3pez Alvarado\u201d, \u201cJuan E. Torrent\u201d, hasta llegar al Campo Amigo\u201d.<\/p>\n<p style=\"font-weight: 400;\">DEPORTE, CULTURAL, ARTE Y ELECCI\u00d3N DE LOS EMBAJADORES DE LA ESTUDIANTINA<\/p>\n<p style=\"font-weight: 400;\">\u201cA las actividades competitivas, como en los otros a\u00f1os tendremos el espacio art\u00edstico, m\u00fasica, canto, dibujo, pintura, entre otras expresiones\u201d, sostuvieron.<\/p>\n<p style=\"font-weight: 400;\">\u201cEl viernes 19, desde las 17 horas haremos la elecci\u00f3n de nuestros embajadores. Reina, rey y pr\u00edncipes tendr\u00e1n esta edici\u00f3n\u201d.<\/p>\n<p style=\"font-weight: 400;\">\u201cEl s\u00e1bado es el \u00faltimo d\u00eda. Desde las 8: deportes; a las 10: espacio art\u00edstico; y a las 17 horas la premiaci\u00f3n, medallas, trofeos y Copa Challenger\u201d.<\/p>\n<p style=\"font-weight: 400;\">\u201cNosotros estaremos entregando las notas de invitaci\u00f3n a nuestras autoridades para que puedan acompa\u00f1arnos en las tres jornadas, pero sobre todo apertura y premiaci\u00f3n\u201d.<a href=\"https:\/\/revistaesperanzas.com\/web\/2025\/09\/estudiantina-2025-2\/whatsapp-image-2025-09-10-at-11-41-39-2\/\" rel=\"attachment wp-att-135354\"><img loading=\"lazy\" decoding=\"async\" class=\"alignnone size-full wp-image-135354\" src=\"https:\/\/revistaesperanzas.com\/web\/wp-content\/uploads\/2025\/09\/WhatsApp-Image-2025-09-10-at-11.41.39-1.jpeg\" alt=\"\" width=\"1600\" height=\"861\" srcset=\"https:\/\/revistaesperanzas.com\/web\/wp-content\/uploads\/2025\/09\/WhatsApp-Image-2025-09-10-at-11.41.39-1.jpeg 1600w, https:\/\/revistaesperanzas.com\/web\/wp-content\/uploads\/2025\/09\/WhatsApp-Image-2025-09-10-at-11.41.39-1-696x375.jpeg 696w, https:\/\/revistaesperanzas.com\/web\/wp-content\/uploads\/2025\/09\/WhatsApp-Image-2025-09-10-at-11.41.39-1-1068x575.jpeg 1068w, https:\/\/revistaesperanzas.com\/web\/wp-content\/uploads\/2025\/09\/WhatsApp-Image-2025-09-10-at-11.41.39-1-780x420.jpeg 780w\" sizes=\"auto, (max-width: 1600px) 100vw, 1600px\" \/><\/a><\/p>\n<p style=\"font-weight: 400;\">En la parte final de la nota, recordaron: \u201cInvitamos no solo a nuestros compa\u00f1eros de todas las escuelas, sino a la comunidad en general, que nos acompa\u00f1en estos d\u00edas en el predio \u201cCampo Amigo\u201d. Estamos seguros ser\u00e1 una gran fiesta, sin alcohol\u201d, afirmaron.<\/p>\n<p style=\"font-weight: 400;\">Los j\u00f3venes dejaron expresados \u00a0los deseos de que sus respectivos colegios se consagren como los \u201cganadores\u201d de la estudiantina 2025.<\/p>\n<p>Estudiantina 2025<br \/>\nRECORRIDO COLECTIVO:<\/p>\n<p>Jueves 18\/09<br \/>\nInicia: 12:00 hs en C. Brigadier Mayor Ruben Zini.<br \/>\nContin\u00faa C. Sagrado Coraz\u00f3n de Jes\u00fas.<br \/>\nContin\u00faa C.Torrent<br \/>\nContin\u00faa: Jose G\u00f3mez y Ejercito Argentino<br \/>\nContin\u00faa: Jose G\u00f3mez y Luis Agote<br \/>\nDestino: Campo Amigo<\/p>\n<p>Vuelta: 18:00 hs.<\/p>\n<p>RECORRIDO COLECTIVO:<br \/>\nViernes 19\/09<br \/>\nInicia:<br \/>\n08:00 hs en C. Brigadier Mayor Ruben Zini.<br \/>\nContin\u00faa C. Sagrado Coraz\u00f3n de Jes\u00fas.<br \/>\nContin\u00faa C.Torrent<br \/>\nContin\u00faa: Jose G\u00f3mez y Ejercito Argentino<br \/>\nContin\u00faa: Jose G\u00f3mez y Luis Agote<br \/>\nDestino: Campo Amigo<\/p>\n<p>Vuelta: 19:00 hs.<\/p>\n<p>RECORRIDO COLECTIVO:<br \/>\nSabado 20\/09<br \/>\nInicia:<br \/>\n08:00 hs en C. Brigadier Mayor Ruben Zini.<br \/>\nContin\u00faa C. Sagrado Coraz\u00f3n de Jes\u00fas.<br \/>\nContin\u00faa C.Torrent<br \/>\nContin\u00faa: Jose G\u00f3mez y Ejercito Argentino<br \/>\nContin\u00faa: Jose G\u00f3mez y Luis Agote<br \/>\nDestino: Campo Amigo<\/p>\n<p>Vuelta: 18:00 hs.<\/p>\n","protected":false},"excerpt":{"rendered":"<p>Direcci\u00f3n de Prensa &#8211;\u00a0Todos los preparativos por parte de los estudiantes secundarios nucleados en la UCESG para vivir la Estudiantina, comenzar\u00e1n a plasmarse este jueves y hasta el s\u00e1bado, \u00a0en el \u201cCampo Amigo\u201d, tradicional punto de encuentro de los estudiantes. La novedad en este a\u00f1o es el horario previsto para la partida de la Antorcha [&hellip;]<\/p>\n","protected":false},"author":4,"featured_media":135271,"comment_status":"closed","ping_status":"closed","sticky":false,"template":"","format":"standard","meta":{"footnotes":""},"categories":[45],"tags":[],"class_list":{"0":"post-135351","1":"post","2":"type-post","3":"status-publish","4":"format-standard","5":"has-post-thumbnail","7":"category-locales"},"_links":{"self":[{"href":"https:\/\/revistaesperanzas.com\/web\/wp-json\/wp\/v2\/posts\/135351","targetHints":{"allow":["GET"]}}],"collection":[{"href":"https:\/\/revistaesperanzas.com\/web\/wp-json\/wp\/v2\/posts"}],"about":[{"href":"https:\/\/revistaesperanzas.com\/web\/wp-json\/wp\/v2\/types\/post"}],"author":[{"embeddable":true,"href":"https:\/\/revistaesperanzas.com\/web\/wp-json\/wp\/v2\/users\/4"}],"replies":[{"embeddable":true,"href":"https:\/\/revistaesperanzas.com\/web\/wp-json\/wp\/v2\/comments?post=135351"}],"version-history":[{"count":0,"href":"https:\/\/revistaesperanzas.com\/web\/wp-json\/wp\/v2\/posts\/135351\/revisions"}],"wp:featuredmedia":[{"embeddable":true,"href":"https:\/\/revistaesperanzas.com\/web\/wp-json\/wp\/v2\/media\/135271"}],"wp:attachment":[{"href":"https:\/\/revistaesperanzas.com\/web\/wp-json\/wp\/v2\/media?parent=135351"}],"wp:term":[{"taxonomy":"category","embeddable":true,"href":"https:\/\/revistaesperanzas.com\/web\/wp-json\/wp\/v2\/categories?post=135351"},{"taxonomy":"post_tag","embeddable":true,"href":"https:\/\/revistaesperanzas.com\/web\/wp-json\/wp\/v2\/tags?post=135351"}],"curies":[{"name":"wp","href":"https:\/\/api.w.org\/{rel}","templated":true}]}}