{"id":135357,"date":"2025-09-17T21:18:35","date_gmt":"2025-09-18T00:18:35","guid":{"rendered":"https:\/\/revistaesperanzas.com\/web\/?p=135357"},"modified":"2025-09-17T21:18:35","modified_gmt":"2025-09-18T00:18:35","slug":"30-poemas-y-un-deseo","status":"publish","type":"post","link":"https:\/\/revistaesperanzas.com\/web\/2025\/09\/30-poemas-y-un-deseo\/","title":{"rendered":"\u201c30 POEMAS Y UN DESEO\u201d"},"content":{"rendered":"<p style=\"font-weight: 400;\">Direcci\u00f3n de Prensa &#8211;\u00a0En la Casa de la Cultura, Luis Fabi\u00e1n Machuca Olivieri presentar\u00e1 su nueva obra literaria el jueves 18 de septiembre a las 19,30 horas.<\/p>\n<p style=\"font-weight: 400;\">Con el acompa\u00f1amiento de la Municipalidad de Goya a trav\u00e9s de la Direcci\u00f3n de Cultura, el autor presentar\u00e1 la obra: \u201c30 Poemas y Un Deseo\u201d.<\/p>\n<p style=\"font-weight: 400;\">Se invita a la comunidad a asistir a la presentaci\u00f3n del libro, recordando que el acceso es libre y gratuito.<\/p>\n<p style=\"font-weight: 400;\">\n","protected":false},"excerpt":{"rendered":"<p>Direcci\u00f3n de Prensa &#8211;\u00a0En la Casa de la Cultura, Luis Fabi\u00e1n Machuca Olivieri presentar\u00e1 su nueva obra literaria el jueves 18 de septiembre a las 19,30 horas. Con el acompa\u00f1amiento de la Municipalidad de Goya a trav\u00e9s de la Direcci\u00f3n de Cultura, el autor presentar\u00e1 la obra: \u201c30 Poemas y Un Deseo\u201d. Se invita a [&hellip;]<\/p>\n","protected":false},"author":4,"featured_media":135209,"comment_status":"closed","ping_status":"closed","sticky":false,"template":"","format":"standard","meta":{"footnotes":""},"categories":[45],"tags":[],"class_list":{"0":"post-135357","1":"post","2":"type-post","3":"status-publish","4":"format-standard","5":"has-post-thumbnail","7":"category-locales"},"_links":{"self":[{"href":"https:\/\/revistaesperanzas.com\/web\/wp-json\/wp\/v2\/posts\/135357","targetHints":{"allow":["GET"]}}],"collection":[{"href":"https:\/\/revistaesperanzas.com\/web\/wp-json\/wp\/v2\/posts"}],"about":[{"href":"https:\/\/revistaesperanzas.com\/web\/wp-json\/wp\/v2\/types\/post"}],"author":[{"embeddable":true,"href":"https:\/\/revistaesperanzas.com\/web\/wp-json\/wp\/v2\/users\/4"}],"replies":[{"embeddable":true,"href":"https:\/\/revistaesperanzas.com\/web\/wp-json\/wp\/v2\/comments?post=135357"}],"version-history":[{"count":0,"href":"https:\/\/revistaesperanzas.com\/web\/wp-json\/wp\/v2\/posts\/135357\/revisions"}],"wp:featuredmedia":[{"embeddable":true,"href":"https:\/\/revistaesperanzas.com\/web\/wp-json\/wp\/v2\/media\/135209"}],"wp:attachment":[{"href":"https:\/\/revistaesperanzas.com\/web\/wp-json\/wp\/v2\/media?parent=135357"}],"wp:term":[{"taxonomy":"category","embeddable":true,"href":"https:\/\/revistaesperanzas.com\/web\/wp-json\/wp\/v2\/categories?post=135357"},{"taxonomy":"post_tag","embeddable":true,"href":"https:\/\/revistaesperanzas.com\/web\/wp-json\/wp\/v2\/tags?post=135357"}],"curies":[{"name":"wp","href":"https:\/\/api.w.org\/{rel}","templated":true}]}}