{"id":135359,"date":"2025-09-17T21:21:02","date_gmt":"2025-09-18T00:21:02","guid":{"rendered":"https:\/\/revistaesperanzas.com\/web\/?p=135359"},"modified":"2025-09-17T21:21:48","modified_gmt":"2025-09-18T00:21:48","slug":"juegos-correntinos-ciclismo","status":"publish","type":"post","link":"https:\/\/revistaesperanzas.com\/web\/2025\/09\/juegos-correntinos-ciclismo\/","title":{"rendered":"JUEGOS CORRENTINOS: CICLISMO"},"content":{"rendered":"<p style=\"font-weight: 400;\">Direcci\u00f3n de Prensa &#8211;\u00a0En el Vel\u00f3dromo Municipal \u201cLucho L\u00f3pez\u201d de la ciudad de Goya se corri\u00f3 la instancia provincial de ciclismo, a fin de clasificar a los pedalistas a los Juegos<a href=\"https:\/\/revistaesperanzas.com\/web\/2025\/09\/juegos-correntinos-ciclismo\/ciclismo-provincia-para-juegos-nacionales-3\/\" rel=\"attachment wp-att-135361\"><img loading=\"lazy\" decoding=\"async\" class=\" wp-image-135361 alignright\" src=\"https:\/\/revistaesperanzas.com\/web\/wp-content\/uploads\/2025\/09\/ciclismo-provincia-para-juegos-nacionales-3.jpg\" alt=\"\" width=\"332\" height=\"187\" srcset=\"https:\/\/revistaesperanzas.com\/web\/wp-content\/uploads\/2025\/09\/ciclismo-provincia-para-juegos-nacionales-3.jpg 1600w, https:\/\/revistaesperanzas.com\/web\/wp-content\/uploads\/2025\/09\/ciclismo-provincia-para-juegos-nacionales-3-696x392.jpg 696w, https:\/\/revistaesperanzas.com\/web\/wp-content\/uploads\/2025\/09\/ciclismo-provincia-para-juegos-nacionales-3-1068x601.jpg 1068w, https:\/\/revistaesperanzas.com\/web\/wp-content\/uploads\/2025\/09\/ciclismo-provincia-para-juegos-nacionales-3-747x420.jpg 747w\" sizes=\"auto, (max-width: 332px) 100vw, 332px\" \/><\/a> Nacionales.<a href=\"https:\/\/revistaesperanzas.com\/web\/2025\/09\/juegos-correntinos-ciclismo\/ciclismo-provincia-para-juegos-nacionales-2\/\" rel=\"attachment wp-att-135360\"><img loading=\"lazy\" decoding=\"async\" class=\" wp-image-135360 alignleft\" src=\"https:\/\/revistaesperanzas.com\/web\/wp-content\/uploads\/2025\/09\/ciclismo-provincia-para-juegos-nacionales-2.jpg\" alt=\"\" width=\"312\" height=\"176\" srcset=\"https:\/\/revistaesperanzas.com\/web\/wp-content\/uploads\/2025\/09\/ciclismo-provincia-para-juegos-nacionales-2.jpg 1600w, https:\/\/revistaesperanzas.com\/web\/wp-content\/uploads\/2025\/09\/ciclismo-provincia-para-juegos-nacionales-2-696x392.jpg 696w, https:\/\/revistaesperanzas.com\/web\/wp-content\/uploads\/2025\/09\/ciclismo-provincia-para-juegos-nacionales-2-1068x601.jpg 1068w, https:\/\/revistaesperanzas.com\/web\/wp-content\/uploads\/2025\/09\/ciclismo-provincia-para-juegos-nacionales-2-747x420.jpg 747w\" sizes=\"auto, (max-width: 312px) 100vw, 312px\" \/><\/a><\/p>\n<p style=\"font-weight: 400;\">Tras la competencia realizada en horas de la ma\u00f1ana, resultaron clasificados: L\u00e1zaro Escalante (Corrientes) y Aquiles Vel\u00e1zquez (Goya).<\/p>\n<p style=\"font-weight: 400;\">\n","protected":false},"excerpt":{"rendered":"<p>Direcci\u00f3n de Prensa &#8211;\u00a0En el Vel\u00f3dromo Municipal \u201cLucho L\u00f3pez\u201d de la ciudad de Goya se corri\u00f3 la instancia provincial de ciclismo, a fin de clasificar a los pedalistas a los Juegos Nacionales. Tras la competencia realizada en horas de la ma\u00f1ana, resultaron clasificados: L\u00e1zaro Escalante (Corrientes) y Aquiles Vel\u00e1zquez (Goya).<\/p>\n","protected":false},"author":4,"featured_media":135365,"comment_status":"closed","ping_status":"closed","sticky":false,"template":"","format":"standard","meta":{"footnotes":""},"categories":[45],"tags":[],"class_list":{"0":"post-135359","1":"post","2":"type-post","3":"status-publish","4":"format-standard","5":"has-post-thumbnail","7":"category-locales"},"_links":{"self":[{"href":"https:\/\/revistaesperanzas.com\/web\/wp-json\/wp\/v2\/posts\/135359","targetHints":{"allow":["GET"]}}],"collection":[{"href":"https:\/\/revistaesperanzas.com\/web\/wp-json\/wp\/v2\/posts"}],"about":[{"href":"https:\/\/revistaesperanzas.com\/web\/wp-json\/wp\/v2\/types\/post"}],"author":[{"embeddable":true,"href":"https:\/\/revistaesperanzas.com\/web\/wp-json\/wp\/v2\/users\/4"}],"replies":[{"embeddable":true,"href":"https:\/\/revistaesperanzas.com\/web\/wp-json\/wp\/v2\/comments?post=135359"}],"version-history":[{"count":0,"href":"https:\/\/revistaesperanzas.com\/web\/wp-json\/wp\/v2\/posts\/135359\/revisions"}],"wp:featuredmedia":[{"embeddable":true,"href":"https:\/\/revistaesperanzas.com\/web\/wp-json\/wp\/v2\/media\/135365"}],"wp:attachment":[{"href":"https:\/\/revistaesperanzas.com\/web\/wp-json\/wp\/v2\/media?parent=135359"}],"wp:term":[{"taxonomy":"category","embeddable":true,"href":"https:\/\/revistaesperanzas.com\/web\/wp-json\/wp\/v2\/categories?post=135359"},{"taxonomy":"post_tag","embeddable":true,"href":"https:\/\/revistaesperanzas.com\/web\/wp-json\/wp\/v2\/tags?post=135359"}],"curies":[{"name":"wp","href":"https:\/\/api.w.org\/{rel}","templated":true}]}}