{"id":135366,"date":"2025-09-17T21:25:19","date_gmt":"2025-09-18T00:25:19","guid":{"rendered":"https:\/\/revistaesperanzas.com\/web\/?p=135366"},"modified":"2025-09-17T21:25:19","modified_gmt":"2025-09-18T00:25:19","slug":"festejo-primaveral","status":"publish","type":"post","link":"https:\/\/revistaesperanzas.com\/web\/2025\/09\/festejo-primaveral\/","title":{"rendered":"FESTEJO PRIMAVERAL"},"content":{"rendered":"<p style=\"font-weight: 400;\">Direcci\u00f3n de Prensa \u2013\u00a0Una sana costumbre que se repite a\u00f1o a a\u00f1o es la propuesta del Jard\u00edn Maternal Bichitos Traviesos de celebrar la primavera poni\u00e9ndole alegr\u00eda y color a la ciudad.<\/p>\n<p style=\"font-weight: 400;\">En ocasi\u00f3n del arribo de la estaci\u00f3n m\u00e1s colorida del a\u00f1o, la instituci\u00f3n propone salir de las aulas y llevar adelante una actividad que involucra a las familias junto a los ni\u00f1os y la comunidad. As\u00ed, los peque\u00f1os participan de una caminata por las calles c\u00e9ntricas con ornamentos primaverales y recuerdos florales que regalan a su paso. Este a\u00f1o, las familias elaboraron simp\u00e1ticos gusanos multicolores que aportaron color y alegr\u00eda al momento \u00fanico y emotivo vivido por los ni\u00f1os.<a href=\"https:\/\/revistaesperanzas.com\/web\/2025\/09\/festejo-primaveral\/festejo-primaveral-bichitos-traviesos-2\/\" rel=\"attachment wp-att-135367\"><img loading=\"lazy\" decoding=\"async\" class=\"alignnone size-full wp-image-135367\" src=\"https:\/\/revistaesperanzas.com\/web\/wp-content\/uploads\/2025\/09\/FESTEJO-PRIMAVERAL-BICHITOS-TRAVIESOS-2.jpg\" alt=\"\" width=\"1600\" height=\"1066\" srcset=\"https:\/\/revistaesperanzas.com\/web\/wp-content\/uploads\/2025\/09\/FESTEJO-PRIMAVERAL-BICHITOS-TRAVIESOS-2.jpg 1600w, https:\/\/revistaesperanzas.com\/web\/wp-content\/uploads\/2025\/09\/FESTEJO-PRIMAVERAL-BICHITOS-TRAVIESOS-2-696x464.jpg 696w, https:\/\/revistaesperanzas.com\/web\/wp-content\/uploads\/2025\/09\/FESTEJO-PRIMAVERAL-BICHITOS-TRAVIESOS-2-1068x712.jpg 1068w, https:\/\/revistaesperanzas.com\/web\/wp-content\/uploads\/2025\/09\/FESTEJO-PRIMAVERAL-BICHITOS-TRAVIESOS-2-630x420.jpg 630w\" sizes=\"auto, (max-width: 1600px) 100vw, 1600px\" \/><\/a><\/p>\n<p style=\"font-weight: 400;\">Para que dicho proyecto pueda ejecutarse fue indispensable el apoyo de la Direcci\u00f3n de Tr\u00e1nsito de la Municipalidad de Goya, quien con inspectores, algunos motorizados, contribuyeron para el normal desarrollo del festejo primaveral.<\/p>\n<p style=\"font-weight: 400;\">Desde la instituci\u00f3n que encauza los primeros pasos en la educaci\u00f3n de los ni\u00f1os agradecieron a la Municipalidad de Goya en la persona de Alejandro Stortti, director de Tr\u00e1nsito, por el invaluable aporte a la actividad desarrollada en la ma\u00f1ana de este mi\u00e9rcoles 17 de septiembre, y que involucr\u00f3 a los dos turnos con que cuenta el Jard\u00edn Maternal Bichitos Traviesos.<a href=\"https:\/\/revistaesperanzas.com\/web\/2025\/09\/festejo-primaveral\/festejo-primaveral-bichitos-traviesos-1\/\" rel=\"attachment wp-att-135368\"><img loading=\"lazy\" decoding=\"async\" class=\"alignnone size-full wp-image-135368\" src=\"https:\/\/revistaesperanzas.com\/web\/wp-content\/uploads\/2025\/09\/FESTEJO-PRIMAVERAL-BICHITOS-TRAVIESOS-1.jpg\" alt=\"\" width=\"1600\" height=\"1066\" srcset=\"https:\/\/revistaesperanzas.com\/web\/wp-content\/uploads\/2025\/09\/FESTEJO-PRIMAVERAL-BICHITOS-TRAVIESOS-1.jpg 1600w, https:\/\/revistaesperanzas.com\/web\/wp-content\/uploads\/2025\/09\/FESTEJO-PRIMAVERAL-BICHITOS-TRAVIESOS-1-696x464.jpg 696w, https:\/\/revistaesperanzas.com\/web\/wp-content\/uploads\/2025\/09\/FESTEJO-PRIMAVERAL-BICHITOS-TRAVIESOS-1-1068x712.jpg 1068w, https:\/\/revistaesperanzas.com\/web\/wp-content\/uploads\/2025\/09\/FESTEJO-PRIMAVERAL-BICHITOS-TRAVIESOS-1-630x420.jpg 630w\" sizes=\"auto, (max-width: 1600px) 100vw, 1600px\" \/><\/a><\/p>\n<p style=\"font-weight: 400;\">\n","protected":false},"excerpt":{"rendered":"<p>Direcci\u00f3n de Prensa \u2013\u00a0Una sana costumbre que se repite a\u00f1o a a\u00f1o es la propuesta del Jard\u00edn Maternal Bichitos Traviesos de celebrar la primavera poni\u00e9ndole alegr\u00eda y color a la ciudad. En ocasi\u00f3n del arribo de la estaci\u00f3n m\u00e1s colorida del a\u00f1o, la instituci\u00f3n propone salir de las aulas y llevar adelante una actividad que [&hellip;]<\/p>\n","protected":false},"author":4,"featured_media":135369,"comment_status":"closed","ping_status":"closed","sticky":false,"template":"","format":"standard","meta":{"footnotes":""},"categories":[45],"tags":[],"class_list":{"0":"post-135366","1":"post","2":"type-post","3":"status-publish","4":"format-standard","5":"has-post-thumbnail","7":"category-locales"},"_links":{"self":[{"href":"https:\/\/revistaesperanzas.com\/web\/wp-json\/wp\/v2\/posts\/135366","targetHints":{"allow":["GET"]}}],"collection":[{"href":"https:\/\/revistaesperanzas.com\/web\/wp-json\/wp\/v2\/posts"}],"about":[{"href":"https:\/\/revistaesperanzas.com\/web\/wp-json\/wp\/v2\/types\/post"}],"author":[{"embeddable":true,"href":"https:\/\/revistaesperanzas.com\/web\/wp-json\/wp\/v2\/users\/4"}],"replies":[{"embeddable":true,"href":"https:\/\/revistaesperanzas.com\/web\/wp-json\/wp\/v2\/comments?post=135366"}],"version-history":[{"count":0,"href":"https:\/\/revistaesperanzas.com\/web\/wp-json\/wp\/v2\/posts\/135366\/revisions"}],"wp:featuredmedia":[{"embeddable":true,"href":"https:\/\/revistaesperanzas.com\/web\/wp-json\/wp\/v2\/media\/135369"}],"wp:attachment":[{"href":"https:\/\/revistaesperanzas.com\/web\/wp-json\/wp\/v2\/media?parent=135366"}],"wp:term":[{"taxonomy":"category","embeddable":true,"href":"https:\/\/revistaesperanzas.com\/web\/wp-json\/wp\/v2\/categories?post=135366"},{"taxonomy":"post_tag","embeddable":true,"href":"https:\/\/revistaesperanzas.com\/web\/wp-json\/wp\/v2\/tags?post=135366"}],"curies":[{"name":"wp","href":"https:\/\/api.w.org\/{rel}","templated":true}]}}