{"id":135378,"date":"2025-09-18T09:55:54","date_gmt":"2025-09-18T12:55:54","guid":{"rendered":"https:\/\/revistaesperanzas.com\/web\/?p=135378"},"modified":"2025-09-18T09:55:54","modified_gmt":"2025-09-18T12:55:54","slug":"fallece-una-ersona-al-caer-desde-una-altura-donde-trabajaba","status":"publish","type":"post","link":"https:\/\/revistaesperanzas.com\/web\/2025\/09\/fallece-una-ersona-al-caer-desde-una-altura-donde-trabajaba\/","title":{"rendered":"FALLECE UNA ERSONA AL CAER DESDE UNA ALTURA DONDE TRABAJABA"},"content":{"rendered":"<p>ITUZAINGO &#8211; &#8211; Investigan las circunstancias en que un hombre habr\u00eda fallecido, tras caer de altura mientras se encontraba trabajando.<\/p>\n<p>En la jornada de ayer 17-09-25, efectivos policiales de la Comisaria de Distrito Primera de Ituzaingo fueron alertados de un accidente laboral, ocurrido cerca de las 17:00 horas en una vivienda ubicada por calle J.A. Roca al N\u00b01651 de esa ciudad.<\/p>\n<p>Seg\u00fan las primeras averiguaciones, el hecho habr\u00eda ocurrido cuando un hombre de apellido Gonz\u00e1lez -33 a\u00f1os de edad-, aparentemente mientras estaba realizando trabajos de pintura en una vivienda, por causas y circunstancias que se tratan de esclarecer, se habr\u00eda ca\u00eddo desde el techo hacia el piso.<\/p>\n<p>Por tal motivo, fue r\u00e1pidamente auxiliado y trasladado hasta el hospital local y luego derivado hasta el Hospital Escuela de esta Ciudad Capital por presentar lesiones graves, donde horas m\u00e1s tarde t\u00e9rmino falleciendo.<\/p>\n<p>En el lugar se realizaron las diligencias de rigor mientras que en la mencionada comisaria se contin\u00faan con las actuaciones judiciales correspondientes.<\/p>\n","protected":false},"excerpt":{"rendered":"<p>ITUZAINGO &#8211; &#8211; Investigan las circunstancias en que un hombre habr\u00eda fallecido, tras caer de altura mientras se encontraba trabajando. En la jornada de ayer 17-09-25, efectivos policiales de la Comisaria de Distrito Primera de Ituzaingo fueron alertados de un accidente laboral, ocurrido cerca de las 17:00 horas en una vivienda ubicada por calle J.A. [&hellip;]<\/p>\n","protected":false},"author":4,"featured_media":135379,"comment_status":"closed","ping_status":"closed","sticky":false,"template":"","format":"standard","meta":{"footnotes":""},"categories":[58],"tags":[],"class_list":{"0":"post-135378","1":"post","2":"type-post","3":"status-publish","4":"format-standard","5":"has-post-thumbnail","7":"category-corrientes"},"_links":{"self":[{"href":"https:\/\/revistaesperanzas.com\/web\/wp-json\/wp\/v2\/posts\/135378","targetHints":{"allow":["GET"]}}],"collection":[{"href":"https:\/\/revistaesperanzas.com\/web\/wp-json\/wp\/v2\/posts"}],"about":[{"href":"https:\/\/revistaesperanzas.com\/web\/wp-json\/wp\/v2\/types\/post"}],"author":[{"embeddable":true,"href":"https:\/\/revistaesperanzas.com\/web\/wp-json\/wp\/v2\/users\/4"}],"replies":[{"embeddable":true,"href":"https:\/\/revistaesperanzas.com\/web\/wp-json\/wp\/v2\/comments?post=135378"}],"version-history":[{"count":0,"href":"https:\/\/revistaesperanzas.com\/web\/wp-json\/wp\/v2\/posts\/135378\/revisions"}],"wp:featuredmedia":[{"embeddable":true,"href":"https:\/\/revistaesperanzas.com\/web\/wp-json\/wp\/v2\/media\/135379"}],"wp:attachment":[{"href":"https:\/\/revistaesperanzas.com\/web\/wp-json\/wp\/v2\/media?parent=135378"}],"wp:term":[{"taxonomy":"category","embeddable":true,"href":"https:\/\/revistaesperanzas.com\/web\/wp-json\/wp\/v2\/categories?post=135378"},{"taxonomy":"post_tag","embeddable":true,"href":"https:\/\/revistaesperanzas.com\/web\/wp-json\/wp\/v2\/tags?post=135378"}],"curies":[{"name":"wp","href":"https:\/\/api.w.org\/{rel}","templated":true}]}}