{"id":135381,"date":"2025-09-18T10:13:13","date_gmt":"2025-09-18T13:13:13","guid":{"rendered":"https:\/\/revistaesperanzas.com\/web\/?p=135381"},"modified":"2025-09-18T10:13:13","modified_gmt":"2025-09-18T13:13:13","slug":"comisaria-decimo-septima-urbana","status":"publish","type":"post","link":"https:\/\/revistaesperanzas.com\/web\/2025\/09\/comisaria-decimo-septima-urbana\/","title":{"rendered":"COMISARIA DECIMO SEPTIMA URBANA"},"content":{"rendered":"<p>Tras tareas investigativas, la Polic\u00eda recuper\u00f3 una bicicleta denunciada como sustra\u00edda.<br \/>\nPersonal policial dependiente de la Comisaria D\u00e9cimo S\u00e9ptima urbana, llevaron adelante tareas investigativas a ra\u00edz de una denunciada radicada por una mujer quien d\u00edas atr\u00e1s fue v\u00edctima de la sustracci\u00f3n de su bicicleta.<\/p>\n<p>Finalmente, y tras un r\u00e1pido accionar, en la jornada DEL 17-09-25, los mencionados efectivos lograron recuperar el mencionado rodado \u2013Marca SLP rodado 29- denunciado como sustra\u00eddo.<\/p>\n<p>Al respecto, la bicicleta secuestrada fue puesta a disposici\u00f3n de las autoridades judiciales en turno a fin de continuar con las diligencias correspondientes.<\/p>\n","protected":false},"excerpt":{"rendered":"<p>Tras tareas investigativas, la Polic\u00eda recuper\u00f3 una bicicleta denunciada como sustra\u00edda. Personal policial dependiente de la Comisaria D\u00e9cimo S\u00e9ptima urbana, llevaron adelante tareas investigativas a ra\u00edz de una denunciada radicada por una mujer quien d\u00edas atr\u00e1s fue v\u00edctima de la sustracci\u00f3n de su bicicleta. Finalmente, y tras un r\u00e1pido accionar, en la jornada DEL 17-09-25, [&hellip;]<\/p>\n","protected":false},"author":4,"featured_media":0,"comment_status":"closed","ping_status":"closed","sticky":false,"template":"","format":"standard","meta":{"footnotes":""},"categories":[58],"tags":[],"class_list":{"0":"post-135381","1":"post","2":"type-post","3":"status-publish","4":"format-standard","6":"category-corrientes"},"_links":{"self":[{"href":"https:\/\/revistaesperanzas.com\/web\/wp-json\/wp\/v2\/posts\/135381","targetHints":{"allow":["GET"]}}],"collection":[{"href":"https:\/\/revistaesperanzas.com\/web\/wp-json\/wp\/v2\/posts"}],"about":[{"href":"https:\/\/revistaesperanzas.com\/web\/wp-json\/wp\/v2\/types\/post"}],"author":[{"embeddable":true,"href":"https:\/\/revistaesperanzas.com\/web\/wp-json\/wp\/v2\/users\/4"}],"replies":[{"embeddable":true,"href":"https:\/\/revistaesperanzas.com\/web\/wp-json\/wp\/v2\/comments?post=135381"}],"version-history":[{"count":0,"href":"https:\/\/revistaesperanzas.com\/web\/wp-json\/wp\/v2\/posts\/135381\/revisions"}],"wp:attachment":[{"href":"https:\/\/revistaesperanzas.com\/web\/wp-json\/wp\/v2\/media?parent=135381"}],"wp:term":[{"taxonomy":"category","embeddable":true,"href":"https:\/\/revistaesperanzas.com\/web\/wp-json\/wp\/v2\/categories?post=135381"},{"taxonomy":"post_tag","embeddable":true,"href":"https:\/\/revistaesperanzas.com\/web\/wp-json\/wp\/v2\/tags?post=135381"}],"curies":[{"name":"wp","href":"https:\/\/api.w.org\/{rel}","templated":true}]}}