{"id":135392,"date":"2025-09-18T19:59:59","date_gmt":"2025-09-18T22:59:59","guid":{"rendered":"https:\/\/revistaesperanzas.com\/web\/?p=135392"},"modified":"2025-09-18T19:59:59","modified_gmt":"2025-09-18T22:59:59","slug":"expectativa-por-master-class-de-pintura-esta-pensado-como-una-experiencia-artistica-dijo-la-organizadora-mercy-gervasoni","status":"publish","type":"post","link":"https:\/\/revistaesperanzas.com\/web\/2025\/09\/expectativa-por-master-class-de-pintura-esta-pensado-como-una-experiencia-artistica-dijo-la-organizadora-mercy-gervasoni\/","title":{"rendered":"EXPECTATIVA POR MASTER CLASS DE PINTURA: \u201cEST\u00c1 PENSADO COMO UNA EXPERIENCIA ART\u00cdSTICA\u201d DIJO LA ORGANIZADORA, MERCY GERVASONI"},"content":{"rendered":"<p style=\"font-weight: 400;\">Direcci\u00f3n de Prensa \u2013\u00a020 de septiembre:<\/p>\n<p style=\"font-weight: 400;\">La gestora cultural, Mercy Gervasoni, del Conservatorio Fracassi junto al artista musical, Pablo David Chamorro invitan a participar de la Master Class de artes audiovisuales, a realizarse el s\u00e1bado 20 de septiembre en el Club de Emprendedores de Goya.<\/p>\n<p style=\"font-weight: 400;\">El conservatorio Fracassi tiene otras aristas adem\u00e1s de la musical y es la de artes pl\u00e1sticas y visuales que viene a Goya para ser presentada en el marco de una Master Class a cargo de la profesora Lilian Callaba.<a href=\"https:\/\/revistaesperanzas.com\/web\/2025\/09\/expectativa-por-master-class-de-pintura-esta-pensado-como-una-experiencia-artistica-dijo-la-organizadora-mercy-gervasoni\/conservatorio-2\/\" rel=\"attachment wp-att-135394\"><img loading=\"lazy\" decoding=\"async\" class=\" wp-image-135394 alignleft\" src=\"https:\/\/revistaesperanzas.com\/web\/wp-content\/uploads\/2025\/09\/conservatorio-2.png\" alt=\"\" width=\"520\" height=\"926\" srcset=\"https:\/\/revistaesperanzas.com\/web\/wp-content\/uploads\/2025\/09\/conservatorio-2.png 898w, https:\/\/revistaesperanzas.com\/web\/wp-content\/uploads\/2025\/09\/conservatorio-2-696x1240.png 696w, https:\/\/revistaesperanzas.com\/web\/wp-content\/uploads\/2025\/09\/conservatorio-2-236x420.png 236w\" sizes=\"auto, (max-width: 520px) 100vw, 520px\" \/><\/a><\/p>\n<p style=\"font-weight: 400;\">Esta iniciativa est\u00e1 destinada a todo p\u00fablico, est\u00e1 separada por franja etaria desde los 7 a\u00f1os sin l\u00edmites de edad, se dar\u00e1n a conocer las aplicaciones de las t\u00e9cnicas, para aficionados, aquellos que tienen un camino en las artes pl\u00e1sticas, se busca generar el espacio correspondiente para la expresi\u00f3n, \u00fanicamente en acr\u00edlico para iniciar y concluir en el mismo d\u00eda.<\/p>\n<p style=\"font-weight: 400;\">\u201cPintamos en la ciudad de Goya con el conservatorio Fracassi y Acr\u00edlex, estamos con las \u00faltimas vacantes en los tres turnos: 10 de la ma\u00f1ana, 15:30 y 18 hs, no hay l\u00edmites de edad, pueden participar desde los 7 a\u00f1os\u201d expuso Mercy Gervasoni.<\/p>\n<p style=\"font-weight: 400;\">\u201cSi bien es una Master Class de pintura, est\u00e1 pensado como una experiencia art\u00edstica, as\u00ed que la idea es pintar de colores el d\u00eda. Son t\u00e9cnicas mixtas en lo que respecta al acr\u00edlico\u201d.<\/p>\n<p style=\"font-weight: 400;\">El curso tiene un costo de 25 mil pesos, el costo cubre los materiales en tu totalidad y cada una de estas obras pueden ser llevadas a casa por los participantes.<\/p>\n<p style=\"font-weight: 400;\">Adem\u00e1s, adelant\u00f3 Gervasoni que si cada inscripto lleva un acompa\u00f1ante hay descuento de hasta un 25 % en inscripci\u00f3n.<\/p>\n<p style=\"font-weight: 400;\">\u201cNos pueden encontrar en todas las redes sociales, goyaconservatoriofracassi, o consultar al n\u00famero 3777 294400, as\u00ed que los esperamos a todos\u201d.<\/p>\n<p style=\"font-weight: 400;\">EXPOSICI\u00d3N INTERNACIONAL ARBRA<\/p>\n<p style=\"font-weight: 400;\">Como todos los a\u00f1os, el encuentro de ciudades lim\u00edtrofes, Arbra en Brasil, busca proyectar a los municipios de la costa del r\u00edo Uruguay a trav\u00e9s de la difusi\u00f3n de sus actividades econ\u00f3micas. ARBRA Internacional celebra su 10\u00b0 Aniversario con un evento Binacional en Itaqui, Brasil. Mercy Gervasoni adelant\u00f3 la pr\u00f3xima actividad que se organiza para el mes de noviembre.<\/p>\n<p style=\"font-weight: 400;\">La d\u00e9cima edici\u00f3n no solo conmemora una d\u00e9cada de trabajo conjunto, sino que pone en valor la integraci\u00f3n regional como herramienta de desarrollo, articulando acciones entre ciudades lim\u00edtrofes, conectadas geogr\u00e1fica y simb\u00f3licamente por el r\u00edo Uruguay.<\/p>\n<p style=\"font-weight: 400;\">Funcionarios correntinos participan de esta exposici\u00f3n internacional que ya hace varios a\u00f1os se realiza en la comuna de Itaqui, Brasil, para las ciudades fronterizas.<\/p>\n<p style=\"font-weight: 400;\">A lo largo de los a\u00f1os, ArBra ha impulsado eventos multiculturales, encuentros institucionales, circuitos tur\u00edsticos integrados, ferias binacionales y proyectos educativos, siempre con el objetivo de estrechar lazos y potenciar las capacidades de los territorios fronterizos.<a href=\"https:\/\/revistaesperanzas.com\/web\/2025\/09\/expectativa-por-master-class-de-pintura-esta-pensado-como-una-experiencia-artistica-dijo-la-organizadora-mercy-gervasoni\/conservatorio\/\" rel=\"attachment wp-att-135395\"><img loading=\"lazy\" decoding=\"async\" class=\" wp-image-135395 alignright\" src=\"https:\/\/revistaesperanzas.com\/web\/wp-content\/uploads\/2025\/09\/conservatorio.png\" alt=\"\" width=\"520\" height=\"926\" srcset=\"https:\/\/revistaesperanzas.com\/web\/wp-content\/uploads\/2025\/09\/conservatorio.png 898w, https:\/\/revistaesperanzas.com\/web\/wp-content\/uploads\/2025\/09\/conservatorio-696x1240.png 696w, https:\/\/revistaesperanzas.com\/web\/wp-content\/uploads\/2025\/09\/conservatorio-236x420.png 236w\" sizes=\"auto, (max-width: 520px) 100vw, 520px\" \/><\/a><\/p>\n<p style=\"font-weight: 400;\">\u201cSi bien dio inicio estas jornadas el pasado 6 de agosto, el evento central tendr\u00e1 lugar el 9 de noviembre en el emblem\u00e1tico Teatro Prezewodowski de la ciudad de Itaqui, en el estado brasile\u00f1o de Rio Grande do Sul\u201d adelant\u00f3 Gervasoni, quien tambi\u00e9n es gestora de la participaci\u00f3n de los funcionarios de las localidades del interior en esta cita anual.<\/p>\n<p style=\"font-weight: 400;\">Los protagonistas del encuentro trabajan para llevar experiencias a sus comunidades en lo que respecta a educaci\u00f3n, desarrollo econ\u00f3mico, arte cultura y patrimonio, desarrollo social.<\/p>\n<p style=\"font-weight: 400;\">En el marco de una gala, la oportunidad ser\u00e1 propicia para reconocer y premiar la participaci\u00f3n de autoridades y actores clave de la cooperaci\u00f3n binacional durante estos 10 a\u00f1os de proceso. Se aguarda asimismo la presencia de importantes personalidades de ambas orillas para recibir las menciones por el trabajo en sus comunidades.<\/p>\n","protected":false},"excerpt":{"rendered":"<p>Direcci\u00f3n de Prensa \u2013\u00a020 de septiembre: La gestora cultural, Mercy Gervasoni, del Conservatorio Fracassi junto al artista musical, Pablo David Chamorro invitan a participar de la Master Class de artes audiovisuales, a realizarse el s\u00e1bado 20 de septiembre en el Club de Emprendedores de Goya. El conservatorio Fracassi tiene otras aristas adem\u00e1s de la musical [&hellip;]<\/p>\n","protected":false},"author":4,"featured_media":135393,"comment_status":"closed","ping_status":"closed","sticky":false,"template":"","format":"standard","meta":{"footnotes":""},"categories":[45],"tags":[],"class_list":{"0":"post-135392","1":"post","2":"type-post","3":"status-publish","4":"format-standard","5":"has-post-thumbnail","7":"category-locales"},"_links":{"self":[{"href":"https:\/\/revistaesperanzas.com\/web\/wp-json\/wp\/v2\/posts\/135392","targetHints":{"allow":["GET"]}}],"collection":[{"href":"https:\/\/revistaesperanzas.com\/web\/wp-json\/wp\/v2\/posts"}],"about":[{"href":"https:\/\/revistaesperanzas.com\/web\/wp-json\/wp\/v2\/types\/post"}],"author":[{"embeddable":true,"href":"https:\/\/revistaesperanzas.com\/web\/wp-json\/wp\/v2\/users\/4"}],"replies":[{"embeddable":true,"href":"https:\/\/revistaesperanzas.com\/web\/wp-json\/wp\/v2\/comments?post=135392"}],"version-history":[{"count":0,"href":"https:\/\/revistaesperanzas.com\/web\/wp-json\/wp\/v2\/posts\/135392\/revisions"}],"wp:featuredmedia":[{"embeddable":true,"href":"https:\/\/revistaesperanzas.com\/web\/wp-json\/wp\/v2\/media\/135393"}],"wp:attachment":[{"href":"https:\/\/revistaesperanzas.com\/web\/wp-json\/wp\/v2\/media?parent=135392"}],"wp:term":[{"taxonomy":"category","embeddable":true,"href":"https:\/\/revistaesperanzas.com\/web\/wp-json\/wp\/v2\/categories?post=135392"},{"taxonomy":"post_tag","embeddable":true,"href":"https:\/\/revistaesperanzas.com\/web\/wp-json\/wp\/v2\/tags?post=135392"}],"curies":[{"name":"wp","href":"https:\/\/api.w.org\/{rel}","templated":true}]}}