{"id":135398,"date":"2025-09-18T20:03:26","date_gmt":"2025-09-18T23:03:26","guid":{"rendered":"https:\/\/revistaesperanzas.com\/web\/?p=135398"},"modified":"2025-09-18T20:03:26","modified_gmt":"2025-09-18T23:03:26","slug":"municipalidad-lanzo-la-3-muestra-de-teatro-tomas-mazzanti-en-el-teatro-municipal-solari","status":"publish","type":"post","link":"https:\/\/revistaesperanzas.com\/web\/2025\/09\/municipalidad-lanzo-la-3-muestra-de-teatro-tomas-mazzanti-en-el-teatro-municipal-solari\/","title":{"rendered":"MUNICIPALIDAD LANZ\u00d3 LA 3\u00b0 MUESTRA DE TEATRO \u201cTOM\u00c1S MAZZANTI\u201d EN EL TEATRO MUNICIPAL SOLARI"},"content":{"rendered":"<p style=\"font-weight: 400;\">Direcci\u00f3n de Prensa \u2013\u00a0En la ma\u00f1ana del jueves 18 de septiembre, en el Sal\u00f3n de Acuerdos de la Municipalidad de Goya, se realiz\u00f3 la conferencia de prensa de lanzamiento de la 3\u00b0 Muestra de Teatro \u201cTom\u00e1s Mazzanti\u201d, que se llevar\u00e1 a cabo los d\u00edas 24, 25 y 26 de septiembre en el Teatro Municipal Solari, con entrada libre y gratuita.<\/p>\n<p style=\"font-weight: 400;\">El acto estuvo presidido por el Secretario de Gobierno, Dr. Pablo Fern\u00e1ndez, en representaci\u00f3n del intendente Mariano Hormaechea, acompa\u00f1ado por el Director de Cultura, Manuel Zampar, y el Coordinador de la Escuela Municipal de Teatro, profesor Javier Camino.<a href=\"https:\/\/revistaesperanzas.com\/web\/2025\/09\/municipalidad-lanzo-la-3-muestra-de-teatro-tomas-mazzanti-en-el-teatro-municipal-solari\/conferencia-1\/\" rel=\"attachment wp-att-135400\"><img loading=\"lazy\" decoding=\"async\" class=\" wp-image-135400 alignleft\" src=\"https:\/\/revistaesperanzas.com\/web\/wp-content\/uploads\/2025\/09\/CONFERENCIA-1.jpeg\" alt=\"\" width=\"540\" height=\"323\" srcset=\"https:\/\/revistaesperanzas.com\/web\/wp-content\/uploads\/2025\/09\/CONFERENCIA-1.jpeg 1506w, https:\/\/revistaesperanzas.com\/web\/wp-content\/uploads\/2025\/09\/CONFERENCIA-1-696x416.jpeg 696w, https:\/\/revistaesperanzas.com\/web\/wp-content\/uploads\/2025\/09\/CONFERENCIA-1-1068x638.jpeg 1068w, https:\/\/revistaesperanzas.com\/web\/wp-content\/uploads\/2025\/09\/CONFERENCIA-1-703x420.jpeg 703w\" sizes=\"auto, (max-width: 540px) 100vw, 540px\" \/><\/a><\/p>\n<p style=\"font-weight: 400;\">MANUEL ZAMPAR: \u201cUN JUSTO HOMENAJE A QUIEN PUSO LA PIEDRA FUNDAMENTAL DEL SOLARI\u201d<\/p>\n<p style=\"font-weight: 400;\">El Director de Cultura, Manuel Zampar, abri\u00f3 la presentaci\u00f3n agradeciendo: \u201cGracias por compartir este momento tan grato que es para la Direcci\u00f3n de Cultura. Grato porque esta es una iniciativa que nace en esta gesti\u00f3n, en la gesti\u00f3n del doctor Mariano Hormaechea, que es reflotar algo que se hab\u00eda hecho anteriormente en la ciudad, como son los encuentros de teatro\u201d.<\/p>\n<p style=\"font-weight: 400;\">Y a\u00f1adi\u00f3: \u201cSoy un producto de esos encuentros de teatro, de los primeros que se realizaron en Goya y con orgullo estamos presentando esta 3\u00b0 Muestra Tom\u00e1s Mazzanti\u201d.<\/p>\n<p style=\"font-weight: 400;\">Explic\u00f3 tambi\u00e9n el sentido del nombre del evento: \u201cLa llamamos Tom\u00e1s Mazzanti porque fue quien plant\u00f3, puso la piedra fundamental y comenz\u00f3 con la construcci\u00f3n all\u00e1 por 1873 de lo que hoy es el Teatro Municipal Solari. Entonces creemos que es un justo homenaje. Venimos viviendo varios homenajes a Don Tom\u00e1s Mazzanti; hace muy poco tambi\u00e9n se present\u00f3 en formato libro todas sus memorias y su diario personal\u201d.<\/p>\n<p style=\"font-weight: 400;\">\u201cLito\u201d Zampar destac\u00f3 que la propuesta surgi\u00f3 de la coordinaci\u00f3n de teatro: \u201cEsta muestra es una propuesta que me hicieron en su momento quien es el Coordinador de la Escuela de Teatro, Javier Camino. Se la presentamos al intendente Mariano Hormaechea, quien inmediatamente no s\u00f3lo la acept\u00f3, sino que nos dio la orden de que nos pusi\u00e9ramos a trabajar sobre la misma. Fue creciendo, paso a paso\u201d.<\/p>\n<p style=\"font-weight: 400;\">El funcionario precis\u00f3 la magnitud de la edici\u00f3n 2024: \u201cEste a\u00f1o, entre colegios, grupos independientes, la Escuela de Teatro, la Escuela de M\u00fasica del municipio tambi\u00e9n, llegamos a la cantidad de 16 grupos que, a su vez, algunos tienen m\u00e1s de una obra que van a presentar\u201d.<a href=\"https:\/\/revistaesperanzas.com\/web\/2025\/09\/municipalidad-lanzo-la-3-muestra-de-teatro-tomas-mazzanti-en-el-teatro-municipal-solari\/conferencia-3-2\/\" rel=\"attachment wp-att-135401\"><img loading=\"lazy\" decoding=\"async\" class=\" wp-image-135401 alignright\" src=\"https:\/\/revistaesperanzas.com\/web\/wp-content\/uploads\/2025\/09\/CONFERENCIA-3.jpeg\" alt=\"\" width=\"540\" height=\"304\" srcset=\"https:\/\/revistaesperanzas.com\/web\/wp-content\/uploads\/2025\/09\/CONFERENCIA-3.jpeg 1600w, https:\/\/revistaesperanzas.com\/web\/wp-content\/uploads\/2025\/09\/CONFERENCIA-3-696x392.jpeg 696w, https:\/\/revistaesperanzas.com\/web\/wp-content\/uploads\/2025\/09\/CONFERENCIA-3-1068x601.jpeg 1068w, https:\/\/revistaesperanzas.com\/web\/wp-content\/uploads\/2025\/09\/CONFERENCIA-3-747x420.jpeg 747w\" sizes=\"auto, (max-width: 540px) 100vw, 540px\" \/><\/a><\/p>\n<p style=\"font-weight: 400;\">Asimismo, subray\u00f3: \u201cHemos tenido un salto muy importante en cuanto a la participaci\u00f3n, inclusive vamos a tener la participaci\u00f3n de un grupo de la ciudad de Mercedes. Es decir, se sigue trabajando en la difusi\u00f3n y el motivo por el cual esta muestra de teatro sigue floreciendo, con nuestro lema \u2018Cultura que Florece\u2019. As\u00ed que estamos muy contentos\u201d.<\/p>\n<p style=\"font-weight: 400;\">Finalmente, Zampar convoc\u00f3 a la comunidad: \u201cLos invitamos entonces para los d\u00edas 24, 25 y 26 para vivir esta 3\u00b0 Muestra de Teatro de Tom\u00e1s Mazzanti\u201d.<\/p>\n<p style=\"font-weight: 400;\">JAVIER CAMINO: \u201c17 INSTITUCIONES Y 3.500 ALUMNOS SER\u00c1N PARTE DE LA EXPERIENCIA TEATRAL\u201d<\/p>\n<p style=\"font-weight: 400;\">El Coordinador de la Escuela Municipal de Teatro, Javier Camino, brind\u00f3 detalles sobre la participaci\u00f3n y el sentido pedag\u00f3gico del evento.<\/p>\n<p style=\"font-weight: 400;\">Comenz\u00f3 agradeciendo: \u201cMuch\u00edsimas gracias por hacer visible el trabajo cotidiano que hacen los docentes de art\u00edstica, en este caso de teatro\u201d.<\/p>\n<p style=\"font-weight: 400;\">Sobre los objetivos, se\u00f1al\u00f3: \u201cLo que pretende esta muestra adem\u00e1s de poder encontrarnos, es visualizar el trabajo chiquito que hacen los docentes en las escuelas\u201d.<\/p>\n<p style=\"font-weight: 400;\">Javier Camino precis\u00f3: \u201c17 son las instituciones que van a participar y en su mayor\u00eda son grupos de teatro de las escuelas secundarias de nuestra ciudad\u201d.<\/p>\n<p style=\"font-weight: 400;\">Destac\u00f3 tambi\u00e9n la importancia de llegar al hist\u00f3rico Teatro goyano: \u201cPoder llegar al teatro m\u00e1s antiguo del pa\u00eds, llegar a estos teatros que uno lo encuentra impecable, gracias a su coordinador Marcelo Goitia y a todos los empleados de ese teatro, hace que el alumno de cualquier escuela pueda encontrarse y vivenciar plenamente lo que es el teatro\u201d.<\/p>\n<p style=\"font-weight: 400;\">En ese sentido, remarc\u00f3 la oportunidad \u00fanica que ofrece la muestra: \u201cTodos sabemos que no todas las escuelas tienen un escenario, una planta de luces, que cuentan con un vestuario, y aqu\u00ed el alumno puede vivenciar\u201d.<a href=\"https:\/\/revistaesperanzas.com\/web\/2025\/09\/municipalidad-lanzo-la-3-muestra-de-teatro-tomas-mazzanti-en-el-teatro-municipal-solari\/conferencia-2-2\/\" rel=\"attachment wp-att-135402\"><img loading=\"lazy\" decoding=\"async\" class=\" wp-image-135402 alignleft\" src=\"https:\/\/revistaesperanzas.com\/web\/wp-content\/uploads\/2025\/09\/CONFERENCIA-2.jpeg\" alt=\"\" width=\"540\" height=\"304\" srcset=\"https:\/\/revistaesperanzas.com\/web\/wp-content\/uploads\/2025\/09\/CONFERENCIA-2.jpeg 1600w, https:\/\/revistaesperanzas.com\/web\/wp-content\/uploads\/2025\/09\/CONFERENCIA-2-696x392.jpeg 696w, https:\/\/revistaesperanzas.com\/web\/wp-content\/uploads\/2025\/09\/CONFERENCIA-2-1068x601.jpeg 1068w, https:\/\/revistaesperanzas.com\/web\/wp-content\/uploads\/2025\/09\/CONFERENCIA-2-747x420.jpeg 747w\" sizes=\"auto, (max-width: 540px) 100vw, 540px\" \/><\/a><\/p>\n<p style=\"font-weight: 400;\">Respecto al impacto formativo, expres\u00f3: \u201cMuchos egresados de nuestras escuelas secundarias se van a Buenos Aires a estudiar arte dram\u00e1tico, y los primeros pasos me parecen como muy importante que nosotros como Estado podamos garantizar esa situaci\u00f3n\u201d.<\/p>\n<p style=\"font-weight: 400;\">En cuanto al alcance, recalc\u00f3: \u201cNo solamente con las escuelas que est\u00e1n dentro de las cuatro avenidas, sino con las escuelas rurales, porque muchos de los chicos participan como formadores de espectadores, porque quiz\u00e1s no todos act\u00faan, pero muchos vienen a ver\u201d.<\/p>\n<p style=\"font-weight: 400;\">El coordinador revel\u00f3 la magnitud de la convocatoria estudiantil: \u201cAnoche, junto a la profesora Andrea Urrutia y Maxi, que somos los que estamos a cargo de la Escuela Municipal de Teatro, cont\u00e1bamos cu\u00e1ntos lugares ten\u00edamos reservados y anoche ten\u00edamos 3.500 alumnos de diferentes escuelas de nuestra ciudad que van a venir a vivenciar esta muestra de teatro\u201d.<\/p>\n<p style=\"font-weight: 400;\">Sobre la capacidad del teatro, explic\u00f3: \u201cLas localidades son 320 por obra. Las obras son variadas: hay teatro infantil, hay teatro para adolescentes, hay un teatro para re\u00edr y hay un teatro para pensar. Cuando digo pensar son propuestas que hacen los adolescentes, como el ejemplo del noviazgo\u201d.<\/p>\n<p style=\"font-weight: 400;\">En ese sentido, enumer\u00f3 los temas que se abordar\u00e1n: \u201cHay obras que apuntan a las relaciones t\u00f3xicas, obras que hablan sobre el amor, la comunicaci\u00f3n, el uso indebido del alcohol. Tenemos la Escuela Municipal de Teatro que presenta una obra sobre la alimentaci\u00f3n de los adolescentes\u201d.<\/p>\n<p style=\"font-weight: 400;\">Asimismo, destac\u00f3 la vuelta de un grupo que hace tiempo no participa en Teatros: \u201cEsta muestra tambi\u00e9n hace volver al Vocacional Goya, un grupo de teatro que hace mucho no estaba. Al enterarse de esta muestra regresa, se junta, estuvo ensayando en el teatro\u201d.<\/p>\n<p style=\"font-weight: 400;\">Camino anunci\u00f3 la presencia de invitados especiales: \u201cTenemos la participaci\u00f3n este a\u00f1o del actor y director teatral Mauro Santamar\u00eda, que viene a compartir toda una jornada y despu\u00e9s vamos a tener una reuni\u00f3n con la gente que organiza como para poder ver c\u00f3mo podemos seguir ampliando nuestra propuesta\u201d.<\/p>\n<p style=\"font-weight: 400;\">Tambi\u00e9n resalt\u00f3 el respaldo provincial y nacional: \u201cEst\u00e1 el Instituto Nacional del Teatro, ayer su representante Jorge Fretes nos mand\u00f3 una nota de felicitaciones por este movimiento porque no pod\u00eda creer que tengamos 26 obras para presentar. Adem\u00e1s, contarles que fue declarado de inter\u00e9s cultural por el Senado de la provincia de Corrientes\u201d.<\/p>\n<p style=\"font-weight: 400;\">\u00a0Sobre el car\u00e1cter social y humano de la experiencia teatral, Javier Camino reflexion\u00f3: \u201cMuchos de los chicos, en estos d\u00edas, se han alejado de las pantallas para aprender un texto. Se han encontrado con un mate en alg\u00fan patio para ensayar esto que vienen a compartir. Y este convivir que vamos a vivir no solamente son esos 20 minutos arriba del escenario, sino todo lo que significa en un alumno, en un actor o en una actriz la responsabilidad de ser protagonista, de ser visto, de ser observado\u201d.<\/p>\n<p style=\"font-weight: 400;\">Finalmente, agradeci\u00f3 el acompa\u00f1amiento institucional: \u201cAgradezco el apoyo del municipio para estas actividades que son plenamente culturales y que alimentan el esp\u00edritu de nuestra sociedad\u201d.<\/p>\n<p style=\"font-weight: 400;\">PABLO FERN\u00c1NDEZ: \u201cLA CULTURA SE HA CONVERTIDO EN UNA POL\u00cdTICA DE ESTADO\u201d<\/p>\n<p style=\"font-weight: 400;\">El cierre estuvo a cargo del Secretario de Gobierno, Dr. Pablo Fern\u00e1ndez, quien puso en valor la decisi\u00f3n pol\u00edtica del Municipio: \u201cEs muy notorio aclarar que desde que asumi\u00f3 esta gesti\u00f3n el intendente Mariano Hormaechea, se ha convertido la cuesti\u00f3n cultural en una pol\u00edtica de Estado. En la cual nosotros hacemos mucho hincapi\u00e9, le damos mucha importancia y tratamos de apoyar al m\u00e1ximo\u201d.<\/p>\n<p style=\"font-weight: 400;\">El funcionario record\u00f3 antecedentes inmediatos: \u201cVenimos de una Feria del Libro s\u00faper exitosa, venimos de un Pintemos Goya que ha sido tambi\u00e9n exitoso, y ahora presentar esta muestra que es el tercer a\u00f1o y que viene evolucionando a\u00f1o a a\u00f1o\u201d.<\/p>\n<p style=\"font-weight: 400;\">Sobre el crecimiento de la propuesta, subray\u00f3: \u201cCreo que se empez\u00f3 con peque\u00f1as obras, con pocas participaciones siempre en el \u00e1mbito local, y hoy por hoy tenemos 16 instituciones que van a participar durante estos tres d\u00edas y que una sea del interior marca la calidad del producto que se presenta\u201d.<\/p>\n<p style=\"font-weight: 400;\">De cara al futuro, Pablo Fern\u00e1ndez asegur\u00f3: \u201cLa idea es seguir creciendo, seguir acompa\u00f1ando y apostando, y por qu\u00e9 no, para a\u00f1os venideros, tratar de incorporar otras localidades. Nosotros vamos a seguir trabajando con este tipo de actividades\u201d.<\/p>\n<p style=\"font-weight: 400;\">Finalmente, convoc\u00f3 a la sociedad: \u201cYa estamos trabajando tambi\u00e9n con el Festival de Cine y todo lo que viene de ac\u00e1 a la finalizaci\u00f3n del a\u00f1o. Invit\u00f3 a toda la sociedad, a trav\u00e9s de los medios de comunicaci\u00f3n, a participar de este evento de entrada libre y gratuita, que la verdad que es muy grato para nosotros tenerlo y vamos a seguir acompa\u00f1ando\u201d.<\/p>\n<p style=\"font-weight: 400;\">\n","protected":false},"excerpt":{"rendered":"<p>Direcci\u00f3n de Prensa \u2013\u00a0En la ma\u00f1ana del jueves 18 de septiembre, en el Sal\u00f3n de Acuerdos de la Municipalidad de Goya, se realiz\u00f3 la conferencia de prensa de lanzamiento de la 3\u00b0 Muestra de Teatro \u201cTom\u00e1s Mazzanti\u201d, que se llevar\u00e1 a cabo los d\u00edas 24, 25 y 26 de septiembre en el Teatro Municipal Solari, [&hellip;]<\/p>\n","protected":false},"author":4,"featured_media":135399,"comment_status":"closed","ping_status":"closed","sticky":false,"template":"","format":"standard","meta":{"footnotes":""},"categories":[45],"tags":[],"class_list":{"0":"post-135398","1":"post","2":"type-post","3":"status-publish","4":"format-standard","5":"has-post-thumbnail","7":"category-locales"},"_links":{"self":[{"href":"https:\/\/revistaesperanzas.com\/web\/wp-json\/wp\/v2\/posts\/135398","targetHints":{"allow":["GET"]}}],"collection":[{"href":"https:\/\/revistaesperanzas.com\/web\/wp-json\/wp\/v2\/posts"}],"about":[{"href":"https:\/\/revistaesperanzas.com\/web\/wp-json\/wp\/v2\/types\/post"}],"author":[{"embeddable":true,"href":"https:\/\/revistaesperanzas.com\/web\/wp-json\/wp\/v2\/users\/4"}],"replies":[{"embeddable":true,"href":"https:\/\/revistaesperanzas.com\/web\/wp-json\/wp\/v2\/comments?post=135398"}],"version-history":[{"count":0,"href":"https:\/\/revistaesperanzas.com\/web\/wp-json\/wp\/v2\/posts\/135398\/revisions"}],"wp:featuredmedia":[{"embeddable":true,"href":"https:\/\/revistaesperanzas.com\/web\/wp-json\/wp\/v2\/media\/135399"}],"wp:attachment":[{"href":"https:\/\/revistaesperanzas.com\/web\/wp-json\/wp\/v2\/media?parent=135398"}],"wp:term":[{"taxonomy":"category","embeddable":true,"href":"https:\/\/revistaesperanzas.com\/web\/wp-json\/wp\/v2\/categories?post=135398"},{"taxonomy":"post_tag","embeddable":true,"href":"https:\/\/revistaesperanzas.com\/web\/wp-json\/wp\/v2\/tags?post=135398"}],"curies":[{"name":"wp","href":"https:\/\/api.w.org\/{rel}","templated":true}]}}