{"id":135405,"date":"2025-09-18T20:17:30","date_gmt":"2025-09-18T23:17:30","guid":{"rendered":"https:\/\/revistaesperanzas.com\/web\/?p=135405"},"modified":"2025-09-18T20:17:31","modified_gmt":"2025-09-18T23:17:31","slug":"estudiantina-2025-3","status":"publish","type":"post","link":"https:\/\/revistaesperanzas.com\/web\/2025\/09\/estudiantina-2025-3\/","title":{"rendered":"ESTUDIANTINA 2025"},"content":{"rendered":"<p style=\"font-weight: 400;\">Direcci\u00f3n de Prensa &#8211;\u00a0La Fiesta de los estudiantes se encuentra en pleno desarrollo, con la partida de la Antorcha Ol\u00edmpica desde el frente de la Escuela T\u00e9cnica arribando al Predio Campo Amigo, dio inicio la XXXIV Estudiantina Goya.<a href=\"https:\/\/revistaesperanzas.com\/web\/2025\/09\/estudiantina-2025-3\/estudiantina-2025-inauguracion-3-1\/\" rel=\"attachment wp-att-135406\"><img loading=\"lazy\" decoding=\"async\" class=\" wp-image-135406 alignleft\" src=\"https:\/\/revistaesperanzas.com\/web\/wp-content\/uploads\/2025\/09\/estudiantina-2025-inauguracion-3-1.jpg\" alt=\"\" width=\"431\" height=\"194\" srcset=\"https:\/\/revistaesperanzas.com\/web\/wp-content\/uploads\/2025\/09\/estudiantina-2025-inauguracion-3-1.jpg 1600w, https:\/\/revistaesperanzas.com\/web\/wp-content\/uploads\/2025\/09\/estudiantina-2025-inauguracion-3-1-696x313.jpg 696w, https:\/\/revistaesperanzas.com\/web\/wp-content\/uploads\/2025\/09\/estudiantina-2025-inauguracion-3-1-1068x481.jpg 1068w, https:\/\/revistaesperanzas.com\/web\/wp-content\/uploads\/2025\/09\/estudiantina-2025-inauguracion-3-1-933x420.jpg 933w\" sizes=\"auto, (max-width: 431px) 100vw, 431px\" \/><\/a><\/p>\n<p style=\"font-weight: 400;\">De la ceremonia apertura junto a los integrantes de la Uni\u00f3n de Centros de Estudiantes Secundarios de Goya, acompa\u00f1aron los funcionarios y concejales de la Municipalidad de Goya, rectores y profesores tutores de los establecimientos educativos participantes del encuentro estudiantil.<a href=\"https:\/\/revistaesperanzas.com\/web\/2025\/09\/estudiantina-2025-3\/estudiantina-2025-inauguracion-2\/\" rel=\"attachment wp-att-135407\"><img loading=\"lazy\" decoding=\"async\" class=\"wp-image-135407 alignleft\" src=\"https:\/\/revistaesperanzas.com\/web\/wp-content\/uploads\/2025\/09\/estudiantina-2025-inauguracion-2.jpg\" alt=\"\" width=\"431\" height=\"194\" srcset=\"https:\/\/revistaesperanzas.com\/web\/wp-content\/uploads\/2025\/09\/estudiantina-2025-inauguracion-2.jpg 1600w, https:\/\/revistaesperanzas.com\/web\/wp-content\/uploads\/2025\/09\/estudiantina-2025-inauguracion-2-696x313.jpg 696w, https:\/\/revistaesperanzas.com\/web\/wp-content\/uploads\/2025\/09\/estudiantina-2025-inauguracion-2-1068x481.jpg 1068w, https:\/\/revistaesperanzas.com\/web\/wp-content\/uploads\/2025\/09\/estudiantina-2025-inauguracion-2-933x420.jpg 933w\" sizes=\"auto, (max-width: 431px) 100vw, 431px\" \/><\/a><\/p>\n<p style=\"font-weight: 400;\">Asimismo, acompa\u00f1aron a los j\u00f3venes los l\u00edderes de la Iglesia Cat\u00f3lica y la Congregaci\u00f3n Evang\u00e9lica Nueva Unci\u00f3n, Monse\u00f1or Adolfo Canecin y el Pastor Pablo Churruar\u00edn respectivamente.<\/p>\n<p style=\"font-weight: 400;\">El Concejo Deliberante Local, por medio de los ediles Sebasti\u00e1n Mazzaro y Gabriela Refojos<a href=\"https:\/\/revistaesperanzas.com\/web\/2025\/09\/estudiantina-2025-3\/estudiantina-2025-inauguracion-1\/\" rel=\"attachment wp-att-135408\"><img loading=\"lazy\" decoding=\"async\" class=\" wp-image-135408 alignleft\" src=\"https:\/\/revistaesperanzas.com\/web\/wp-content\/uploads\/2025\/09\/estudiantina-2025-inauguracion-1.jpg\" alt=\"\" width=\"431\" height=\"194\" srcset=\"https:\/\/revistaesperanzas.com\/web\/wp-content\/uploads\/2025\/09\/estudiantina-2025-inauguracion-1.jpg 1600w, https:\/\/revistaesperanzas.com\/web\/wp-content\/uploads\/2025\/09\/estudiantina-2025-inauguracion-1-696x313.jpg 696w, https:\/\/revistaesperanzas.com\/web\/wp-content\/uploads\/2025\/09\/estudiantina-2025-inauguracion-1-1068x481.jpg 1068w, https:\/\/revistaesperanzas.com\/web\/wp-content\/uploads\/2025\/09\/estudiantina-2025-inauguracion-1-933x420.jpg 933w\" sizes=\"auto, (max-width: 431px) 100vw, 431px\" \/><\/a> hicieron entrega de la correspondiente copia por la cual se ha declarado de Inter\u00e9s Municipal la Estudiantina Goya.<\/p>\n<p style=\"font-weight: 400;\">La Municipalidad adem\u00e1s del apoyo y log\u00edstica brindada a los estudiantes, estuvo presente en la ceremonia de apertura representado por la Secretaria de Educaci\u00f3n Sonia Espina, el Secretario de Desarrollo Humano Julio Canteros; los Directores de Juventud Gast\u00f3n<a href=\"https:\/\/revistaesperanzas.com\/web\/2025\/09\/estudiantina-2025-3\/estudiantina-2025-inauguracion-6\/\" rel=\"attachment wp-att-135409\"><img loading=\"lazy\" decoding=\"async\" class=\" wp-image-135409 alignleft\" src=\"https:\/\/revistaesperanzas.com\/web\/wp-content\/uploads\/2025\/09\/estudiantina-2025-inauguracion-6.jpg\" alt=\"\" width=\"431\" height=\"243\" srcset=\"https:\/\/revistaesperanzas.com\/web\/wp-content\/uploads\/2025\/09\/estudiantina-2025-inauguracion-6.jpg 1600w, https:\/\/revistaesperanzas.com\/web\/wp-content\/uploads\/2025\/09\/estudiantina-2025-inauguracion-6-696x392.jpg 696w, https:\/\/revistaesperanzas.com\/web\/wp-content\/uploads\/2025\/09\/estudiantina-2025-inauguracion-6-1068x601.jpg 1068w, https:\/\/revistaesperanzas.com\/web\/wp-content\/uploads\/2025\/09\/estudiantina-2025-inauguracion-6-747x420.jpg 747w\" sizes=\"auto, (max-width: 431px) 100vw, 431px\" \/><\/a> Espinosa, de Fortalecimiento Familiar Silvina Ramirez, de Cultura Manuel Zampar, los Concejales Sebasti\u00e1n Mazzaro y Gabriela Refojos.<\/p>\n<p style=\"font-weight: 400;\">El acto dio comienzo con el ingreso de las banderas de ceremonia de los establecimientos intervinientes, para luego entonar las estrofas del Himno Nacional Argentino.<\/p>\n<p style=\"font-weight: 400;\"><a href=\"https:\/\/revistaesperanzas.com\/web\/2025\/09\/estudiantina-2025-3\/estudiantina-2025-inauguracion-8\/\" rel=\"attachment wp-att-135410\"><img loading=\"lazy\" decoding=\"async\" class=\" wp-image-135410 alignleft\" src=\"https:\/\/revistaesperanzas.com\/web\/wp-content\/uploads\/2025\/09\/estudiantina-2025-inauguracion-8.jpg\" alt=\"\" width=\"430\" height=\"242\" srcset=\"https:\/\/revistaesperanzas.com\/web\/wp-content\/uploads\/2025\/09\/estudiantina-2025-inauguracion-8.jpg 1600w, https:\/\/revistaesperanzas.com\/web\/wp-content\/uploads\/2025\/09\/estudiantina-2025-inauguracion-8-696x392.jpg 696w, https:\/\/revistaesperanzas.com\/web\/wp-content\/uploads\/2025\/09\/estudiantina-2025-inauguracion-8-1068x601.jpg 1068w, https:\/\/revistaesperanzas.com\/web\/wp-content\/uploads\/2025\/09\/estudiantina-2025-inauguracion-8-747x420.jpg 747w\" sizes=\"auto, (max-width: 430px) 100vw, 430px\" \/><\/a>Antes del inicio de las competencias deportivas, recreativas,\u00a0\u00a0el cultural, los miembros de la UCEGS, invitaron a elevar la oraci\u00f3n para pedir la protecci\u00f3n de Dios, durante estas jornadas festivas.<\/p>\n<p style=\"font-weight: 400;\">MONSE\u00d1OR CANECIN Y PASTOR CHURRUARIN<\/p>\n<p style=\"font-weight: 400;\">El Obispo Diocesano Monse\u00f1or Adolfo Canecin, en el momento de elevar la oraci\u00f3n indic\u00f3:<a href=\"https:\/\/revistaesperanzas.com\/web\/2025\/09\/estudiantina-2025-3\/estudiantina-2025-inauguracion-9\/\" rel=\"attachment wp-att-135411\"><img loading=\"lazy\" decoding=\"async\" class=\" wp-image-135411 alignleft\" src=\"https:\/\/revistaesperanzas.com\/web\/wp-content\/uploads\/2025\/09\/estudiantina-2025-inauguracion-9.jpg\" alt=\"\" width=\"430\" height=\"242\" srcset=\"https:\/\/revistaesperanzas.com\/web\/wp-content\/uploads\/2025\/09\/estudiantina-2025-inauguracion-9.jpg 1600w, https:\/\/revistaesperanzas.com\/web\/wp-content\/uploads\/2025\/09\/estudiantina-2025-inauguracion-9-696x392.jpg 696w, https:\/\/revistaesperanzas.com\/web\/wp-content\/uploads\/2025\/09\/estudiantina-2025-inauguracion-9-1068x601.jpg 1068w, https:\/\/revistaesperanzas.com\/web\/wp-content\/uploads\/2025\/09\/estudiantina-2025-inauguracion-9-747x420.jpg 747w\" sizes=\"auto, (max-width: 430px) 100vw, 430px\" \/><\/a> \u201cjunto al hermano, el pastor Pablo (Churruarin) pediremos el don del buen tiempo, pondremos en manos de Nuestro Dios para que nos genere buen tiempo para desarrollar toda la programaci\u00f3n, por los j\u00f3venes estudiantes, invito a mi hermano Pablo para el inicio de la oraci\u00f3n.<\/p>\n<p style=\"font-weight: 400;\">\u201cEs primavera, la naturaleza nos ense\u00f1a, todo tiene su tiempo, en la lectura de la Palabra<a href=\"https:\/\/revistaesperanzas.com\/web\/2025\/09\/estudiantina-2025-3\/estudiantina-2025-inauguracion-10\/\" rel=\"attachment wp-att-135412\"><img loading=\"lazy\" decoding=\"async\" class=\" wp-image-135412 alignleft\" src=\"https:\/\/revistaesperanzas.com\/web\/wp-content\/uploads\/2025\/09\/estudiantina-2025-inauguracion-10.jpg\" alt=\"\" width=\"430\" height=\"242\" srcset=\"https:\/\/revistaesperanzas.com\/web\/wp-content\/uploads\/2025\/09\/estudiantina-2025-inauguracion-10.jpg 1600w, https:\/\/revistaesperanzas.com\/web\/wp-content\/uploads\/2025\/09\/estudiantina-2025-inauguracion-10-696x392.jpg 696w, https:\/\/revistaesperanzas.com\/web\/wp-content\/uploads\/2025\/09\/estudiantina-2025-inauguracion-10-1068x601.jpg 1068w, https:\/\/revistaesperanzas.com\/web\/wp-content\/uploads\/2025\/09\/estudiantina-2025-inauguracion-10-747x420.jpg 747w\" sizes=\"auto, (max-width: 430px) 100vw, 430px\" \/><\/a> de Dios, muestra que todo lo que hab\u00eda creado Dios, era hermoso, debemos agradecer a Dios por estar juntos, a \u00e9l como dador de la Vida, reconocer con sabidur\u00eda todo lo que tenemos para atesorar, Gracias padre Dios, padre nuestro, que este florecer de la estaci\u00f3n sea un renacer de cada estudiante, de cada profesor, todo esto que experimentaremos estos d\u00edas, por la sabidur\u00eda para saber disfrutar de la vida, del encuentro.\u201d Animo el pastor Pablo Churruar\u00edn.<a href=\"https:\/\/revistaesperanzas.com\/web\/2025\/09\/estudiantina-2025-3\/estudiantina-2025-inauguracion-4\/\" rel=\"attachment wp-att-135413\"><img loading=\"lazy\" decoding=\"async\" class=\" wp-image-135413 alignleft\" src=\"https:\/\/revistaesperanzas.com\/web\/wp-content\/uploads\/2025\/09\/estudiantina-2025-inauguracion-4.jpg\" alt=\"\" width=\"430\" height=\"242\" srcset=\"https:\/\/revistaesperanzas.com\/web\/wp-content\/uploads\/2025\/09\/estudiantina-2025-inauguracion-4.jpg 1600w, https:\/\/revistaesperanzas.com\/web\/wp-content\/uploads\/2025\/09\/estudiantina-2025-inauguracion-4-696x392.jpg 696w, https:\/\/revistaesperanzas.com\/web\/wp-content\/uploads\/2025\/09\/estudiantina-2025-inauguracion-4-1068x601.jpg 1068w, https:\/\/revistaesperanzas.com\/web\/wp-content\/uploads\/2025\/09\/estudiantina-2025-inauguracion-4-747x420.jpg 747w\" sizes=\"auto, (max-width: 430px) 100vw, 430px\" \/><\/a><\/p>\n<p style=\"font-weight: 400;\">Seguidamente Monse\u00f1or Canecin con el texto del libro de Deuteronomio invit\u00f3 a los j\u00f3venes a \u201cvivir, a celebrar la vida\u201d con el sentido de la capacidad de la libertad que nos regal\u00f3 Dios, es una tarea ardua, es la capacidad de la autodeterminaci\u00f3n por el bien, siempre el bien, hasta llegar al bien absoluto, nosotros compartiremos este encuentro, cultivemos la libertad, que nos animemos a vivir en libertad, eligiendo la Vida, es la<a href=\"https:\/\/revistaesperanzas.com\/web\/2025\/09\/estudiantina-2025-3\/estudiantina-2025-inauguracion-12\/\" rel=\"attachment wp-att-135414\"><img loading=\"lazy\" decoding=\"async\" class=\" wp-image-135414 alignleft\" src=\"https:\/\/revistaesperanzas.com\/web\/wp-content\/uploads\/2025\/09\/estudiantina-2025-inauguracion-12.jpg\" alt=\"\" width=\"430\" height=\"242\" srcset=\"https:\/\/revistaesperanzas.com\/web\/wp-content\/uploads\/2025\/09\/estudiantina-2025-inauguracion-12.jpg 1600w, https:\/\/revistaesperanzas.com\/web\/wp-content\/uploads\/2025\/09\/estudiantina-2025-inauguracion-12-696x392.jpg 696w, https:\/\/revistaesperanzas.com\/web\/wp-content\/uploads\/2025\/09\/estudiantina-2025-inauguracion-12-1068x601.jpg 1068w, https:\/\/revistaesperanzas.com\/web\/wp-content\/uploads\/2025\/09\/estudiantina-2025-inauguracion-12-747x420.jpg 747w\" sizes=\"auto, (max-width: 430px) 100vw, 430px\" \/><\/a> invitaci\u00f3n de Dios: \u201c Elige la Vida\u201d, \u00e9l nos eligi\u00f3 para la vida, en Jes\u00fas se completa la sagrada escritura, nos muestra el evangelio: \u201cVine a Traer Vida, y Vida en Abundancia\u201d, pidamos que nos regale esa gracia, desde la m\u00ednima a la m\u00e1xima expresi\u00f3n de la vida, por eso propongo a rezar juntos la oraci\u00f3n que nos dej\u00f3 el Se\u00f1or, el Padre nuestro.\u201d<\/p>\n<p style=\"font-weight: 400;\">SONIA ESPINA<a href=\"https:\/\/revistaesperanzas.com\/web\/2025\/09\/estudiantina-2025-3\/estudiantina-2025-inauguracion-5\/\" rel=\"attachment wp-att-135415\"><img loading=\"lazy\" decoding=\"async\" class=\" wp-image-135415 alignleft\" src=\"https:\/\/revistaesperanzas.com\/web\/wp-content\/uploads\/2025\/09\/estudiantina-2025-inauguracion-5.jpg\" alt=\"\" width=\"430\" height=\"242\" srcset=\"https:\/\/revistaesperanzas.com\/web\/wp-content\/uploads\/2025\/09\/estudiantina-2025-inauguracion-5.jpg 1600w, https:\/\/revistaesperanzas.com\/web\/wp-content\/uploads\/2025\/09\/estudiantina-2025-inauguracion-5-696x392.jpg 696w, https:\/\/revistaesperanzas.com\/web\/wp-content\/uploads\/2025\/09\/estudiantina-2025-inauguracion-5-1068x601.jpg 1068w, https:\/\/revistaesperanzas.com\/web\/wp-content\/uploads\/2025\/09\/estudiantina-2025-inauguracion-5-747x420.jpg 747w\" sizes=\"auto, (max-width: 430px) 100vw, 430px\" \/><\/a><\/p>\n<p style=\"font-weight: 400;\">La Secretaria de Educaci\u00f3n Sonia Espina en representaci\u00f3n de la Municipalidad, transmiti\u00f3 los saludos del Intendente Mariano Hormaechea para se\u00f1alar: \u201cFelicito a la UCEGS por el trabajo, por mantener la tradici\u00f3n de la estudiantina en Goya, por la solidaridad, perseverancia, esfuerzo, trabajo en conjunto, por la disponibilidad en cada espacio, en cada detalle, son Uds. los j\u00f3venes que nos muestran, nos ense\u00f1an a<a href=\"https:\/\/revistaesperanzas.com\/web\/2025\/09\/estudiantina-2025-3\/estudiantina-2025-inauguracion-13\/\" rel=\"attachment wp-att-135416\"><img loading=\"lazy\" decoding=\"async\" class=\" wp-image-135416 alignleft\" src=\"https:\/\/revistaesperanzas.com\/web\/wp-content\/uploads\/2025\/09\/estudiantina-2025-inauguracion-13.jpg\" alt=\"\" width=\"430\" height=\"242\" srcset=\"https:\/\/revistaesperanzas.com\/web\/wp-content\/uploads\/2025\/09\/estudiantina-2025-inauguracion-13.jpg 1600w, https:\/\/revistaesperanzas.com\/web\/wp-content\/uploads\/2025\/09\/estudiantina-2025-inauguracion-13-696x392.jpg 696w, https:\/\/revistaesperanzas.com\/web\/wp-content\/uploads\/2025\/09\/estudiantina-2025-inauguracion-13-1068x601.jpg 1068w, https:\/\/revistaesperanzas.com\/web\/wp-content\/uploads\/2025\/09\/estudiantina-2025-inauguracion-13-747x420.jpg 747w\" sizes=\"auto, (max-width: 430px) 100vw, 430px\" \/><\/a> los adultos los valores, reitero mis felicitaciones, a los estudiantes, a los rectores, a los profesores asesores, por acompa\u00f1ar a los j\u00f3venes para tomar las decisiones, para poner el valor del trabajo articulado, por eso el reconocimiento y el agradecimiento por permitirnos ayudarlo desde la Municipalidad, facilitando las herramientas necesarias para transformar la sociedad, con Uds. los j\u00f3venes el futuro desde este presente que transitan, disfruten del<a href=\"https:\/\/revistaesperanzas.com\/web\/2025\/09\/estudiantina-2025-3\/estudiantina-2025-inauguracion-11\/\" rel=\"attachment wp-att-135417\"><img loading=\"lazy\" decoding=\"async\" class=\" wp-image-135417 alignleft\" src=\"https:\/\/revistaesperanzas.com\/web\/wp-content\/uploads\/2025\/09\/estudiantina-2025-inauguracion-11.jpg\" alt=\"\" width=\"430\" height=\"242\" srcset=\"https:\/\/revistaesperanzas.com\/web\/wp-content\/uploads\/2025\/09\/estudiantina-2025-inauguracion-11.jpg 1600w, https:\/\/revistaesperanzas.com\/web\/wp-content\/uploads\/2025\/09\/estudiantina-2025-inauguracion-11-696x392.jpg 696w, https:\/\/revistaesperanzas.com\/web\/wp-content\/uploads\/2025\/09\/estudiantina-2025-inauguracion-11-1068x601.jpg 1068w, https:\/\/revistaesperanzas.com\/web\/wp-content\/uploads\/2025\/09\/estudiantina-2025-inauguracion-11-747x420.jpg 747w\" sizes=\"auto, (max-width: 430px) 100vw, 430px\" \/><\/a> espacio y que tengan un Feliz D\u00eda del Estudiante.\u201d<\/p>\n<p style=\"font-weight: 400;\">DELFINA ALEGRE<\/p>\n<p style=\"font-weight: 400;\">La presidente del Centro de Estudiantes del Instituto Santa Teresa de Jes\u00fas, Delfina Alegre, expres\u00f3: \u201cEstimados estudiantes, docentes, directivos, autoridades y quien nos acompa\u00f1e damos inicio a nuestra querida estudiantina goyana, es el acto de uni\u00f3n, fortaleza, perseverancia, que nos llama a ser transparente,<a href=\"https:\/\/revistaesperanzas.com\/web\/2025\/09\/estudiantina-2025-3\/estudiantina-2025-inauguracion-14\/\" rel=\"attachment wp-att-135418\"><img loading=\"lazy\" decoding=\"async\" class=\" wp-image-135418 alignleft\" src=\"https:\/\/revistaesperanzas.com\/web\/wp-content\/uploads\/2025\/09\/estudiantina-2025-inauguracion-14.jpg\" alt=\"\" width=\"430\" height=\"242\" srcset=\"https:\/\/revistaesperanzas.com\/web\/wp-content\/uploads\/2025\/09\/estudiantina-2025-inauguracion-14.jpg 1600w, https:\/\/revistaesperanzas.com\/web\/wp-content\/uploads\/2025\/09\/estudiantina-2025-inauguracion-14-696x392.jpg 696w, https:\/\/revistaesperanzas.com\/web\/wp-content\/uploads\/2025\/09\/estudiantina-2025-inauguracion-14-1068x601.jpg 1068w, https:\/\/revistaesperanzas.com\/web\/wp-content\/uploads\/2025\/09\/estudiantina-2025-inauguracion-14-747x420.jpg 747w\" sizes=\"auto, (max-width: 430px) 100vw, 430px\" \/><\/a> fraternos y apasionados en lo que hacemos, vivamos con alegr\u00eda y entusiasmo cada etapa de nuestras vidas, cuando nos congregamos podemos crear algo extraordinario, como expresa Francisco Garc\u00eda Jim\u00e9nez en su canci\u00f3n del estudiante. \u201cAlmas y voces juntas; manos entrelazadas; honda fe de argentinos y un mismo af\u00e1n: ansias de noble ciencia, nunca saciadas; ojos puestos en rutas del m\u00e1s all\u00e1&#8230;, palabras que grafican la actividad de la<a href=\"https:\/\/revistaesperanzas.com\/web\/2025\/09\/estudiantina-2025-3\/estudiantina-2025-inauguracion-18\/\" rel=\"attachment wp-att-135419\"><img loading=\"lazy\" decoding=\"async\" class=\" wp-image-135419 alignleft\" src=\"https:\/\/revistaesperanzas.com\/web\/wp-content\/uploads\/2025\/09\/estudiantina-2025-inauguracion-18.jpg\" alt=\"\" width=\"430\" height=\"242\" srcset=\"https:\/\/revistaesperanzas.com\/web\/wp-content\/uploads\/2025\/09\/estudiantina-2025-inauguracion-18.jpg 1600w, https:\/\/revistaesperanzas.com\/web\/wp-content\/uploads\/2025\/09\/estudiantina-2025-inauguracion-18-696x392.jpg 696w, https:\/\/revistaesperanzas.com\/web\/wp-content\/uploads\/2025\/09\/estudiantina-2025-inauguracion-18-1068x601.jpg 1068w, https:\/\/revistaesperanzas.com\/web\/wp-content\/uploads\/2025\/09\/estudiantina-2025-inauguracion-18-747x420.jpg 747w\" sizes=\"auto, (max-width: 430px) 100vw, 430px\" \/><\/a> UCEGS, siempre enarbolamos esa bandera de solidaridad, sin importar la procedencia, por eso invitamos a participar de cada competencia, fortaleciendo los lazos que \u00a0ayudan a dar la trascendencia de nuestro encuentro, queremos agradecer a las autoridades de la Municipalidad, a los bomberos, instituciones, a nuestros docentes, directivos, a nuestros compa\u00f1eros que lo hagamos con el compromiso de asumir como una fiesta que nos<a href=\"https:\/\/revistaesperanzas.com\/web\/2025\/09\/estudiantina-2025-3\/estudiantina-2025-inauguracion-17\/\" rel=\"attachment wp-att-135420\"><img loading=\"lazy\" decoding=\"async\" class=\" wp-image-135420 alignleft\" src=\"https:\/\/revistaesperanzas.com\/web\/wp-content\/uploads\/2025\/09\/estudiantina-2025-inauguracion-17.jpg\" alt=\"\" width=\"430\" height=\"242\" srcset=\"https:\/\/revistaesperanzas.com\/web\/wp-content\/uploads\/2025\/09\/estudiantina-2025-inauguracion-17.jpg 1600w, https:\/\/revistaesperanzas.com\/web\/wp-content\/uploads\/2025\/09\/estudiantina-2025-inauguracion-17-696x392.jpg 696w, https:\/\/revistaesperanzas.com\/web\/wp-content\/uploads\/2025\/09\/estudiantina-2025-inauguracion-17-1068x601.jpg 1068w, https:\/\/revistaesperanzas.com\/web\/wp-content\/uploads\/2025\/09\/estudiantina-2025-inauguracion-17-747x420.jpg 747w\" sizes=\"auto, (max-width: 430px) 100vw, 430px\" \/><\/a> trasciende a nuestro tiempo, Y echen a vuelo el nombre de estudiantes, los que lo son, los que lo fueron antes, los que, por suerte, tienen de estudiantes para toda la vida el coraz\u00f3n; gracias a disfrutar de la fiesta de los estudiantes\u2026\u201d<\/p>\n<p style=\"font-weight: 400;\">Desde hoy y hasta el s\u00e1bado el Predio \u201cCampo Amigo\u201d es el espacio de convocatoria para que los estudiantes desarrollen actividades, deportivas, recreativas, art\u00edsticas y puedan elegir a sus embajadores, reina,<a href=\"https:\/\/revistaesperanzas.com\/web\/2025\/09\/estudiantina-2025-3\/estudiantina-2025-inauguracion-15\/\" rel=\"attachment wp-att-135421\"><img loading=\"lazy\" decoding=\"async\" class=\" wp-image-135421 alignleft\" src=\"https:\/\/revistaesperanzas.com\/web\/wp-content\/uploads\/2025\/09\/estudiantina-2025-inauguracion-15.jpg\" alt=\"\" width=\"431\" height=\"243\" srcset=\"https:\/\/revistaesperanzas.com\/web\/wp-content\/uploads\/2025\/09\/estudiantina-2025-inauguracion-15.jpg 1600w, https:\/\/revistaesperanzas.com\/web\/wp-content\/uploads\/2025\/09\/estudiantina-2025-inauguracion-15-696x392.jpg 696w, https:\/\/revistaesperanzas.com\/web\/wp-content\/uploads\/2025\/09\/estudiantina-2025-inauguracion-15-1068x601.jpg 1068w, https:\/\/revistaesperanzas.com\/web\/wp-content\/uploads\/2025\/09\/estudiantina-2025-inauguracion-15-747x420.jpg 747w\" sizes=\"auto, (max-width: 431px) 100vw, 431px\" \/><\/a> rey y pr\u00edncipes en esta edici\u00f3n, vale mencionar que, durante el desarrollo del encuentro estudiantil, la Municipalidad como parte del apoyo y log\u00edstica dispuso la presencia del EMU (Equipo de emergencia municipal) con la unidad correspondiente, la ambulancia, el puesto de hidrataci\u00f3n y provisi\u00f3n de frutas, adem\u00e1s de la participaci\u00f3n espec\u00edfica en las actividades programadas desde este jueves.<a href=\"https:\/\/revistaesperanzas.com\/web\/2025\/09\/estudiantina-2025-3\/estudiantina-2025-inauguracion-16\/\" rel=\"attachment wp-att-135422\"><img loading=\"lazy\" decoding=\"async\" class=\"alignnone size-full wp-image-135422\" src=\"https:\/\/revistaesperanzas.com\/web\/wp-content\/uploads\/2025\/09\/estudiantina-2025-inauguracion-16.jpg\" alt=\"\" width=\"1600\" height=\"900\" srcset=\"https:\/\/revistaesperanzas.com\/web\/wp-content\/uploads\/2025\/09\/estudiantina-2025-inauguracion-16.jpg 1600w, https:\/\/revistaesperanzas.com\/web\/wp-content\/uploads\/2025\/09\/estudiantina-2025-inauguracion-16-696x392.jpg 696w, https:\/\/revistaesperanzas.com\/web\/wp-content\/uploads\/2025\/09\/estudiantina-2025-inauguracion-16-1068x601.jpg 1068w, https:\/\/revistaesperanzas.com\/web\/wp-content\/uploads\/2025\/09\/estudiantina-2025-inauguracion-16-747x420.jpg 747w\" sizes=\"auto, (max-width: 1600px) 100vw, 1600px\" \/><\/a><\/p>\n","protected":false},"excerpt":{"rendered":"<p>Direcci\u00f3n de Prensa &#8211;\u00a0La Fiesta de los estudiantes se encuentra en pleno desarrollo, con la partida de la Antorcha Ol\u00edmpica desde el frente de la Escuela T\u00e9cnica arribando al Predio Campo Amigo, dio inicio la XXXIV Estudiantina Goya. De la ceremonia apertura junto a los integrantes de la Uni\u00f3n de Centros de Estudiantes Secundarios de [&hellip;]<\/p>\n","protected":false},"author":4,"featured_media":135271,"comment_status":"closed","ping_status":"closed","sticky":false,"template":"","format":"standard","meta":{"footnotes":""},"categories":[45],"tags":[],"class_list":{"0":"post-135405","1":"post","2":"type-post","3":"status-publish","4":"format-standard","5":"has-post-thumbnail","7":"category-locales"},"_links":{"self":[{"href":"https:\/\/revistaesperanzas.com\/web\/wp-json\/wp\/v2\/posts\/135405","targetHints":{"allow":["GET"]}}],"collection":[{"href":"https:\/\/revistaesperanzas.com\/web\/wp-json\/wp\/v2\/posts"}],"about":[{"href":"https:\/\/revistaesperanzas.com\/web\/wp-json\/wp\/v2\/types\/post"}],"author":[{"embeddable":true,"href":"https:\/\/revistaesperanzas.com\/web\/wp-json\/wp\/v2\/users\/4"}],"replies":[{"embeddable":true,"href":"https:\/\/revistaesperanzas.com\/web\/wp-json\/wp\/v2\/comments?post=135405"}],"version-history":[{"count":0,"href":"https:\/\/revistaesperanzas.com\/web\/wp-json\/wp\/v2\/posts\/135405\/revisions"}],"wp:featuredmedia":[{"embeddable":true,"href":"https:\/\/revistaesperanzas.com\/web\/wp-json\/wp\/v2\/media\/135271"}],"wp:attachment":[{"href":"https:\/\/revistaesperanzas.com\/web\/wp-json\/wp\/v2\/media?parent=135405"}],"wp:term":[{"taxonomy":"category","embeddable":true,"href":"https:\/\/revistaesperanzas.com\/web\/wp-json\/wp\/v2\/categories?post=135405"},{"taxonomy":"post_tag","embeddable":true,"href":"https:\/\/revistaesperanzas.com\/web\/wp-json\/wp\/v2\/tags?post=135405"}],"curies":[{"name":"wp","href":"https:\/\/api.w.org\/{rel}","templated":true}]}}