{"id":135434,"date":"2025-09-18T22:19:04","date_gmt":"2025-09-19T01:19:04","guid":{"rendered":"https:\/\/revistaesperanzas.com\/web\/?p=135434"},"modified":"2025-09-18T22:19:04","modified_gmt":"2025-09-19T01:19:04","slug":"2da-ampliacion-de-gacetilla-oficial-de-prensa-departamento-relaciones-institucionales","status":"publish","type":"post","link":"https:\/\/revistaesperanzas.com\/web\/2025\/09\/2da-ampliacion-de-gacetilla-oficial-de-prensa-departamento-relaciones-institucionales\/","title":{"rendered":"2DA AMPLIACION DE GACETILLA OFICIAL DE PRENSA DEPARTAMENTO RELACIONES INSTITUCIONALES"},"content":{"rendered":"<p>POLICIA DE CORRIENTES:\u00a0 JUEVES 18 DE SEPTIEMBRE 2025<\/p>\n<p>AREA INTERIOR<\/p>\n<p>BELLA VISTA<br \/>\nEn conjunto con personal de Bromatolog\u00eda de la Municipalidad, la Polic\u00eda realiz\u00f3 controles y fiscalizaciones de carnicer\u00edas, donde secuestraron carne vacuna no aptas para consumo humano.<\/p>\n<p>En la jornada de ayer 17-09-25, efectivos policiales de la Direcci\u00f3n de Seguridad Rural y<a href=\"https:\/\/revistaesperanzas.com\/web\/2025\/09\/2da-ampliacion-de-gacetilla-oficial-de-prensa-departamento-relaciones-institucionales\/whatsapp-image-2025-09-18-at-21-05-28\/\" rel=\"attachment wp-att-135436\"><img loading=\"lazy\" decoding=\"async\" class=\" wp-image-135436 alignright\" src=\"https:\/\/revistaesperanzas.com\/web\/wp-content\/uploads\/2025\/09\/WhatsApp-Image-2025-09-18-at-21.05.28.jpeg\" alt=\"\" width=\"400\" height=\"301\" srcset=\"https:\/\/revistaesperanzas.com\/web\/wp-content\/uploads\/2025\/09\/WhatsApp-Image-2025-09-18-at-21.05.28.jpeg 1280w, https:\/\/revistaesperanzas.com\/web\/wp-content\/uploads\/2025\/09\/WhatsApp-Image-2025-09-18-at-21.05.28-80x60.jpeg 80w, https:\/\/revistaesperanzas.com\/web\/wp-content\/uploads\/2025\/09\/WhatsApp-Image-2025-09-18-at-21.05.28-265x198.jpeg 265w, https:\/\/revistaesperanzas.com\/web\/wp-content\/uploads\/2025\/09\/WhatsApp-Image-2025-09-18-at-21.05.28-696x524.jpeg 696w, https:\/\/revistaesperanzas.com\/web\/wp-content\/uploads\/2025\/09\/WhatsApp-Image-2025-09-18-at-21.05.28-1068x804.jpeg 1068w, https:\/\/revistaesperanzas.com\/web\/wp-content\/uploads\/2025\/09\/WhatsApp-Image-2025-09-18-at-21.05.28-558x420.jpeg 558w\" sizes=\"auto, (max-width: 400px) 100vw, 400px\" \/><\/a> Ecol\u00f3gica de Bella Vista, conjuntamente con personal de Bromatolog\u00eda de la municipalidad, llevaron a cabo operativos de control y fiscalizaci\u00f3n en una carnicer\u00eda de la mencionada localidad, teniendo como objetivo, el de garantizar la calidad y seguridad de los productos c\u00e1rnicos que se comercializan en la zona y prevenir la venta de carne de dudosa procedencia y asegurar que los establecimientos cumplan con las normas de higiene y manipulaci\u00f3n de alimentos.<\/p>\n<p>En este contexto, procedieron al decomiso de m\u00e1s de 25 kg. de carne vacuna, no aptas<a href=\"https:\/\/revistaesperanzas.com\/web\/2025\/09\/2da-ampliacion-de-gacetilla-oficial-de-prensa-departamento-relaciones-institucionales\/whatsapp-image-2025-09-18-at-21-05-29-1\/\" rel=\"attachment wp-att-135437\"><img loading=\"lazy\" decoding=\"async\" class=\" wp-image-135437 alignright\" src=\"https:\/\/revistaesperanzas.com\/web\/wp-content\/uploads\/2025\/09\/WhatsApp-Image-2025-09-18-at-21.05.29-1.jpeg\" alt=\"\" width=\"400\" height=\"301\" srcset=\"https:\/\/revistaesperanzas.com\/web\/wp-content\/uploads\/2025\/09\/WhatsApp-Image-2025-09-18-at-21.05.29-1.jpeg 1280w, https:\/\/revistaesperanzas.com\/web\/wp-content\/uploads\/2025\/09\/WhatsApp-Image-2025-09-18-at-21.05.29-1-80x60.jpeg 80w, https:\/\/revistaesperanzas.com\/web\/wp-content\/uploads\/2025\/09\/WhatsApp-Image-2025-09-18-at-21.05.29-1-265x198.jpeg 265w, https:\/\/revistaesperanzas.com\/web\/wp-content\/uploads\/2025\/09\/WhatsApp-Image-2025-09-18-at-21.05.29-1-696x524.jpeg 696w, https:\/\/revistaesperanzas.com\/web\/wp-content\/uploads\/2025\/09\/WhatsApp-Image-2025-09-18-at-21.05.29-1-1068x804.jpeg 1068w, https:\/\/revistaesperanzas.com\/web\/wp-content\/uploads\/2025\/09\/WhatsApp-Image-2025-09-18-at-21.05.29-1-558x420.jpeg 558w\" sizes=\"auto, (max-width: 400px) 100vw, 400px\" \/><\/a> para el consumo humano, ya que carec\u00edan de sellos bromatol\u00f3gicos y no pose\u00edan las medidas sanitarias estipuladas por las leyes y normas de salubridad.<br \/>\nCabe se\u00f1alar que, este trabajo realizado por la Polic\u00eda, permite mantener la confianza de los consumidores en la calidad de los productos que se venden en las carnicer\u00edas, haciendo constar, que este tipo de acciones de prevenci\u00f3n y contralor, se continuar\u00e1 realizando en forma peri\u00f3dica, para asegurar el cumplimiento de las normativas vigentes.<\/p>\n<p>RAPIDO Y EFICAZ TRABAJO EN CONJUNTO \u2013 SAN MIGUEL<br \/>\nLa Polic\u00eda, en relaci\u00f3n a diferentes legajos de investigaci\u00f3n judicial, diligenci\u00f3 una orden de<a href=\"https:\/\/revistaesperanzas.com\/web\/2025\/09\/2da-ampliacion-de-gacetilla-oficial-de-prensa-departamento-relaciones-institucionales\/whatsapp-image-2025-09-18-at-21-05-29\/\" rel=\"attachment wp-att-135438\"><img loading=\"lazy\" decoding=\"async\" class=\" wp-image-135438 alignright\" src=\"https:\/\/revistaesperanzas.com\/web\/wp-content\/uploads\/2025\/09\/WhatsApp-Image-2025-09-18-at-21.05.29.jpeg\" alt=\"\" width=\"400\" height=\"301\" srcset=\"https:\/\/revistaesperanzas.com\/web\/wp-content\/uploads\/2025\/09\/WhatsApp-Image-2025-09-18-at-21.05.29.jpeg 1280w, https:\/\/revistaesperanzas.com\/web\/wp-content\/uploads\/2025\/09\/WhatsApp-Image-2025-09-18-at-21.05.29-80x60.jpeg 80w, https:\/\/revistaesperanzas.com\/web\/wp-content\/uploads\/2025\/09\/WhatsApp-Image-2025-09-18-at-21.05.29-265x198.jpeg 265w, https:\/\/revistaesperanzas.com\/web\/wp-content\/uploads\/2025\/09\/WhatsApp-Image-2025-09-18-at-21.05.29-696x524.jpeg 696w, https:\/\/revistaesperanzas.com\/web\/wp-content\/uploads\/2025\/09\/WhatsApp-Image-2025-09-18-at-21.05.29-1068x804.jpeg 1068w, https:\/\/revistaesperanzas.com\/web\/wp-content\/uploads\/2025\/09\/WhatsApp-Image-2025-09-18-at-21.05.29-558x420.jpeg 558w\" sizes=\"auto, (max-width: 400px) 100vw, 400px\" \/><\/a> allanamiento y recuper\u00f3 doce equinos denunciados como sustra\u00eddos. Existe una persona a disposici\u00f3n de la justicia.<\/p>\n<p>Efectivos policiales de la Unidad Especial de Seguridad Rural y Ecol\u00f3gica de General Paz en conjunto con sus pares de la Comisaria de Distrito San Miguel, en colaboraci\u00f3n a la Unidad Fiscal Interviniente y en relaci\u00f3n a diferentes legajos de investigaci\u00f3n, diligenciaron una orden de allanamiento, donde recuperaron doce equinos que fueron denunciados como sustra\u00eddos y detuvieron a una persona.<\/p>\n<p>Luego de tomar conocimiento de il\u00edcitos ocurridos en la localidad de San Miguel, referentes<a href=\"https:\/\/revistaesperanzas.com\/web\/2025\/09\/2da-ampliacion-de-gacetilla-oficial-de-prensa-departamento-relaciones-institucionales\/whatsapp-image-2025-09-18-at-21-05-30\/\" rel=\"attachment wp-att-135439\"><img loading=\"lazy\" decoding=\"async\" class=\" wp-image-135439 alignright\" src=\"https:\/\/revistaesperanzas.com\/web\/wp-content\/uploads\/2025\/09\/WhatsApp-Image-2025-09-18-at-21.05.30.jpeg\" alt=\"\" width=\"401\" height=\"226\" srcset=\"https:\/\/revistaesperanzas.com\/web\/wp-content\/uploads\/2025\/09\/WhatsApp-Image-2025-09-18-at-21.05.30.jpeg 1070w, https:\/\/revistaesperanzas.com\/web\/wp-content\/uploads\/2025\/09\/WhatsApp-Image-2025-09-18-at-21.05.30-696x392.jpeg 696w, https:\/\/revistaesperanzas.com\/web\/wp-content\/uploads\/2025\/09\/WhatsApp-Image-2025-09-18-at-21.05.30-1068x601.jpeg 1068w, https:\/\/revistaesperanzas.com\/web\/wp-content\/uploads\/2025\/09\/WhatsApp-Image-2025-09-18-at-21.05.30-747x420.jpeg 747w\" sizes=\"auto, (max-width: 401px) 100vw, 401px\" \/><\/a> a la sustracci\u00f3n de equinos, los citados efectivos desplegaron varias tareas de b\u00fasqueda y recolecci\u00f3n de informaci\u00f3n, lo que posibilit\u00f3 diligenciar un oficio judicial en zona rural de la citada localidad, donde se recuperaron y secuestraron \u2013 cinco caballos- adem\u00e1s, procedieron a la detenci\u00f3n de un hombre \u2013 mayor de edad-.<br \/>\nPosteriormente y siguiendo la l\u00ednea investigativa, en inmediaciones de un campo, lograron hallar y recuperar siete animales m\u00e1s, los cuales hab\u00edan sido recientemente denunciados como sustra\u00eddos.<\/p>\n<p>Los equinos recuperados y el detenido, fueron puestos a disposici\u00f3n de la justicia, traslad\u00e1ndolos a la citada dependencia, donde se continuaron con los tramites de rigor.<\/p>\n<p>SANTO TOME &#8211; REFUERZAN CONTROLES<br \/>\nEn conjunto con otras fuerzas, la Polic\u00eda contin\u00faa realizando operativos de control en<a href=\"https:\/\/revistaesperanzas.com\/web\/2025\/09\/2da-ampliacion-de-gacetilla-oficial-de-prensa-departamento-relaciones-institucionales\/whatsapp-image-2025-09-18-at-21-08-01-1\/\" rel=\"attachment wp-att-135440\"><img loading=\"lazy\" decoding=\"async\" class=\" wp-image-135440 alignright\" src=\"https:\/\/revistaesperanzas.com\/web\/wp-content\/uploads\/2025\/09\/WhatsApp-Image-2025-09-18-at-21.08.01-1.jpeg\" alt=\"\" width=\"400\" height=\"300\" srcset=\"https:\/\/revistaesperanzas.com\/web\/wp-content\/uploads\/2025\/09\/WhatsApp-Image-2025-09-18-at-21.08.01-1.jpeg 1600w, https:\/\/revistaesperanzas.com\/web\/wp-content\/uploads\/2025\/09\/WhatsApp-Image-2025-09-18-at-21.08.01-1-80x60.jpeg 80w, https:\/\/revistaesperanzas.com\/web\/wp-content\/uploads\/2025\/09\/WhatsApp-Image-2025-09-18-at-21.08.01-1-265x198.jpeg 265w, https:\/\/revistaesperanzas.com\/web\/wp-content\/uploads\/2025\/09\/WhatsApp-Image-2025-09-18-at-21.08.01-1-696x522.jpeg 696w, https:\/\/revistaesperanzas.com\/web\/wp-content\/uploads\/2025\/09\/WhatsApp-Image-2025-09-18-at-21.08.01-1-1068x801.jpeg 1068w, https:\/\/revistaesperanzas.com\/web\/wp-content\/uploads\/2025\/09\/WhatsApp-Image-2025-09-18-at-21.08.01-1-560x420.jpeg 560w\" sizes=\"auto, (max-width: 400px) 100vw, 400px\" \/><\/a> diferentes puntos del Rio Uruguay.<\/p>\n<p>En el marco de trabajos de Prevenci\u00f3n y la Seguridad Integral, ordenado e impulsado por la Jefatura de Polic\u00eda, efectivos Policiales de la Unidad Especial de Seguridad Rural y Ecol\u00f3gica de Santo Tome, con el apoyo de los efectivos de la Prefectura Naval Argentina, contin\u00faan intensificando los operativos de contralor, en distintos sectores fluviales del Rio Uruguay.<\/p>\n<p>Dichos operativos, se llevaron a cabo, en zonas como Puerto Torre, Club Social, Bomba del Ejercito y otros sectores costeros, para ello se desplegaron lanchas patrulleras, recorriendo los diferentes puntos.<\/p>\n<p>Cabe se\u00f1alar que estos trabajos de contralor se realizan en reiteradas ocasiones, a fin de<a href=\"https:\/\/revistaesperanzas.com\/web\/2025\/09\/2da-ampliacion-de-gacetilla-oficial-de-prensa-departamento-relaciones-institucionales\/whatsapp-image-2025-09-18-at-21-08-01\/\" rel=\"attachment wp-att-135441\"><img loading=\"lazy\" decoding=\"async\" class=\" wp-image-135441 alignright\" src=\"https:\/\/revistaesperanzas.com\/web\/wp-content\/uploads\/2025\/09\/WhatsApp-Image-2025-09-18-at-21.08.01.jpeg\" alt=\"\" width=\"400\" height=\"300\" srcset=\"https:\/\/revistaesperanzas.com\/web\/wp-content\/uploads\/2025\/09\/WhatsApp-Image-2025-09-18-at-21.08.01.jpeg 1600w, https:\/\/revistaesperanzas.com\/web\/wp-content\/uploads\/2025\/09\/WhatsApp-Image-2025-09-18-at-21.08.01-80x60.jpeg 80w, https:\/\/revistaesperanzas.com\/web\/wp-content\/uploads\/2025\/09\/WhatsApp-Image-2025-09-18-at-21.08.01-265x198.jpeg 265w, https:\/\/revistaesperanzas.com\/web\/wp-content\/uploads\/2025\/09\/WhatsApp-Image-2025-09-18-at-21.08.01-696x522.jpeg 696w, https:\/\/revistaesperanzas.com\/web\/wp-content\/uploads\/2025\/09\/WhatsApp-Image-2025-09-18-at-21.08.01-1068x801.jpeg 1068w, https:\/\/revistaesperanzas.com\/web\/wp-content\/uploads\/2025\/09\/WhatsApp-Image-2025-09-18-at-21.08.01-560x420.jpeg 560w\" sizes=\"auto, (max-width: 400px) 100vw, 400px\" \/><\/a> brindar tranquilidad y prevenir los il\u00edcitos en campos de la ribera constantemente.<\/p>\n<p>GOYA<br \/>\nTras un r\u00e1pido accionar, la Polic\u00eda recuper\u00f3 un autom\u00f3vil recientemente denunciado como sustra\u00eddo.<\/p>\n<p>En horas de la ma\u00f1ana de hoy 18-09-25, efectivos policiales dependientes de la Comisaria de Distrito 1ra de Goya, tomaron conocimiento que un hombre habr\u00eda sido v\u00edctima de la sustracci\u00f3n de su veh\u00edculo automotor-marca Toyota Etios- luego de que el mismo estacionara en inmediaciones de Avenida Per\u00f3n al 2500 aproximadamente y en un momento dado, persona desconocida le sustrajo el rodado.<\/p>\n<p>Por tal motivo, con la premura del caso, los mencionados efectivos dieron inicio a tareas investigativas, lo que permiti\u00f3 identificar al presunto autor &#8220;alias Yaka&#8221; \u2013 mayor de edad-.<br \/>\nAsimismo, en la localidad de Santa Luc\u00eda se logr\u00f3 hallar y secuestrar el veh\u00edculo denunciado como sustra\u00eddo, el cual se encontraba abandonado por inmediaciones de calles Colon y Lavalle de dicha ciudad.<\/p>\n<p>Por tal motivo, el rodado secuestrado fue puesto a disposici\u00f3n de la justicia y trasladado hasta la citada dependencia; donde tambi\u00e9n contin\u00faan trabajando a fin de lograr la aprehensi\u00f3n del presunto autor.<\/p>\n<p>Lic. SERGIO FIDEL AGUILAR<br \/>\nComisario Mayor<br \/>\nJefe Dpto. Relaciones Institucionales<\/p>\n","protected":false},"excerpt":{"rendered":"<p>POLICIA DE CORRIENTES:\u00a0 JUEVES 18 DE SEPTIEMBRE 2025 AREA INTERIOR BELLA VISTA En conjunto con personal de Bromatolog\u00eda de la Municipalidad, la Polic\u00eda realiz\u00f3 controles y fiscalizaciones de carnicer\u00edas, donde secuestraron carne vacuna no aptas para consumo humano. En la jornada de ayer 17-09-25, efectivos policiales de la Direcci\u00f3n de Seguridad Rural y Ecol\u00f3gica de [&hellip;]<\/p>\n","protected":false},"author":4,"featured_media":135435,"comment_status":"closed","ping_status":"closed","sticky":false,"template":"","format":"standard","meta":{"footnotes":""},"categories":[58],"tags":[],"class_list":{"0":"post-135434","1":"post","2":"type-post","3":"status-publish","4":"format-standard","5":"has-post-thumbnail","7":"category-corrientes"},"_links":{"self":[{"href":"https:\/\/revistaesperanzas.com\/web\/wp-json\/wp\/v2\/posts\/135434","targetHints":{"allow":["GET"]}}],"collection":[{"href":"https:\/\/revistaesperanzas.com\/web\/wp-json\/wp\/v2\/posts"}],"about":[{"href":"https:\/\/revistaesperanzas.com\/web\/wp-json\/wp\/v2\/types\/post"}],"author":[{"embeddable":true,"href":"https:\/\/revistaesperanzas.com\/web\/wp-json\/wp\/v2\/users\/4"}],"replies":[{"embeddable":true,"href":"https:\/\/revistaesperanzas.com\/web\/wp-json\/wp\/v2\/comments?post=135434"}],"version-history":[{"count":0,"href":"https:\/\/revistaesperanzas.com\/web\/wp-json\/wp\/v2\/posts\/135434\/revisions"}],"wp:featuredmedia":[{"embeddable":true,"href":"https:\/\/revistaesperanzas.com\/web\/wp-json\/wp\/v2\/media\/135435"}],"wp:attachment":[{"href":"https:\/\/revistaesperanzas.com\/web\/wp-json\/wp\/v2\/media?parent=135434"}],"wp:term":[{"taxonomy":"category","embeddable":true,"href":"https:\/\/revistaesperanzas.com\/web\/wp-json\/wp\/v2\/categories?post=135434"},{"taxonomy":"post_tag","embeddable":true,"href":"https:\/\/revistaesperanzas.com\/web\/wp-json\/wp\/v2\/tags?post=135434"}],"curies":[{"name":"wp","href":"https:\/\/api.w.org\/{rel}","templated":true}]}}