{"id":138736,"date":"2025-10-27T21:03:46","date_gmt":"2025-10-28T00:03:46","guid":{"rendered":"https:\/\/revistaesperanzas.com\/web\/?p=138736"},"modified":"2025-10-27T21:03:46","modified_gmt":"2025-10-28T00:03:46","slug":"exposicion-pictorica-hacer-visible","status":"publish","type":"post","link":"https:\/\/revistaesperanzas.com\/web\/2025\/10\/exposicion-pictorica-hacer-visible\/","title":{"rendered":"EXPOSICI\u00d3N PICT\u00d3RICA \u201cHACER VISIBLE\u201d"},"content":{"rendered":"<p style=\"font-weight: 400;\">Con el auspicio de la Municipalidad de Goya desde la Secretar\u00eda de Gobierno, por medio de la Direcci\u00f3n de Cultura, el mi\u00e9rcoles 29 a las 20 horas quedar\u00e1 inaugurada la muestra pict\u00f3rica \u201cHacer Visible\u201d.<\/p>\n<p style=\"font-weight: 400;\">La misma pertenece a la artista pl\u00e1stica Cecilia Alonso y comprende una colecci\u00f3n de obras donde se ven reflejadas ciertas personas de la ciudad que destacan por su peculiaridad en el paisaje urbano, y a la vez son o han sido invisibilizadas por la sociedad.<\/p>\n","protected":false},"excerpt":{"rendered":"<p>Con el auspicio de la Municipalidad de Goya desde la Secretar\u00eda de Gobierno, por medio de la Direcci\u00f3n de Cultura, el mi\u00e9rcoles 29 a las 20 horas quedar\u00e1 inaugurada la muestra pict\u00f3rica \u201cHacer Visible\u201d. La misma pertenece a la artista pl\u00e1stica Cecilia Alonso y comprende una colecci\u00f3n de obras donde se ven reflejadas ciertas personas [&hellip;]<\/p>\n","protected":false},"author":4,"featured_media":138737,"comment_status":"closed","ping_status":"closed","sticky":false,"template":"","format":"standard","meta":{"footnotes":""},"categories":[45],"tags":[],"class_list":{"0":"post-138736","1":"post","2":"type-post","3":"status-publish","4":"format-standard","5":"has-post-thumbnail","7":"category-locales"},"_links":{"self":[{"href":"https:\/\/revistaesperanzas.com\/web\/wp-json\/wp\/v2\/posts\/138736","targetHints":{"allow":["GET"]}}],"collection":[{"href":"https:\/\/revistaesperanzas.com\/web\/wp-json\/wp\/v2\/posts"}],"about":[{"href":"https:\/\/revistaesperanzas.com\/web\/wp-json\/wp\/v2\/types\/post"}],"author":[{"embeddable":true,"href":"https:\/\/revistaesperanzas.com\/web\/wp-json\/wp\/v2\/users\/4"}],"replies":[{"embeddable":true,"href":"https:\/\/revistaesperanzas.com\/web\/wp-json\/wp\/v2\/comments?post=138736"}],"version-history":[{"count":0,"href":"https:\/\/revistaesperanzas.com\/web\/wp-json\/wp\/v2\/posts\/138736\/revisions"}],"wp:featuredmedia":[{"embeddable":true,"href":"https:\/\/revistaesperanzas.com\/web\/wp-json\/wp\/v2\/media\/138737"}],"wp:attachment":[{"href":"https:\/\/revistaesperanzas.com\/web\/wp-json\/wp\/v2\/media?parent=138736"}],"wp:term":[{"taxonomy":"category","embeddable":true,"href":"https:\/\/revistaesperanzas.com\/web\/wp-json\/wp\/v2\/categories?post=138736"},{"taxonomy":"post_tag","embeddable":true,"href":"https:\/\/revistaesperanzas.com\/web\/wp-json\/wp\/v2\/tags?post=138736"}],"curies":[{"name":"wp","href":"https:\/\/api.w.org\/{rel}","templated":true}]}}